{"id":3480,"date":"2019-03-12T18:51:53","date_gmt":"2019-03-12T18:51:53","guid":{"rendered":"https:\/\/redsemlac.com\/semmexico\/?p=3480"},"modified":"2023-07-21T14:47:47","modified_gmt":"2023-07-21T19:47:47","slug":"podria-ser-electa-entre-yasmin-esquivel-mossa-celia-maya-garcia-y-loretta-ortiz-ahlf","status":"publish","type":"post","link":"https:\/\/redsemlac.com\/semmexico\/podria-ser-electa-entre-yasmin-esquivel-mossa-celia-maya-garcia-y-loretta-ortiz-ahlf\/","title":{"rendered":"Podr\u00eda ser electa entre Yasm\u00edn Esquivel Mossa, Celia Maya Garc\u00eda y Loretta Ort\u00edz Ahlf."},"content":{"rendered":"\n<p class=\"wp-block-paragraph\"><a href=\"https:\/\/www.semmexico.com\/gallery-post.php?id=7543#\">Redacci\u00f3n<\/a><\/p>\n\n\n\n<p class=\"wp-block-paragraph\">SemM\u00e9xico, Cd. de M\u00e9xico, 12 marzo 2019.- La terna presentada por el titular del Ejecutivo Federal, para cubrir la vacante de la ministra Margarita Beatriz Luna Ramos en la Suprema Corte de Justicia de la Naci\u00f3n (SCJN) fue aprobada por el Pleno del Senado de la Rep\u00fablica, en votaci\u00f3n nominal -83 en pro, 37 en contra y cero abstenciones- el dictamen de la Comisi\u00f3n de Justicia.<\/p>\n\n\n\n<p class=\"wp-block-paragraph\">De esta forma se determina la elegibilidad de las integrantes de la terna: Yasm\u00edn Esquivel Mossa, Celia Maya Garc\u00eda y Loretta Ort\u00edz Ahlf, quienes de acuerdo con la Comisi\u00f3n mencionada re\u00fanen los requisitos constitucionales para ocupar el cargo de ministra y, por ende, son elegibles para cubrir la vacante.<br><br>El senador Ram\u00f3n Menchaca, presidente de la Comisi\u00f3n de Justicia, present\u00f3 el dictamen al Pleno y se\u00f1al\u00f3 que las tres candidatas son mujeres valiosas con una gran trayectoria acad\u00e9mica y profesional. Subray\u00f3, adem\u00e1s, que es una gran oportunidad para que la SCJN avance en la equidad de g\u00e9nero.<br><br>Al iniciar la ronda de posicionamientos de Grupos Parlamentarios, Renata Romo, del PES, se congratul\u00f3 porque la terna est\u00e9 conformada s\u00f3lo por mujeres. El desarrollo democr\u00e1tico de M\u00e9xico, coment\u00f3, requiere de un Poder Judicial y una SCJN aut\u00f3noma e independiente.<br><br>Eduardo Murat Hinojosa, del PVEM, respald\u00f3 la terna enviada por el titular Ejecutivo Federa y asegur\u00f3 que la persona que ocupe la vacante requiere de una pr\u00e1ctica jur\u00eddica apegada al Estado de Derecho y de absoluto respeto a los derechos humanos.<br><br>A su vez, el senador Miguel \u00c1ngel Mancera, del PRD, se\u00f1al\u00f3 que su Grupo Parlamentario acompa\u00f1ar\u00e1 la propuesta de idoneidad de las aspirantes, y precis\u00f3 que no hay una l\u00ednea para la votaci\u00f3n en la elecci\u00f3n de la ministra.<br><br>Por parte del PT, la senadora Geovanna del Carmen Ba\u00f1uelos destac\u00f3: estamos confiados en que la persona que elijamos como ministra de la Suprema Corte de Justica har\u00e1 un destacado papel y actuar\u00e1 con imparcialidad, y apeg\u00e1ndose al Estado de derecho. \u201cEstamos conscientes del reto que implica la construcci\u00f3n de instituciones s\u00f3lidas y comprometidas con la Patria. Por eso acompa\u00f1amos, de manera decidida, este dictamen y habremos de participar con absoluta responsabilidad en la designaci\u00f3n\u201d indic\u00f3.<br><br>Al ratificar el dictamen, el senador de Movimiento Ciudadano, Dante Delgado, reconoci\u00f3 el trabajo de la Comisi\u00f3n de Justica y afirm\u00f3 que la elegibilidad es el primer requisito para cumplir con el mandato constitucional.&nbsp;<br><br>La senadora Claudia Edith Anaya Mota, del PRI, asegur\u00f3 que desde septiembre de 2018 el Poder Legislativo se ha subordinado al Ejecutivo, y denunci\u00f3 que durante el proceso de elegibilidad de la terna en la Comisi\u00f3n de Justicia, aparecieron documentos firmados por legisladores ausentes en la aprobaci\u00f3n del dictamen correspondiente. Ante ello, adelant\u00f3 el voto en contra de los integrantes de su Grupo Parlamentario.<br><br>A su vez, el senador Dami\u00e1n Zepeda Vidales, del PAN, manifest\u00f3 el rechazo total de su bancada a las tres aspirantes a ministra de la Suprema Corte, porque tienen conflicto de intereses al ser militantes partidistas y colaboradoras del titular del Ejecutivo Federal, por lo que propuso desechar la terna, y evitar que el Senado \u201csea oficial\u00eda de partes\u201d, y garantice la autonom\u00eda del Poder Judicial.<br><br>Por Morena, Luc\u00eda Trasvi\u00f1a Woldenrath, se\u00f1al\u00f3 que los perfiles de las candidatas son probados y reconocidos en el \u00e1mbito acad\u00e9mico jur\u00eddico. Se tiene la oportunidad de no generar violencia pol\u00edtica contra ellas, destac\u00f3. Por convicci\u00f3n y como conocedoras del derecho, agreg\u00f3, cualquiera de ellas garantiza autonom\u00eda en su toma de decisiones.<br><br>En la discusi\u00f3n en lo general, los senadores Gustavo Madero, del PAN, y Emilio \u00c1lvarez Icaza, sin partido, negaron su respaldo a las candidatas al considerar que tienen una da\u00f1ina cercan\u00eda con el Presidente de la Rep\u00fablica y su partido. Ellas no cumplen la idoneidad en t\u00e9rminos de independencia y autonom\u00eda para ejercer el cargo, se\u00f1alaron.<br><br>En favor de la terna, los senadores Ricardo Monreal, \u00d3scar Ram\u00edrez y F\u00e9lix Salgado, de Morena, afirmaron que las aspirantes tienen los m\u00e9ritos necesarios y cumplen con el perfil requerido. Manifestaron que el rechazo parece m\u00e1s bien una estrategia pol\u00edtica de descalificaci\u00f3n.<\/p>\n\n\n\n<p class=\"wp-block-paragraph\">SEM\/sj<br><\/p>\n","protected":false},"excerpt":{"rendered":"<p>Redacci\u00f3n SemM\u00e9xico, Cd. de M\u00e9xico, 12 marzo 2019.- La terna presentada por el titular del Ejecutivo Federal, para cubrir la vacante de la ministra Margarita Beatriz Luna Ramos en la Suprema Corte de Justicia de la Naci\u00f3n (SCJN) fue aprobada por el Pleno del Senado de la Rep\u00fablica, en votaci\u00f3n nominal -83 en pro, 37 [&hellip;]<\/p>\n","protected":false},"author":3,"featured_media":3482,"comment_status":"open","ping_status":"open","sticky":false,"template":"","format":"standard","meta":{"_monsterinsights_skip_tracking":false,"footnotes":""},"categories":[690,50],"tags":[],"class_list":["post-3480","post","type-post","status-publish","format-standard","has-post-thumbnail","category-690","category-congreso"],"_links":{"self":[{"href":"https:\/\/redsemlac.com\/semmexico\/wp-json\/wp\/v2\/posts\/3480","targetHints":{"allow":["GET"]}}],"collection":[{"href":"https:\/\/redsemlac.com\/semmexico\/wp-json\/wp\/v2\/posts"}],"about":[{"href":"https:\/\/redsemlac.com\/semmexico\/wp-json\/wp\/v2\/types\/post"}],"author":[{"embeddable":true,"href":"https:\/\/redsemlac.com\/semmexico\/wp-json\/wp\/v2\/users\/3"}],"replies":[{"embeddable":true,"href":"https:\/\/redsemlac.com\/semmexico\/wp-json\/wp\/v2\/comments?post=3480"}],"version-history":[{"count":0,"href":"https:\/\/redsemlac.com\/semmexico\/wp-json\/wp\/v2\/posts\/3480\/revisions"}],"wp:featuredmedia":[{"embeddable":true,"href":"https:\/\/redsemlac.com\/semmexico\/wp-json\/wp\/v2\/media\/3482"}],"wp:attachment":[{"href":"https:\/\/redsemlac.com\/semmexico\/wp-json\/wp\/v2\/media?parent=3480"}],"wp:term":[{"taxonomy":"category","embeddable":true,"href":"https:\/\/redsemlac.com\/semmexico\/wp-json\/wp\/v2\/categories?post=3480"},{"taxonomy":"post_tag","embeddable":true,"href":"https:\/\/redsemlac.com\/semmexico\/wp-json\/wp\/v2\/tags?post=3480"}],"curies":[{"name":"wp","href":"https:\/\/api.w.org\/{rel}","templated":true}]}}