{"id":34782,"date":"2021-04-27T13:25:16","date_gmt":"2021-04-27T19:25:16","guid":{"rendered":"https:\/\/redsemlac.com\/semmexico\/?p=34782"},"modified":"2023-07-21T16:59:27","modified_gmt":"2023-07-21T21:59:27","slug":"las-redes-el-escarnio-de-los-violentos","status":"publish","type":"post","link":"https:\/\/redsemlac.com\/semmexico\/las-redes-el-escarnio-de-los-violentos\/","title":{"rendered":"Las redes, el escarnio de los violentos"},"content":{"rendered":"\n<h2 class=\"wp-block-heading\"><strong>&nbsp;Textura Violeta<\/strong><strong><\/strong><\/h2>\n\n\n\n<p class=\"wp-block-paragraph\"><strong>Por Drina Ergueta<\/strong><strong><\/strong><\/p>\n\n\n\n<p class=\"wp-block-paragraph\">SemM\u00e9xico, La Paz-Bolivia, 27 de abril de 2021.- Si hasta hace nada los feminicidas, los violadores y abusivos de \u201cfamilia bien\u201d, con contactos, recursos econ\u00f3micos suficientes para solventar silencios y miradas hacia otra parte, ten\u00edan la impunidad asegurada, hoy, gracias a las redes sociales, la solidez de su posici\u00f3n y su confianza en la sociedad boliviana que les amparaba est\u00e1 puesta en duda.<\/p>\n\n\n\n<p class=\"wp-block-paragraph\">En las \u00faltimas semanas, en Bolivia se han conocido varios casos de denuncias que se han hecho a trav\u00e9s de las redes sociales, fundamentalmente en Facebook, cuya viralizaci\u00f3n ha logrado saltar a los medios de comunicaci\u00f3n y, principalmente, han obligado a las autoridades a actuar.<\/p>\n\n\n\n<p class=\"wp-block-paragraph\">Desde hace unos meses que, en el perfil comunitario \u201cEl Confesionario de la UCB\u201d, alumnas de la Universidad Cat\u00f3lica de Bolivia han ido denunciando casos de violaciones de parte de compa\u00f1eros universitarios y tambi\u00e9n los abusos de alg\u00fan profesor. Las denuncias suman y siguen y llegan a casi 200. La contundencia y la avalancha de las primeras han provocado revuelo y la detenci\u00f3n y enjuiciamiento de al menos uno de los acusados.<\/p>\n\n\n\n<p class=\"wp-block-paragraph\">Hace un mes aproximadamente, una mujer relacionada con el mundo de la cultura y el feminismo denunci\u00f3 por las redes que fue violada en su casa por dos amigos de su c\u00edrculo. La manera tan valiente de contar su violaci\u00f3n tambi\u00e9n provoc\u00f3 una corriente de apoyos y \u00e9stos impulsaron que la justicia actuara para detener y procesar a los acusados.<\/p>\n\n\n\n<p class=\"wp-block-paragraph\">Un tercer y \u00faltimo ejemplo es el caso de un m\u00e9dico cruce\u00f1o que hoy est\u00e1 preso porque en las redes sociales se difundi\u00f3 la denuncia de que golpeaba a su hijastro, que tambi\u00e9n hab\u00eda sido violento con su mujer y que maltrataba groseramente a sus empleados. En medio de un verdadero show medi\u00e1tico este m\u00e9dico acab\u00f3 en la c\u00e1rcel de Palmasola a la espera de juicio.<\/p>\n\n\n\n<p class=\"wp-block-paragraph\">Todos estos casos muestran la celeridad con que la justicia puede intervenir si quiere. Cosa poco com\u00fan, ya que las mujeres que sufren las distintas violencias normalmente deben peregrinar de un lado al otro en busca de justicia, siendo revictimizadas una y otra vez y muchas veces acaban siendo el n\u00famero estad\u00edstico de un nuevo feminicidio. Los abusos a ni\u00f1os y ni\u00f1as tienen un silencio atronador.<\/p>\n\n\n\n<p class=\"wp-block-paragraph\">Las redes sociales se han convertido, pues, en una herramienta eficaz para denunciar y lograr la atenci\u00f3n de la justicia. Romper con la verg\u00fcenza de dar la cara y el nombre, y poner el cuerpo al denunciar p\u00fablicamente es muy dif\u00edcil y, al parecer, las redes ayudan, m\u00e1s cuando por esa v\u00eda llegan apoyos y finalmente se quiebra esa muralla de tr\u00e1mites de la v\u00eda convencional; sin embargo, esto no sirve para todos los casos.<\/p>\n\n\n\n<p class=\"wp-block-paragraph\">El peso de las redes sociales es clasista y tiene efecto cuando se trata de personas relacionadas con un estatus medio y alto y, tambi\u00e9n, con los medios de comunicaci\u00f3n. De hecho, en las redes hay cientos de denuncias de violencias que pasan desapercibidas, que no se hacen virales, porque ni la v\u00edctima ni el agresor son de ciertos c\u00edrculos.<\/p>\n\n\n\n<p class=\"wp-block-paragraph\">Esto tiene el lado, digamos, positivo en sentido de que esta vez el poderoso es m\u00e1s vulnerable. En las redes sociales un violento corre mayor riesgo en la misma proporci\u00f3n que su poder social, cosa que por la v\u00eda habitual quien tiene buena posici\u00f3n tambi\u00e9n tiene todo el aparato judicial patriarcal a su favor, m\u00e1s si es corrupto. El lado negativo es que \u201clas nadies\u201d seguir\u00e1n ignoradas.<\/p>\n\n\n\n<p class=\"wp-block-paragraph\">Por supuesto que siempre hay la posibilidad de que la denuncia p\u00fablica en las redes afecte a alguien inocente y que quede se\u00f1alado de por vida en internet, o que cueste recuperar su buen nombre; sin embargo, generalmente las mujeres que acusan tambi\u00e9n reciben un ataque a su honor por estas v\u00edas, por ello lo importante es la reacci\u00f3n de la justicia.<\/p>\n\n\n\n<p class=\"wp-block-paragraph\">En un contexto en el que la justicia, como hasta ahora, no hace su trabajo, todo acto que se haga al margen de los conductos habituales no son m\u00e1s que una se\u00f1al de que precisamente es urgente que el aparato judicial funcione bien. Es la respuesta para frenar las violencias y con ello las denuncias no ser\u00e1n necesarias, menos las v\u00edas que no est\u00e1n normadas.<\/p>\n","protected":false},"excerpt":{"rendered":"<p>Si hasta hace nada los feminicidas, los violadores y abusivos de \u201cfamilia bien\u201d, con contactos, recursos econ\u00f3micos suficientes para solventar silencios y miradas <\/p>\n","protected":false},"author":3,"featured_media":8467,"comment_status":"open","ping_status":"open","sticky":false,"template":"","format":"standard","meta":{"_monsterinsights_skip_tracking":false,"footnotes":""},"categories":[692,77,35,102],"tags":[],"class_list":["post-34782","post","type-post","status-publish","format-standard","has-post-thumbnail","category-692","category-drina-ergueta","category-opinion","category-textura-violeta"],"_links":{"self":[{"href":"https:\/\/redsemlac.com\/semmexico\/wp-json\/wp\/v2\/posts\/34782","targetHints":{"allow":["GET"]}}],"collection":[{"href":"https:\/\/redsemlac.com\/semmexico\/wp-json\/wp\/v2\/posts"}],"about":[{"href":"https:\/\/redsemlac.com\/semmexico\/wp-json\/wp\/v2\/types\/post"}],"author":[{"embeddable":true,"href":"https:\/\/redsemlac.com\/semmexico\/wp-json\/wp\/v2\/users\/3"}],"replies":[{"embeddable":true,"href":"https:\/\/redsemlac.com\/semmexico\/wp-json\/wp\/v2\/comments?post=34782"}],"version-history":[{"count":0,"href":"https:\/\/redsemlac.com\/semmexico\/wp-json\/wp\/v2\/posts\/34782\/revisions"}],"wp:featuredmedia":[{"embeddable":true,"href":"https:\/\/redsemlac.com\/semmexico\/wp-json\/wp\/v2\/media\/8467"}],"wp:attachment":[{"href":"https:\/\/redsemlac.com\/semmexico\/wp-json\/wp\/v2\/media?parent=34782"}],"wp:term":[{"taxonomy":"category","embeddable":true,"href":"https:\/\/redsemlac.com\/semmexico\/wp-json\/wp\/v2\/categories?post=34782"},{"taxonomy":"post_tag","embeddable":true,"href":"https:\/\/redsemlac.com\/semmexico\/wp-json\/wp\/v2\/tags?post=34782"}],"curies":[{"name":"wp","href":"https:\/\/api.w.org\/{rel}","templated":true}]}}