{"id":34780,"date":"2021-04-27T13:23:28","date_gmt":"2021-04-27T19:23:28","guid":{"rendered":"https:\/\/redsemlac.com\/semmexico\/?p=34780"},"modified":"2023-07-21T16:59:27","modified_gmt":"2023-07-21T21:59:27","slug":"el-cuentacuentos-y-la-ley","status":"publish","type":"post","link":"https:\/\/redsemlac.com\/semmexico\/el-cuentacuentos-y-la-ley\/","title":{"rendered":"El cuentacuentos y la ley"},"content":{"rendered":"\n<h2 class=\"wp-block-heading\"><strong>ENTRESEMANA<\/strong><\/h2>\n\n\n\n<p class=\"wp-block-paragraph\"><strong>Mois\u00e9s S\u00e1nchez Lim\u00f3n<\/strong><\/p>\n\n\n\n<p class=\"wp-block-paragraph\">SemM\u00e9xico, Cd. de M\u00e9xico, 27 de abril, 2021.- Sin relevo al bate en la sesi\u00f3n de preguntas, en la ma\u00f1anera del \u00faltimo lunes de abril, el sedicente periodista que pretendi\u00f3 erigirse fil\u00e1ntropo de su pueblo, cumpli\u00f3 el cometido de la fila mercenaria y dio pauta para que el licenciado L\u00f3pez Obrador evadiera la veda electoral.<\/p>\n\n\n\n<p class=\"wp-block-paragraph\">\u201cHable usted, licenciado, responda y hable porque la pregunta es m\u00eda\u201d, pareci\u00f3 ese arrojo de supuesta interrogante seria y fundamentada para que Su Alteza Seren\u00edsima se sirviera con la cuchara grande y metiera en camisa de fuerza a los once ministros y ministras integrantes de la Suprema Corte de Justicia de la Naci\u00f3n. Otro cap\u00edtulo del cuentacuentos que le tuerce el brazo a la ley porque as\u00ed lo dicta la 4T.<\/p>\n\n\n\n<p class=\"wp-block-paragraph\">Pero, bueno, en realidad ser\u00edan diez ministros, porque el ministro presidente debe excusarse de conocer la acci\u00f3n de inconstitucionalidad del 13 transitorio, cuando \u00e9sta sea discutida, porque le implica en la ampliaci\u00f3n de su mandato.<\/p>\n\n\n\n<p class=\"wp-block-paragraph\">Ma\u00f1anera de lunes y el mercenario abre el espacio para que, del ronco pecho que no es bodega de Su Alteza Seren\u00edsima se conozca el bando que implica concretar su decisi\u00f3n de que el Poder Judicial de la Federaci\u00f3n se someta a su dictado. \u00a1Faltaba m\u00e1s! &nbsp;&nbsp;<\/p>\n\n\n\n<p class=\"wp-block-paragraph\">\u201cEn d\u00edas recientes \u2013expuso el remedo de fil\u00e1ntropo&#8211; se caus\u00f3 un revuelo a nivel nacional por parte de los partidos pol\u00edticos de la oposici\u00f3n y por supuesto tambi\u00e9n de los intelectuales&nbsp;<strong>con respecto al aplazamiento del ministro Arturo Zald\u00edvar al frente de la Corte hasta el 2024 y no en el 22<\/strong>, justo cuando usted termina su administraci\u00f3n\u201d.<\/p>\n\n\n\n<p class=\"wp-block-paragraph\">Margen aparte de descalificar a integrantes del Poder Judicial, este personaje de la picaresca de Palacio, una especie de telonero para la presentaci\u00f3n del cuentacuentos que dicta l\u00ednea, descalifica, insulta, estigmatiza, da c\u00e1tedra de historia patria y hasta del catecismo y exorciza a los demonios del neoliberalismo y los conservadores, pregunt\u00f3:<\/p>\n\n\n\n<p class=\"wp-block-paragraph\">\u201c(\u2026) Presidente, en caso de que los integrantes de la Corte no avalen dos a\u00f1os m\u00e1s del ministro Arturo Zald\u00edvar al frente de la misma, \u00bfellos no estar\u00edan convirti\u00e9ndose en c\u00f3mplices de la corrupci\u00f3n que tanto queremos erradicar de M\u00e9xico? Y, \u00a1sopas!, que el licenciado Andr\u00e9s Manuel emplaza a los ministros; aunque son\u00f3 a amenaza. Lea usted:<\/p>\n\n\n\n<p class=\"wp-block-paragraph\"><strong>\u201c<\/strong>S\u00ed, yo creo que conscientes o inconscientemente, por el coraje que les produce la transformaci\u00f3n que se est\u00e1 llevando a cabo en el pa\u00eds, pues apoyan al r\u00e9gimen de corrupci\u00f3n, porque en este caso lo que se aprob\u00f3 fueron leyes para reformar al Poder Judicial y se consider\u00f3 de que estas reformas se llevar\u00edan a cabo siempre y cuando el presidente de la Suprema Corte y el presidente a la vez -es la misma persona- del Consejo de la Judicatura fuese una gente honorable, \u00edntegra, que no perteneciera a los mismos grupos de poder econ\u00f3mico y pol\u00edtico que llevaron a la ruina al pa\u00eds, a la decadencia, los que avalaron la corrupci\u00f3n.&nbsp;<\/p>\n\n\n\n<p class=\"wp-block-paragraph\">\u201cEntonces, imag\u00ednense, se hacen reformas y el encargado de conducir el proceso de transformaci\u00f3n del Poder Judicial es un personaje del partido conservador del antiguo r\u00e9gimen, caracterizado por el servilismo en favor de los grupos de intereses creados, sobre todo del poder econ\u00f3mico, que nunca se preocupan por el pueblo y a favor de la corrupci\u00f3n. \u00bfPues de qu\u00e9 sirve que se lleve a cabo una reforma as\u00ed?, pues es letra muerta\u201d.<\/p>\n\n\n\n<p class=\"wp-block-paragraph\">O sea, \u00bfno?, si no es el ministro Zald\u00edvar Lelo de Larrea nadie m\u00e1s.<\/p>\n\n\n\n<p class=\"wp-block-paragraph\">\u00bfCree Su Alteza Seren\u00edsima que los mexicanos integran una masa \u00f1o\u00f1a que acepta explicaciones pueriles con una insultante postura que le tuerce el brazo a la m\u00e1xima ley de leyes, que es la Constituci\u00f3n General de la Rep\u00fablica?<\/p>\n\n\n\n<p class=\"wp-block-paragraph\">Pues s\u00ed, lamentablemente la convicci\u00f3n del inquilino del austero Palacio Nacional es que los mexicanos todos, salvo un margen de conservadores y neoliberales de la mano de intelectuales que a\u00f1oran los tiempos de las vacas gordas, creen a pie juntillas en sus decisiones y sue\u00f1os de un pa\u00eds desmantelado.<\/p>\n\n\n\n<p class=\"wp-block-paragraph\">Bueno, qu\u00e9 le digo, ah\u00ed tiene usted a<strong>&nbsp;Mois\u00e9s Ignacio Mier Velazco, coordinador de la bancada de Morena en el Palacio Legislativo de San L\u00e1zaro y presidente de la Junta de Coordinaci\u00f3n Pol\u00edtica de la C\u00e1mara de Diputados<\/strong>.<\/p>\n\n\n\n<p class=\"wp-block-paragraph\">Mire usted, don Nacho lleg\u00f3 de emergente de Mario Delgado, como la inmensa mayor\u00eda de cuadros dirigentes de Morena tiene en su ADN al PRI.<\/p>\n\n\n\n<p class=\"wp-block-paragraph\">Resulta que, la madrugada del jueves pasado, cuando se discut\u00eda el famoso 13 transitorio que ampl\u00eda dos a\u00f1os la gesti\u00f3n del ministro Zald\u00edvar Lelo de Larrea, la diputada presidenta Dulce Mar\u00eda Sauri Riancho dio una discreta lecci\u00f3n de pol\u00edtica con el ejemplo franc\u00e9s del Contrato Social&nbsp; y el poblano Mier Velazco no quiso quedarse atr\u00e1s, pero\u2026<\/p>\n\n\n\n<p class=\"wp-block-paragraph\">\u201c(\u2026) Cit\u00f3 un coordinador ac\u00e1 que cualquier alumno de primer a\u00f1o de derecho sabe lo que es el apego a la ley. Quiero decirle a ese acad\u00e9mico que entre derecho y justicia, un transformador, un liberador, un revolucionario, opta por la justicia.<\/p>\n\n\n\n<p class=\"wp-block-paragraph\">\u201c\u00a1Claro!, la supremac\u00eda entre derecho y justicia depende de un pensamiento pol\u00edtico-ideol\u00f3gico. El conservadurismo opta por el derecho. El liberador, y somos parte de un movimiento liberador, opta por la justicia, por la felicidad y\/o por lo que es necesario. Y no nos diga a sus compa\u00f1eros, con todo respeto, que optemos por el derecho, porque estar\u00edamos sum\u00e1ndonos a ese derecho que no garantiza lo justo, que no garantiza la felicidad, que no garantiza el desmantelamiento de un r\u00e9gimen corrupto, en algo que es m\u00e1s sensible para toda la poblaci\u00f3n, que es la administraci\u00f3n de justicia\u201d.<\/p>\n\n\n\n<p class=\"wp-block-paragraph\">\u00bfLe entendi\u00f3? L\u00facido, l\u00facido, listo, listo el diputado Mier con esa disertaci\u00f3n para decir que se plegaban a lo previsto y su bancada y socios no le cambiar\u00edan una coma al 13 transitorio; \u00a1vaya!, lo avalaron total y c\u00ednicamente. Aunque le partieron la madre al 97 constitucional.<\/p>\n\n\n\n<p class=\"wp-block-paragraph\">\u00bfY el cuentacuentos de la ma\u00f1anera que suele ser homil\u00eda cuando no clase de historia patria decimon\u00f3nica, aunque se constri\u00f1e a la referencia de cuatro o cinco pr\u00f3ceres con sus contrapartes del siglo XX?<\/p>\n\n\n\n<p class=\"wp-block-paragraph\"><strong>Su Alteza Seren\u00edsima no se atrevi\u00f3 a cuestionar a Porfirio Mu\u00f1oz Ledo. \u00bfY c\u00f3mo? Porfirio pint\u00f3 su raya desde el inicio del sexenio, apenas arrancando la LXIV Legislatura federal cuyo \u00faltimo periodo ordinario de sesiones fenece.<\/strong><\/p>\n\n\n\n<p class=\"wp-block-paragraph\"><strong>\u00bfAlguna duda?&nbsp;<\/strong>Corr\u00edan las primeras horas del viernes 23 de la semana pasada cuando Mu\u00f1oz Ledo intervino en tribuna y sostuvo su personal y fundamentada postura frente a la aprobaci\u00f3n de la reforma a la Ley Org\u00e1nica del Poder Judicial y, en especial, de esa aberraci\u00f3n inconstitucional que implica el transitorio de marras.<\/p>\n\n\n\n<p class=\"wp-block-paragraph\">La intervenci\u00f3n de Porfirio fue amplia, pero basta con las siguientes l\u00edneas para que usted decida de qu\u00e9 lado de la ley est\u00e1.<\/p>\n\n\n\n<p class=\"wp-block-paragraph\">\u201cMuchas gracias, presidenta y amiga, por su benevolencia \u2013abri\u00f3 Mu\u00f1oz Ledo&#8211;. \u201cLos muertos que a gritos quer\u00e9is matar gozan de cabal salud\u201d. Lo primero en cuesti\u00f3n, dije al tomar posesi\u00f3n de la Presidencia de la Mesa Directiva de esta C\u00e1mara, es definir si merece su nombre de honorable Congreso de la Uni\u00f3n. No se habla de honorable Suprema Corte, no se habla de honorable Presidencia de la Rep\u00fablica.<\/p>\n\n\n\n<p class=\"wp-block-paragraph\">\u201cAqu\u00ed parece haberse&#8230; la virtud del honor, que es cualidad que impulsa a una persona a actuar rectamente, cumpliendo su deber y de acuerdo a colaborar, respeto que se tiene de la dignidad de una persona y de una instituci\u00f3n. Este es un tema de dignidad.<\/p>\n\n\n\n<p class=\"wp-block-paragraph\">\u201cMe opongo, con toda la fuerza de mi ser, a una violaci\u00f3n tan flagrante&#8230; y absolutamente&#8230; de la Constituci\u00f3n. Me opongo con toda la fuerza y convicci\u00f3n de m\u00ed ser, con todo el esfuerzo memorioso que hemos hecho desde 1988 para instaurar en el pa\u00eds un orden democr\u00e1tico y no una rep\u00fablica autoritaria a este insensato proyecto de violar la Constituci\u00f3n Pol\u00edtica del pa\u00eds. Puedes preguntarme\u201d.<\/p>\n\n\n\n<p class=\"wp-block-paragraph\">Y en Morena ni se inmutaron. Total, Porfirio no fue de los escogidos por el \u00edndice de Su Alteza Seren\u00edsima para reelegirse diputado federal.<\/p>\n\n\n\n<p class=\"wp-block-paragraph\">\u00a1Ah!, la democracia. Andr\u00e9s Manuel, el mismo que por la v\u00eda democr\u00e1tica fue elegido jefe de Gobierno del entonces Distrito Federal y luego Presidente de la Rep\u00fablica, dice que \u201ces una verg\u00fcenza lo que hemos vivido en materia de democracia, por siglos no ha habido democracia en M\u00e9xico, es de los pa\u00edses del mundo con m\u00e1s atraso en materia de democracia, es el pa\u00eds con m\u00e1s fraudes electorales en la historia, se puede probar\u201d.<\/p>\n\n\n\n<p class=\"wp-block-paragraph\">En serio, no es cuento, Andr\u00e9s Manuel se asume producto de esa vergonzosa democracia.&nbsp;Y, en ese espacio de la cultura, Su Alteza Seren\u00edsima confes\u00f3:<\/p>\n\n\n\n<p class=\"wp-block-paragraph\">\u201cMi deseo mayor es que suceda algo parecido a lo que se vivi\u00f3 en M\u00e9xico despu\u00e9s de la Revoluci\u00f3n, cuando se desarrollan las artes, la literatura. Los murales de aqu\u00ed del Palacio y todos los murales tienen que ver con el ambiente que cre\u00f3 la Revoluci\u00f3n mexicana. Tiene que ver con Orozco, tiene que ver con Rivera, tiene que ver Siqueiros, con todos\u201d.&nbsp;<\/p>\n\n\n\n<p class=\"wp-block-paragraph\">\u00bfSabr\u00e1 que esos murales y la obra pl\u00e1stica fueron ordenados y pagados por los gobiernos post revolucionarios como alegor\u00eda del M\u00e9xico que los vencedores quer\u00edan se conociera?, \u00bfla alegor\u00eda del triunfo de los generales y la clase media alta y los nuevos ricos code\u00e1ndose con aristocracia sobreviviente pero no con el pueblo jodido? \u00bfSabr\u00e1? No, es mucho pedir. Digo.<\/p>\n\n\n\n<p class=\"wp-block-paragraph\"><a href=\"mailto:sanchezlimon@gmail.com\" target=\"_blank\" rel=\"noreferrer noopener\">sanchezlimon@gmail.com<\/a><\/p>\n\n\n\n<p class=\"wp-block-paragraph\"><a href=\"http:\/\/www.entresemana.mx\/\" target=\"_blank\" rel=\"noreferrer noopener\">www.entresemana.mx<\/a><\/p>\n\n\n\n<p class=\"wp-block-paragraph\"><strong>@msanchezlimon @msanchezlimon1<\/strong><\/p>\n","protected":false},"excerpt":{"rendered":"<p>Sin relevo al bate en la sesi\u00f3n de preguntas, en la ma\u00f1anera del \u00faltimo lunes de abril, el sedicente periodista que pretendi\u00f3 erigirse fil\u00e1ntropo de su pueblo, cumpli\u00f3 el cometido de la fila mercenaria<\/p>\n","protected":false},"author":3,"featured_media":15805,"comment_status":"open","ping_status":"open","sticky":false,"template":"","format":"standard","meta":{"_monsterinsights_skip_tracking":false,"footnotes":""},"categories":[692,105,83,35],"tags":[],"class_list":["post-34780","post","type-post","status-publish","format-standard","has-post-thumbnail","category-692","category-entresemana","category-moises-sanchez-limon","category-opinion"],"_links":{"self":[{"href":"https:\/\/redsemlac.com\/semmexico\/wp-json\/wp\/v2\/posts\/34780","targetHints":{"allow":["GET"]}}],"collection":[{"href":"https:\/\/redsemlac.com\/semmexico\/wp-json\/wp\/v2\/posts"}],"about":[{"href":"https:\/\/redsemlac.com\/semmexico\/wp-json\/wp\/v2\/types\/post"}],"author":[{"embeddable":true,"href":"https:\/\/redsemlac.com\/semmexico\/wp-json\/wp\/v2\/users\/3"}],"replies":[{"embeddable":true,"href":"https:\/\/redsemlac.com\/semmexico\/wp-json\/wp\/v2\/comments?post=34780"}],"version-history":[{"count":0,"href":"https:\/\/redsemlac.com\/semmexico\/wp-json\/wp\/v2\/posts\/34780\/revisions"}],"wp:featuredmedia":[{"embeddable":true,"href":"https:\/\/redsemlac.com\/semmexico\/wp-json\/wp\/v2\/media\/15805"}],"wp:attachment":[{"href":"https:\/\/redsemlac.com\/semmexico\/wp-json\/wp\/v2\/media?parent=34780"}],"wp:term":[{"taxonomy":"category","embeddable":true,"href":"https:\/\/redsemlac.com\/semmexico\/wp-json\/wp\/v2\/categories?post=34780"},{"taxonomy":"post_tag","embeddable":true,"href":"https:\/\/redsemlac.com\/semmexico\/wp-json\/wp\/v2\/tags?post=34780"}],"curies":[{"name":"wp","href":"https:\/\/api.w.org\/{rel}","templated":true}]}}