{"id":34773,"date":"2021-04-27T13:21:39","date_gmt":"2021-04-27T19:21:39","guid":{"rendered":"https:\/\/redsemlac.com\/semmexico\/?p=34773"},"modified":"2023-07-21T16:59:27","modified_gmt":"2023-07-21T21:59:27","slug":"se-comprometen-candidaturas-al-gobierno-colima-a-incorporar-politica-de-genero-en-su-plan-de-gobierno-2021-2027","status":"publish","type":"post","link":"https:\/\/redsemlac.com\/semmexico\/se-comprometen-candidaturas-al-gobierno-colima-a-incorporar-politica-de-genero-en-su-plan-de-gobierno-2021-2027\/","title":{"rendered":"Se comprometen candidaturas al gobierno Colima a incorporar pol\u00edtica de g\u00e9nero en su Plan de Gobierno 2021-2027"},"content":{"rendered":"\n<ul class=\"wp-block-list\"><li><strong>In\u00e9dito acuerdo donde firmaron 5 mujeres y dos hombres para asegurar un estado igualitario y democr\u00e1tico<\/strong><\/li><li><strong>Iniciativa de 15 organizaciones de la Sociedad Civil<\/strong><\/li><\/ul>\n\n\n\n<p class=\"wp-block-paragraph\"><strong>Sara Lovera<\/strong><\/p>\n\n\n\n<p class=\"wp-block-paragraph\">SemM\u00e9xico, Colima, Col., 27 de abril 2021.- Cinco mujeres y dos hombres que aspiran a gobernar Colima, por 7 coaliciones o partidos pol\u00edticos, en un acto sin precedentes &nbsp;se comprometieron a fomentar en esa entidad, donde por primera vez gobern\u00f3 una mujer en 1979, una vida libre de violencia para las mujeres y el acceso igualitario a un estado democr\u00e1tico.<\/p>\n\n\n\n<p class=\"wp-block-paragraph\">Llamado como &nbsp;pacto Construcci\u00f3n de un Estado Igualitario para las Mujeres, 50-50,&nbsp; se comprometieron a asumir 9 acciones e incorporarlas a su plan de gobierno; las firmas se hicieron entre el 25 y 26 de abril, en respuesta a la iniciativa de 15 organizaciones de la sociedad civil.<\/p>\n\n\n\n<p class=\"wp-block-paragraph\">El compromiso en s\u00edntesis &nbsp;busca garantizar a las mujeres colimenses una Vida Libre de Violencia y un acceso Igualitario a un Estado democr\u00e1tico.<\/p>\n\n\n\n<p class=\"wp-block-paragraph\">Al firmarlo la candidata a gobernadora de la Coalici\u00f3n \u00abVa por Colima\u00bb, Mely Romero Celis, asegur\u00f3 que Colima ser\u00e1 un ejemplo nacional en materia de igualdad de g\u00e9nero, ya que incorporar\u00e1 la visi\u00f3n de los colectivos feministas en las pol\u00edticas p\u00fablicas.<\/p>\n\n\n\n<p class=\"wp-block-paragraph\">Luego dijo que trasmit\u00eda \u201ctoda mi voluntad, de que al final del sexenio que yo pueda encabezar, Colima sea un modelo en materia de igualdad, que tenga reconocimiento nacional, eso lo quiero lograr y s\u00e9 que se puede\u201d.<\/p>\n\n\n\n<p class=\"wp-block-paragraph\">En la firma del Pacto por la Construcci\u00f3n de un Estado Igualitario para las Mujeres 50-50, se desprenden nueve puntos, como prevenci\u00f3n, empoderamiento econ\u00f3mico, acceso a la justicia, salud, legislaci\u00f3n, educaci\u00f3n, violencia, presupuesto con perspectiva de g\u00e9nero y organizaciones de la sociedad civil.<\/p>\n\n\n\n<p class=\"wp-block-paragraph\">Todas y todos los candidatos al gobierno del estado, firmaron. Se comprometieron, con los grupos civiles. Mely Romero Celis de la Coalici\u00f3n Va por Colima: Indira Vizca\u00edno Silva, de la Coalici\u00f3n&nbsp; Juntos Haremos Historia: Maestra Evangelina Ba\u00f1uelos Rodr\u00edguez, Partido Redes Sociales Progresistas; Claudia Valeria Y\u00e1\u00f1ez Carrera, del Partido Fuerza por M\u00e9xico, Aurora Ileana Cruz Alcaraz, por el Partido del Trabajo, Virgilio Mendoza Amezcua, del Partido Verde y Leoncio Alfonso Mor\u00e1n S\u00e1nchez, de Movimiento Ciudadano. <strong>&nbsp;<\/strong><\/p>\n\n\n\n<p class=\"wp-block-paragraph\">Este pacto representa un esfuerzo para garantizar en los pr\u00f3ximos a\u00f1os, una mejor vida para las mujeres de Colima,&nbsp; y un compromiso para la pr\u00f3xima elecci\u00f3n del mes de junio de 2021. Al &nbsp;asumir este Pacto firmaron que &nbsp;quienes somos Candidatas y Candidatos a ocupar la Gubernatura Constitucional del Estado de Colima nos comprometemos a asumir como propios estos ejes de trabajo y trasladarlos al Plan Estatal de Desarrollo 2021 \u2013 2027, as\u00ed como a generar las condiciones necesarias para su impulso y cumplimiento.<\/p>\n\n\n\n<p class=\"wp-block-paragraph\">Se comprometen a asignar recursos humanos y econ\u00f3micos suficientes para el cumplimiento de las acciones que se detallan en el pacto, preocupados por &nbsp;avanzar en la erradicaci\u00f3n de la violencia contra las Mujeres y contribuir a la construcci\u00f3n de un Estado Igualitario para las Mujeres<\/p>\n\n\n\n<figure class=\"wp-block-gallery columns-2 is-cropped wp-block-gallery-1 is-layout-flex wp-block-gallery-is-layout-flex\"><ul class=\"blocks-gallery-grid\"><li class=\"blocks-gallery-item\"><figure><a href=\"https:\/\/redsemlac.com\/semmexico\/wp-content\/uploads\/2021\/04\/WhatsApp-Image-2021-04-26-at-6.01.28-PM.jpeg\"><img loading=\"lazy\" decoding=\"async\" width=\"1024\" height=\"768\" src=\"https:\/\/redsemlac.com\/semmexico\/wp-content\/uploads\/2021\/04\/WhatsApp-Image-2021-04-26-at-6.01.28-PM.jpeg\" alt=\"\" data-id=\"34776\" data-full-url=\"https:\/\/redsemlac.com\/semmexico\/wp-content\/uploads\/2021\/04\/WhatsApp-Image-2021-04-26-at-6.01.28-PM.jpeg\" data-link=\"https:\/\/redsemlac.com\/semmexico\/?attachment_id=34776\" class=\"wp-image-34776\"\/><\/a><\/figure><\/li><li class=\"blocks-gallery-item\"><figure><a href=\"https:\/\/redsemlac.com\/semmexico\/wp-content\/uploads\/2021\/04\/WhatsApp-Image-2021-04-26-at-5.47.07-PM.jpeg\"><img loading=\"lazy\" decoding=\"async\" width=\"1024\" height=\"768\" src=\"https:\/\/redsemlac.com\/semmexico\/wp-content\/uploads\/2021\/04\/WhatsApp-Image-2021-04-26-at-5.47.07-PM.jpeg\" alt=\"\" data-id=\"34775\" data-full-url=\"https:\/\/redsemlac.com\/semmexico\/wp-content\/uploads\/2021\/04\/WhatsApp-Image-2021-04-26-at-5.47.07-PM.jpeg\" data-link=\"https:\/\/redsemlac.com\/semmexico\/?attachment_id=34775\" class=\"wp-image-34775\"\/><\/a><\/figure><\/li><li class=\"blocks-gallery-item\"><figure><a href=\"https:\/\/redsemlac.com\/semmexico\/wp-content\/uploads\/2021\/04\/WhatsApp-Image-2021-04-26-at-5.46.15-PM.jpeg\"><img loading=\"lazy\" decoding=\"async\" width=\"1024\" height=\"768\" src=\"https:\/\/redsemlac.com\/semmexico\/wp-content\/uploads\/2021\/04\/WhatsApp-Image-2021-04-26-at-5.46.15-PM.jpeg\" alt=\"\" data-id=\"34774\" data-full-url=\"https:\/\/redsemlac.com\/semmexico\/wp-content\/uploads\/2021\/04\/WhatsApp-Image-2021-04-26-at-5.46.15-PM.jpeg\" data-link=\"https:\/\/redsemlac.com\/semmexico\/?attachment_id=34774\" class=\"wp-image-34774\"\/><\/a><\/figure><\/li><li class=\"blocks-gallery-item\"><figure><a href=\"https:\/\/redsemlac.com\/semmexico\/wp-content\/uploads\/2021\/04\/WhatsApp-Image-2021-04-26-at-6.06.07-PM.jpeg\"><img decoding=\"async\" src=\"https:\/\/redsemlac.com\/semmexico\/wp-content\/uploads\/2021\/04\/WhatsApp-Image-2021-04-26-at-6.06.07-PM-1024x717.jpeg\" alt=\"\" data-id=\"34778\" data-full-url=\"https:\/\/redsemlac.com\/semmexico\/wp-content\/uploads\/2021\/04\/WhatsApp-Image-2021-04-26-at-6.06.07-PM.jpeg\" data-link=\"https:\/\/redsemlac.com\/semmexico\/?attachment_id=34778\" class=\"wp-image-34778\"\/><\/a><\/figure><\/li><\/ul><\/figure>\n\n\n\n<p class=\"wp-block-paragraph\">Las promoventes de &nbsp;las Organizaciones de la Sociedad Civil son; Asociaci\u00f3n Colimense de Universitarias A.C., Consejo Ciudadano 100 por Colima, A.C., Fundaci\u00f3n Ius G\u00e9nero, A.C., Rosas Rojas, A.C., Confederaci\u00f3n de Colegios y Asociaciones de Abogados de M\u00e9xico, CONCAAM, Colegio de Psic\u00f3logos del Estado de Colima, COCOPSI, Federaci\u00f3n de Egresados de la Universidad de Colima., Asociaci\u00f3n Mexicana de Mujeres Empresarias del Estado de Colima, A.C., Colegio de Abogadas por los Derechos Humanos de las Mujeres, A.C., Centro de Apoyo a la Mujer Griselda \u00c1lvarez, A.C., Acci\u00f3n Afirmativa, A.C., Promotores de Derechos Humanos, A.C.<\/p>\n\n\n\n<p class=\"wp-block-paragraph\">Estas organizaciones tambi\u00e9n se comprometen a trabajar articuladamente por la construcci\u00f3n de un Estado Igualitario para las Mujeres, sabemos que la igualdad de g\u00e9nero es fundamental para cumplir las promesas de sostenibilidad, paz y progreso humano, por lo que consideramos que para alcanzar dicho estado, deben garantizarse acciones m\u00ednimas e indispensables en al menos nueve ejes, saber:<\/p>\n\n\n\n<ul class=\"wp-block-list\"><li>Prevenci\u00f3n. Coordinaci\u00f3n Interinstitucional para la Prevenci\u00f3n y Atenci\u00f3n de la Violencia contra las Mujeres.<\/li><li>Empoderamiento Econ\u00f3mico. La participaci\u00f3n de las mujeres en el \u00e1mbito econ\u00f3mico debe construirse desde los presupuestos en igualdad de oportunidades y de trato.<\/li><li>Acceso a la Justicia. Fomentar un entorno propicio para el acceso a la justicia de las mujeres, mediante la reforma a las normas jur\u00eddicas formales e informales que discriminan a las mujeres, lo cual incluye abordar la ausencia de normas con perspectiva de g\u00e9nero y hacer que el macroentorno sea m\u00e1s favorable para las necesidades de justicia para las mujeres.<\/li><li>Salud. Mejora de las pol\u00edticas p\u00fablicas para atender la salud integral de ni\u00f1as y mujeres, con visi\u00f3n de g\u00e9nero y respeto a sus derechos humanos.<\/li><li>Legislativa. Armonizar la legislaci\u00f3n sustantiva y adjetiva del estado de Colima, a fin de garantizar a las ni\u00f1as, adolescentes y mujeres, la aplicaci\u00f3n de los principios rectores de los Derechos Humanos contenidos en los Tratados Internacionales suscritos y ratificados por el Estado Mexicano.<\/li><li>Educaci\u00f3n. En atenci\u00f3n a la recomendaci\u00f3n 3 de la Declaratoria de la Alerta de Violencia de G\u00e9nero para el estado de Colima, impulsar el Programa de la transversalizaci\u00f3n de la Perspectiva de G\u00e9nero en el Sistema Educativo p\u00fablico y privado.<\/li><li>Violencia. Derecho de las ni\u00f1as, adolescentes y mujeres a vivir una vida libre de violencia, sin discriminaci\u00f3n y en igualdad de trato y de oportunidades.<\/li><li>Presupuesto con Perspectiva de G\u00e9nero. Implementar como pol\u00edtica p\u00fablica esta medida afirmativa, a fin de promover la igualdad entre mujeres y hombre, la erradicaci\u00f3n de la discriminaci\u00f3n y el fin de la violencia de g\u00e9nero.<\/li><li>Organizaciones de la Sociedad Civil. Coordinaci\u00f3n con las Organizaciones de la Sociedad Civil que trabajan en materia de Derechos Humanos de las Mujeres.<\/li><\/ul>\n\n\n\n<p class=\"wp-block-paragraph\">El Compromiso para la posteridad: Por las Candidatas y Candidatos a la Gubernatura del Estado de Colima.<\/p>\n\n\n\n<p class=\"wp-block-paragraph\">Asumimos los siguientes compromisos:<\/p>\n\n\n\n<figure class=\"wp-block-table\"><table><tbody><tr><td><strong>EJES TEMATICOS<\/strong><\/td><td>&nbsp;<\/td><\/tr><tr><td><strong>PREVENCI\u00d3N.<\/strong> Coordinaci\u00f3n Interinstitucional para la Prevenci\u00f3n y Atenci\u00f3n de la Violencia contra las Mujeres<\/td><td>El Instituto Colimense de las Mujeres como cabeza de sector, debe coordinar a las diferentes dependencias estatales y municipales, como lo estipula las Leyes Estatales de Igualdad y de Acceso. Impulsar la obligatoriedad del Programa de Capacitaci\u00f3n Integral para el funcionariado p\u00fablico de los dos niveles: estatal y municipal, coordinado por el Instituto Colimense de las Mujeres.Coordinar las acciones que ejecutan las diferentes dependencias del Gobierno del estado que contiene el Programa Estatal Integral para Prevenir y Atender la Violencia contra las Mujeres.Restructurar el sistema estatal que atiende a Ni\u00f1as y Mujeres que viven violencia:Evaluar al inicio de la administraci\u00f3n estatal y municipal<strong>.<\/strong><\/td><\/tr><tr><td><strong>EMPODERAMIENTO ECON\u00d3MICO<\/strong> La participaci\u00f3n de las mujeres en el \u00e1mbito econ\u00f3mico debe construirse desde los presupuestos en igualdad de oportunidades y de trato<\/td><td>Apoyo econ\u00f3mico vital para las mujeres jefas de familia que se encuentran en la econom\u00eda con ingresos en situaci\u00f3n de desigualdad. <strong>\u00c1rea Laboral<\/strong> Acceso equitativo a los derechos, servicios en igualdad&nbsp;&nbsp;&nbsp;&nbsp; de&nbsp;&nbsp;&nbsp; oportunidades:&nbsp;&nbsp;&nbsp; igualdad&nbsp;&nbsp;&nbsp;&nbsp;&nbsp;&nbsp;&nbsp;&nbsp;&nbsp;&nbsp;&nbsp;&nbsp;&nbsp;&nbsp;&nbsp;&nbsp;&nbsp;&nbsp;&nbsp;&nbsp;&nbsp; de remuneraci\u00f3n y trabajo digno. &#8211;&nbsp;&nbsp;&nbsp;&nbsp;&nbsp; Principio &nbsp;de &nbsp;No &nbsp;Discriminaci\u00f3n &nbsp;entre mujeres &nbsp;y &nbsp;hombres &nbsp;en &nbsp;el &nbsp;mercado<\/td><\/tr><\/tbody><\/table><\/figure>\n\n\n\n<figure class=\"wp-block-table\"><table><tbody><tr><td>&nbsp;<\/td><td>laboral:&nbsp; &nbsp;\u201cque&nbsp; &nbsp;hombres&nbsp; &nbsp;y&nbsp; &nbsp;mujeres deben &nbsp;recibir &nbsp;igual &nbsp;salario &nbsp;por &nbsp;igual trabajo. &nbsp; <strong>\u00c1rea empresarial<\/strong> Fortalecer las iniciativas de creaci\u00f3n de peque\u00f1as y medianas empresas, con disponibilidad de crecimiento y desarrollo.Impulsar un Programa de Capacitaci\u00f3n Integral que propicie la incorporaci\u00f3n de las mujeres en el \u00e1mbito empresarial (temas Fiscal, Financiero, Tecnol\u00f3gico, RRHH, etc.)Fortalecer con programas de apoyo financiero y mecanismos de Cr\u00e9dito. &nbsp; <strong>\u00c1rea Rural<\/strong> Desarrollar planes econ\u00f3micos y de protecci\u00f3n social que reduzca el trabajo no remunerado de las mujeres y las diferencias de g\u00e9nero en zonas rurales.<\/td><\/tr><tr><td><strong>ACCESO A LA JUSTICIA.<\/strong> Crear un entorno propicio para el acceso de las mujeres a la justicia mediante la reforma a las normas jur\u00eddicas formales e informales que discriminan a las mujeres, lo cual incluye abordar la ausencia de normas con perspectiva de g\u00e9nero y hacer que el macroentorno sea m\u00e1s favorable para las necesidades de justicia de las mujeres.<\/td><td>&nbsp; Coordinaci\u00f3n interinstitucional entre los tres poderes: Ejecutivo, Legislativo y&nbsp;&nbsp;&nbsp;&nbsp;&nbsp;&nbsp;&nbsp; Judicial para efectos del cumplimiento de los mandamientos jur\u00eddicos que protegen los Derechos Humanos de las ni\u00f1as y mujeres.Exhortar al Poder Judicial del estado de Colima al cumplimiento de la recomendaci\u00f3n n\u00famero 4\u00ba&nbsp; de la Declaratoria de la Alerta de Violencia de G\u00e9nero emitida por CONAVIM, para la capacitaci\u00f3n permanente de quienes imparten y aplican justicia en el Supremo Tribunal de Justicia&nbsp; para el estado de Colima.<\/td><\/tr><\/tbody><\/table><\/figure>\n\n\n\n<figure class=\"wp-block-table\"><table><tbody><tr><td>&nbsp;<\/td><td>Promover que el Protocolo para Juzgar con&nbsp;&nbsp; &nbsp;Perspectiva&nbsp;&nbsp; &nbsp;de&nbsp;&nbsp; &nbsp;G\u00e9nero&nbsp;&nbsp; &nbsp;sea vinculante en el estado de Colima. &nbsp; Mejorar los mecanismos de protecci\u00f3n de los Derechos Humanos de las ni\u00f1as y&nbsp;&nbsp;&nbsp;&nbsp; mujeres y promover espacios seguros. &nbsp; Impulsar la creaci\u00f3n de un Centro de Justicia para las Mujeres en los Municipios de Tecom\u00e1n y Manzanillo. &nbsp; Creaci\u00f3n de un Juzgado Auxiliar en Materia Familiar \u00d3rdenes de Protecci\u00f3n en cada uno de los Centro de Justicia para las Mujeres en Tecom\u00e1n y Manzanillo.<\/td><\/tr><tr><td><strong>S<\/strong><strong>ALUD.<\/strong> Pol\u00edticas p\u00fablicas id\u00f3neas para la salud integral de ni\u00f1as y mujeres, con visi\u00f3n de genero para atender las problem\u00e1ticas de:<\/td><td>Cumplimiento cabal de la NOM 46, en todos y cada uno de los espacios de salud p\u00fablica y privada, so pena,&nbsp; de presentaci\u00f3n de denuncias por negligencia y carencia de responsabilidad en casos contrarios.Promover servicios de salud integral para ni\u00f1as, adolescentes y Mujeres en:Salud mentalAdicciones.Desnutrici\u00f3n por pobreza extrema.Des\u00f3rdenes de alimentaci\u00f3n por problemas psicol\u00f3gicos,Capacitaci\u00f3n con perspectiva de g\u00e9nero al personal de salud que atiende ni\u00f1as, adolescentes y mujeres para una atenci\u00f3n de calidad y calidez.Facilitar talleres informativos sobre el uso adecuado de m\u00e9todos anticonceptivos y maternidad para evitar los embarazos tempranos.<\/td><\/tr><\/tbody><\/table><\/figure>\n\n\n\n<figure class=\"wp-block-table\"><table><tbody><tr><td>&nbsp;<\/td><td>Campa\u00f1as de informaci\u00f3n permanente sobre&nbsp;&nbsp; &nbsp;Infecciones&nbsp;&nbsp; &nbsp;de&nbsp;&nbsp; &nbsp;transmisi\u00f3n sexual y el libre acceso de preservativos para el ejercicio del sexo seguro. Informaci\u00f3n real y cient\u00edfica sobre el proceso y desarrollo de embarazos, y su seguimiento puntual hasta el alumbramiento y el puerperio. Fomentar el leg\u00edtimo derecho de las mujeres a decidir sobre la interrupci\u00f3n legal del embarazo con todas las garant\u00edas de seguridad, discrecionalidad e higiene.Creaci\u00f3n del protocolo de actuaci\u00f3n en casos de violencia obst\u00e9trica, atendiendo puntualmente lo especificado en la Ley Estatal de Acceso a las Mujeres a una Vida Libre de Violencia. Obligatorio para el seguimiento puntual de la violencia que se pueda presentar por parte del personal de salud p\u00fablico y privado.<\/td><\/tr><tr><td><strong>LEGISLATIVA<\/strong> Armonizar las leyes que garanticen a las ni\u00f1as, adolescentes y mujeres con los principios rectores de los Derechos Humanos contenidos en los Tratados Internacionales suscritos y ratificados por el estado mexicano.<\/td><td>Promover&nbsp;&nbsp;&nbsp;&nbsp;&nbsp; las&nbsp;&nbsp;&nbsp;&nbsp;&nbsp;&nbsp; reformas&nbsp;&nbsp;&nbsp;&nbsp;&nbsp; a&nbsp;&nbsp;&nbsp;&nbsp;&nbsp;&nbsp; la Constituci\u00f3n local, al C\u00f3digo Electoral del estado de Colima armoniz\u00e1ndolos con la Constituci\u00f3n Federal, acerca de la paridad progresiva en cargos p\u00fablicos de elecci\u00f3n y designaci\u00f3n, as\u00ed como de los \u00f3rganos aut\u00f3nomos tanto de la administraci\u00f3n p\u00fablica estatal y municipal en los diez municipios del estado. Impulsar la armonizaci\u00f3n de la legislaci\u00f3n nacional con la estatal, en materia de Derechos Humanos en favor de las ni\u00f1as y mujeres del estado de Colima.<\/td><\/tr><tr><td><strong>EDUCACI\u00d3N<\/strong><\/td><td>&#8211;&nbsp;&nbsp;&nbsp;&nbsp; Fortalecer&nbsp;&nbsp;&nbsp;&nbsp; la&nbsp;&nbsp;&nbsp;&nbsp; Estrategia&nbsp;&nbsp;&nbsp;&nbsp; educativa transversal&nbsp;&nbsp;&nbsp; en&nbsp;&nbsp;&nbsp; materia&nbsp;&nbsp;&nbsp;&nbsp; de&nbsp;&nbsp;&nbsp;&nbsp; Derechos<\/td><\/tr><\/tbody><\/table><\/figure>\n\n\n\n<figure class=\"wp-block-table\"><table><tbody><tr><td>Compromiso para continuar con el Programa de la transversalizaci\u00f3n de la Perspectiva de G\u00e9nero &nbsp;en &nbsp;el &nbsp;Sistema &nbsp;Educativo &nbsp;p\u00fablico &nbsp;y privado.<\/td><td>humanos de las mujeres y perspectiva de g\u00e9nero. -Garantizar que los espacios y ambientes con fines educativos est\u00e9n libres de violencia de g\u00e9nero. &nbsp; &#8211; Promover espacios de formaci\u00f3n y desarrollo profesional para&nbsp; personal directivo, docente y administrativo, que les permita incorporal la Perspectiva de g\u00e9nero y de los Derechos Humanos en las diversas pr\u00e1cticas educativas. &nbsp; -Dar acompa\u00f1amiento a las escuelas en tem\u00e1ticas y situaciones que impliquen las diferentes violencias de g\u00e9nero &nbsp; -Dise\u00f1ar indicadores del impacto de la estrategia de difusi\u00f3n permanente y aplicaci\u00f3n de protocolos para prevenir el acoso escolar, maltrato infantil y abuso sexual infantil en coordinaci\u00f3n con DIF, SIPINNA y Procuradur\u00eda de Atenci\u00f3n de Ni\u00f1as, Ni\u00f1os y Adolescentes. -Difundir actividades y materiales de apoyo de que fortalezcan la transversalizaci\u00f3n de la Perspectiva de g\u00e9nero en la Educaci\u00f3n B\u00e1sica En&nbsp; &nbsp;caso&nbsp; &nbsp;de&nbsp; &nbsp;continuar&nbsp; &nbsp;la&nbsp; &nbsp;emergencia sanitaria, se sugiere que haya: Cambio de horarioAsignaci\u00f3n de escuelas por grados acad\u00e9micos para el alumnado que no cuenta con el uso de las tecnolog\u00edas&nbsp; en casa.<\/td><\/tr><tr><td><strong>V<\/strong><strong>IOLENCIA<\/strong> Crear las pol\u00edticas p\u00fablicas para garantizar el acceso de las ni\u00f1as y mujeres a vivir una vida libre de violencia.<\/td><td>Impulsar la creaci\u00f3n en cada municipio de un Centro Permanente de Atenci\u00f3n Integral para las Mujeres. Dar cumplimiento cabal a la Alerta de Violencia de G\u00e9nero, de manera especial en materia de Seguridad (Fiscal\u00eda&nbsp;&nbsp; &nbsp;General&nbsp;&nbsp; &nbsp;y&nbsp;&nbsp; &nbsp;Especializadas,<\/td><\/tr><\/tbody><\/table><\/figure>\n\n\n\n<figure class=\"wp-block-table\"><table><tbody><tr><td>&nbsp;<\/td><td>Seguridad P\u00fablica y Acceso a la Justicia (Poder Judicial) Contar con un Programa actualizado en Materia de Prevenci\u00f3n, atenci\u00f3n, sanci\u00f3n y erradicaci\u00f3n de la violencia de g\u00e9nero.Impulsar &nbsp;las &nbsp;Unidades &nbsp;de &nbsp;Reacci\u00f3n Inmediata en materia Policial (estatal y Municipal) para la atenci\u00f3n de reportes policiacos. Garantizar la existencia de un Fondo para la Atenci\u00f3n a V\u00edctimas de Violencia de G\u00e9nero en CEAVI.<\/td><\/tr><tr><td><strong>Presupuesto con Perspectiva de G\u00e9nero.<\/strong> Implementar como pol\u00edtica p\u00fablica esta medida afirmativa, a fin de promover la igualdad entre mujeres y hombre, la erradicaci\u00f3n de la discriminaci\u00f3n y el fin de la violencia de g\u00e9nero.<\/td><td>Asignar en el Presupuesto Estatal de Egresos, un aumento anual del 10%, diez por ciento al Instituto Colimense de las Mujeres con respecto al presupuesto asignado en el a\u00f1o 2021, y as\u00ed sucesivamente en cada a\u00f1o.<\/td><\/tr><tr><td><strong>Organizaciones de la sociedad civil.<\/strong> Coordinaci\u00f3n con las Organizaciones de la Sociedad Civil que trabajan en materia de Derechos Humanos de las Mujeres.<\/td><td>Incorporar&nbsp;&nbsp; &nbsp;con&nbsp;&nbsp; &nbsp;derecho&nbsp;&nbsp; &nbsp;al&nbsp;&nbsp; &nbsp;voto&nbsp;&nbsp; &nbsp;a&nbsp;&nbsp; &nbsp;las Organizaciones de la Sociedad Civil legalmente constituidas que se encuentren trabajando las diferentes tem\u00e1ticas en materia de Derechos Humanos de las Mujeres y que cuenten con experiencia m\u00ednima permanente e ininterrumpida de cinco a\u00f1os de antig\u00fcedad, a: &nbsp; Los Sistemas Estatales de Prevenci\u00f3n, Igualdad y Discriminaci\u00f3n.Las Mesas de SeguridadGrupo Estatal Interinstitucional y multidisciplinario a las solicitantes y promoventes de la AVGM<\/td><\/tr><\/tbody><\/table><\/figure>\n","protected":false},"excerpt":{"rendered":"<p>In\u00e9dito acuerdo donde firmaron 5 mujeres y dos hombres para asegurar un estado igualitario y democr\u00e1tico<\/p>\n","protected":false},"author":3,"featured_media":34777,"comment_status":"open","ping_status":"open","sticky":false,"template":"","format":"standard","meta":{"_monsterinsights_skip_tracking":false,"footnotes":""},"categories":[692,141],"tags":[],"class_list":["post-34773","post","type-post","status-publish","format-standard","has-post-thumbnail","category-692","category-elecciones-2020-2021"],"_links":{"self":[{"href":"https:\/\/redsemlac.com\/semmexico\/wp-json\/wp\/v2\/posts\/34773","targetHints":{"allow":["GET"]}}],"collection":[{"href":"https:\/\/redsemlac.com\/semmexico\/wp-json\/wp\/v2\/posts"}],"about":[{"href":"https:\/\/redsemlac.com\/semmexico\/wp-json\/wp\/v2\/types\/post"}],"author":[{"embeddable":true,"href":"https:\/\/redsemlac.com\/semmexico\/wp-json\/wp\/v2\/users\/3"}],"replies":[{"embeddable":true,"href":"https:\/\/redsemlac.com\/semmexico\/wp-json\/wp\/v2\/comments?post=34773"}],"version-history":[{"count":0,"href":"https:\/\/redsemlac.com\/semmexico\/wp-json\/wp\/v2\/posts\/34773\/revisions"}],"wp:featuredmedia":[{"embeddable":true,"href":"https:\/\/redsemlac.com\/semmexico\/wp-json\/wp\/v2\/media\/34777"}],"wp:attachment":[{"href":"https:\/\/redsemlac.com\/semmexico\/wp-json\/wp\/v2\/media?parent=34773"}],"wp:term":[{"taxonomy":"category","embeddable":true,"href":"https:\/\/redsemlac.com\/semmexico\/wp-json\/wp\/v2\/categories?post=34773"},{"taxonomy":"post_tag","embeddable":true,"href":"https:\/\/redsemlac.com\/semmexico\/wp-json\/wp\/v2\/tags?post=34773"}],"curies":[{"name":"wp","href":"https:\/\/api.w.org\/{rel}","templated":true}]}}