{"id":34758,"date":"2021-04-26T15:00:59","date_gmt":"2021-04-26T21:00:59","guid":{"rendered":"https:\/\/redsemlac.com\/semmexico\/?p=34758"},"modified":"2023-07-21T16:58:18","modified_gmt":"2023-07-21T21:58:18","slug":"piden-a-diputadas-y-diputados-federales-por-morelos-aprobar-ley-olimpia","status":"publish","type":"post","link":"https:\/\/redsemlac.com\/semmexico\/piden-a-diputadas-y-diputados-federales-por-morelos-aprobar-ley-olimpia\/","title":{"rendered":"Piden a diputadas y diputados federales por Morelos aprobar Ley Olimpia"},"content":{"rendered":"\n<ul class=\"wp-block-list\"><li><strong>&nbsp;\u201c\u00a1Si no hay aprobaci\u00f3n, habr\u00e1 revoluci\u00f3n!\u201d<\/strong><\/li><li><strong>Se unen a la demanda nacional, con protestas en el Congreso general<\/strong><\/li><\/ul>\n\n\n\n<p class=\"wp-block-paragraph\"><strong>Estrella Pedroza&nbsp;<\/strong><\/p>\n\n\n\n<p class=\"wp-block-paragraph\">SemM\u00e9xico, Cuernavaca, Morelos, 26 de abril, 2021.- Feministas de Morelos se unieron a la protesta nacional para exigir a los diputados federales&nbsp; la aprobaci\u00f3n de la Ley Olimpia a nivel federal y bajo la consigna \u201c\u00a1Si no hay aprobaci\u00f3n, habr\u00e1 revoluci\u00f3n!\u201d se manifestaron en el Congreso de Morelos.&nbsp;<\/p>\n\n\n\n<p class=\"wp-block-paragraph\">&nbsp;\u201cLes llamamos a representarnos de verdad y&nbsp; les pedimos no olvidarse de agendar Ley Olimpia para ser votada en Pleno en este periodo&#8230; Porque queremos estar seguras tambi\u00e9n internet\u201d, dijeron.&nbsp;<\/p>\n\n\n\n<p class=\"wp-block-paragraph\">Y pidieron a las diputadas y diputados por Morelos, principalmente a Jorge Arg\u00fcelles que es integrante de la Junta de Coordinaci\u00f3n Pol\u00edtica,&nbsp; que respalden la iniciativa de Ley porque&nbsp; castigar&nbsp; la violencia digital no puede esperar m\u00e1s.<\/p>\n\n\n\n<p class=\"wp-block-paragraph\">En total son nueve representantes de Morelos en el Congreso de la Uni\u00f3n y se trata de&nbsp; Roc\u00edo Carolina Pozos Ponce, Alejandra Pani Barrag\u00e1n, Juanita Guerra Mena, \u00d3scar Mart\u00ednez Terrazas, Samuel Calder\u00f3n Medina, Marco Antonio Adame, Jorge Arg\u00fcelles Victorero,&nbsp; Alejandro Mojica Toledo y Jos\u00e9 Guadalupe Ambrocio Gachuz<\/p>\n\n\n\n<p class=\"wp-block-paragraph\">\u201cNo es posible que solo se apruebe una reforma sin darle seguimiento, por este motivo tambi\u00e9n manifestamos que es importante esta aprobaci\u00f3n&nbsp; para que los meses siguientes podamos aterrizar las observaciones pertinentes para su mejora e iniciar en su caso las reformas necesarias pero ya con un sustento jur\u00eddico\u201d.<\/p>\n\n\n\n<p class=\"wp-block-paragraph\">Esta protesta se realiz\u00f3 de manera simult\u00e1nea en las inmediaciones del Congreso en la Ciudad de M\u00e9xico\u00a0 y \u00a0en los Estados de Yucat\u00e1n, Colima, Jalisco, Quintana Roo, Quer\u00e9taro, Morelos, Estado de M\u00e9xico, Tamaulipas, Nayarit, Puebla, Baja California, Veracruz, Campeche, Michoac\u00e1n y Chihuahua.<\/p>\n","protected":false},"excerpt":{"rendered":"<p>\u201c\u00a1Si no hay aprobaci\u00f3n, habr\u00e1 revoluci\u00f3n!\u201d<\/p>\n","protected":false},"author":3,"featured_media":34759,"comment_status":"open","ping_status":"open","sticky":false,"template":"","format":"standard","meta":{"_monsterinsights_skip_tracking":false,"footnotes":""},"categories":[692,54],"tags":[],"class_list":["post-34758","post","type-post","status-publish","format-standard","has-post-thumbnail","category-692","category-mujeres"],"_links":{"self":[{"href":"https:\/\/redsemlac.com\/semmexico\/wp-json\/wp\/v2\/posts\/34758","targetHints":{"allow":["GET"]}}],"collection":[{"href":"https:\/\/redsemlac.com\/semmexico\/wp-json\/wp\/v2\/posts"}],"about":[{"href":"https:\/\/redsemlac.com\/semmexico\/wp-json\/wp\/v2\/types\/post"}],"author":[{"embeddable":true,"href":"https:\/\/redsemlac.com\/semmexico\/wp-json\/wp\/v2\/users\/3"}],"replies":[{"embeddable":true,"href":"https:\/\/redsemlac.com\/semmexico\/wp-json\/wp\/v2\/comments?post=34758"}],"version-history":[{"count":0,"href":"https:\/\/redsemlac.com\/semmexico\/wp-json\/wp\/v2\/posts\/34758\/revisions"}],"wp:featuredmedia":[{"embeddable":true,"href":"https:\/\/redsemlac.com\/semmexico\/wp-json\/wp\/v2\/media\/34759"}],"wp:attachment":[{"href":"https:\/\/redsemlac.com\/semmexico\/wp-json\/wp\/v2\/media?parent=34758"}],"wp:term":[{"taxonomy":"category","embeddable":true,"href":"https:\/\/redsemlac.com\/semmexico\/wp-json\/wp\/v2\/categories?post=34758"},{"taxonomy":"post_tag","embeddable":true,"href":"https:\/\/redsemlac.com\/semmexico\/wp-json\/wp\/v2\/tags?post=34758"}],"curies":[{"name":"wp","href":"https:\/\/api.w.org\/{rel}","templated":true}]}}