{"id":34743,"date":"2021-04-26T11:33:55","date_gmt":"2021-04-26T17:33:55","guid":{"rendered":"https:\/\/redsemlac.com\/semmexico\/?p=34743"},"modified":"2023-07-21T16:58:19","modified_gmt":"2023-07-21T21:58:19","slug":"cuba-el-valor-de-los-cuidados-otra-realidad-que-emerge-con-la-pandemia","status":"publish","type":"post","link":"https:\/\/redsemlac.com\/semmexico\/cuba-el-valor-de-los-cuidados-otra-realidad-que-emerge-con-la-pandemia\/","title":{"rendered":"Cuba: El valor de los cuidados, otra realidad que emerge con la pandemia"},"content":{"rendered":"\n<p class=\"wp-block-paragraph\"><strong>De la redacci\u00f3n<\/strong><\/p>\n\n\n\n<p class=\"wp-block-paragraph\">SemM\u00e9xico\/ SEMlac. La Habana, Cuba.  26 de abril 2021.- A la sobrecarga de las labores de cuidado, colocada hist\u00f3ricamente sobre las mujeres, se a\u00f1ade la repercusi\u00f3n que en este \u00e1mbito de la vida ha tenido la pandemia de covid-19 sobre ellas. Pero el an\u00e1lisis de este tema tiene que partir de la feminizaci\u00f3n que ya exist\u00eda de los cuidados y su poco reconocimiento.<\/p>\n\n\n\n<p class=\"wp-block-paragraph\">En ello coincidieron especialistas durante el panel virtual \u00abLos cuidados en el centro de la vida humana y natural\u00bb, organizado el 23 de abril por el Cap\u00edtulo cubano de la Marcha Mundial de las Mujeres (MMM). La iniciativa forma parte de la jornada 24 horas de acci\u00f3n feminista que cada a\u00f1o convoca esta organizaci\u00f3n.<\/p>\n\n\n\n<p class=\"wp-block-paragraph\">Para la investigadora del Departamento de Sociolog\u00eda de la Universidad de La Habana Magela Romero, \u00abel cuidado tiene que ser concebido como un derecho y un deber ciudadano y ser contemplado desde un enfoque sociol\u00f3gico y pol\u00edtico\u00bb.<\/p>\n\n\n\n<p class=\"wp-block-paragraph\">La experta subray\u00f3 la necesidad de impulsar los estudios sobre el tema y visibilizar la importancia de los cuidados en general, incluyendo el autocuidado. \u00abTiene que ver con la vida de todas las personas\u00bb, se\u00f1al\u00f3. Premisas que en medio de la emergencia sanitaria generada por la covid-19 cobran mayor relevancia.<\/p>\n\n\n\n<p class=\"wp-block-paragraph\">La periodista Lirians Gordillo alert\u00f3 sobre el hecho de que \u00aben una situaci\u00f3n de crisis, las m\u00e1s afectadas son siempre las mujeres y vuelven a reforzarse los roles tradicionales de g\u00e9nero\u00bb.<\/p>\n\n\n\n<p class=\"wp-block-paragraph\">A su juicio, tanto en espacios de incidencia local, como territorial y nacional, es vital identificar las brechas de g\u00e9nero y tambi\u00e9n entre el discurso, la voluntad pol\u00edtica y las acciones; as\u00ed como alertar sobre las contradicciones que se puedan estar dando en este sentido, consider\u00f3.<\/p>\n\n\n\n<p class=\"wp-block-paragraph\">Maura Febles, investigadora del grupo Grupo Am\u00e9rica Latina, Filosof\u00eda Social y Axiolog\u00eda (Galfisa) y el Espacio Feminista Berta C\u00e1ceres, se\u00f1al\u00f3 algunos de los desaf\u00edos para los cuidados en el contexto de la pandemia.<\/p>\n\n\n\n<p class=\"wp-block-paragraph\">\u00abEl regreso de las mujeres al espacio privado, el hogar, ha tra\u00eddo consigo una carga simb\u00f3lica de lo que ha significado a nivel de imaginario, percepciones, autoestima, cotidianidad. Ello tiene implicaciones concretas para las mujeres y entre las m\u00e1s evidentes est\u00e1 la repercusi\u00f3n econ\u00f3mica que ha significado el confinamiento, pues han sido ellas las m\u00e1s perjudicadas ante el descenso en la tasa de ocupaci\u00f3n\u00bb, dijo.<\/p>\n\n\n\n<p class=\"wp-block-paragraph\">Las mujeres est\u00e1n m\u00e1s expuestas al contagio y en Cuba son protagonistas de la resistencia ante la pandemia, se\u00f1al\u00f3 Febles, en tanto ellas se han mantenido como mayor\u00eda en la primera l\u00ednea de enfrentamiento a la epidemia, en sectores sensibles como los servicios, la ciencia y la salud.<\/p>\n\n\n\n<p class=\"wp-block-paragraph\">Adem\u00e1s, en un contexto donde se han reinventado las din\u00e1micas cotidianas de manera creativa, el teletrabajo contin\u00faa siendo un reto para ellas, que comparten su tiempo entre la sobrecarga dom\u00e9stica, de cuidados y las responsabilidades laborales.<\/p>\n\n\n\n<h2 class=\"wp-block-heading\"><strong>Resignificar los cuidados<\/strong><\/h2>\n\n\n\n<p class=\"wp-block-paragraph\">\u00abCuidar es un trabajo grande e indispensable que garantiza la sostenibilidad de la vida, pero cada vez hay m\u00e1s personas que demandan atenciones y menos para entregarlas. Esta crisis sanitaria generada por la covid-19 sigue siendo una oportunidad para resignificar nuestras vidas, nuestros cuerpos y los cuidados\u00bb, apunt\u00f3 la realizadora Lizette Vila, fundadora del proyecto Palomas, Casa productora de audiovisuales para el activismo social.<\/p>\n\n\n\n<p class=\"wp-block-paragraph\">Para Vila -quien se refiri\u00f3 a la realizaci\u00f3n de su \u00faltimo documental Ellas\u2026sus cuidados y cuidadoras-, la pandemia exige reflejar una comunidad mayoritariamente conformada por mujeres, muchas veces silenciadas.<\/p>\n\n\n\n<p class=\"wp-block-paragraph\">\u00abLos cuidados son un derecho humano y toda persona tiene derecho a recibir un cuidado digno, pero el debate casi siempre se centra y coloca m\u00e1s en las demandas de atenciones y no en quienes cuidan. \u00bfQui\u00e9n cuida entonces a las cuidadoras? Las cuidadoras posponen sue\u00f1os, renuncian a proyectos, se anulan, se desaniman de trabajar, pierden autoestima y autonom\u00eda, quedan expuestas a los conflictos familiares y sociales y a las diferentes expresiones de la violencia de g\u00e9nero\u00bb, apunt\u00f3 Vila.<\/p>\n\n\n\n<p class=\"wp-block-paragraph\">Justamente sobre la feminizaci\u00f3n de los cuidados y la necesidad de ampliar la mirada cr\u00edtica hacia el patriarcado como sistema de opresi\u00f3n hacia las mujeres, llam\u00f3 la atenci\u00f3n Herminia Rodr\u00edguez, periodista y especialista del Ministerio de Educaci\u00f3n Superior.<\/p>\n\n\n\n<p class=\"wp-block-paragraph\">Al referirse a un estudio realizado en 2016 por la Federaci\u00f3n de Mujeres Cubanas (FMC), que tribut\u00f3 a la Cepal, centrado en la autonom\u00eda econ\u00f3mica de las mujeres y su relaci\u00f3n con los cuidados, dijo que los resultados evidenciaron la feminizaci\u00f3n de esas labores en varios pa\u00edses de nuestra regi\u00f3n.<\/p>\n\n\n\n<p class=\"wp-block-paragraph\">\u00abEst\u00e1n feminizados los cuidados, sobre todo en sectores, ocupaciones y profesiones como la educaci\u00f3n y la salud. En el caso de Cuba, donde la presencia de la mujer en la ocupaci\u00f3n es tan alta, nos encontramos que hay una sobrecarga, a veces abrumadora, de las labores de cuidado, que recae sobre ellas. La mujer ejerciendo cuidados desde su trabajo p\u00fablico o empleo, y las mujeres ejerciendo el cuidado, mayoritariamente, en el \u00e1mbito familiar, donde est\u00e1n a cargo de ni\u00f1os y ni\u00f1as, personas mayores y enfermas, con dependencias invalidantes para su autonom\u00eda\u2026\u00bb, ejemplific\u00f3.<\/p>\n\n\n\n<h2 class=\"wp-block-heading\"><strong>De la investigaci\u00f3n a las pol\u00edticas<\/strong><\/h2>\n\n\n\n<p class=\"wp-block-paragraph\">Romero consider\u00f3 que visibilizar el tema de los cuidados \u00abimplica apostar directamente por el mejor aprovechamiento de investigaciones y pr\u00e1cticas feministas en el monitoreo, dise\u00f1o e implementaci\u00f3n de pol\u00edticas p\u00fablicas, y abog\u00f3 por un di\u00e1logo necesario entre el Estado y las organizaciones que apuestan por ese desarrollo\u00bb, dijo.<\/p>\n\n\n\n<p class=\"wp-block-paragraph\">Explic\u00f3 que la Red Nacional de Estudios sobre Cuidados en Cuba, creada en 2020, surgi\u00f3 tras el primer taller de especialistas del pa\u00eds en este \u00e1mbito y una sistematizaci\u00f3n que identific\u00f3 alrededor de 250 investigaciones sobre el tema. En todas se contemplaba la importancia de entender los cuidados en sus m\u00faltiples dimensiones, incluido el autocuidado, destac\u00f3.<\/p>\n\n\n\n<p class=\"wp-block-paragraph\">A poco m\u00e1s de un a\u00f1o de creada, la red cuenta con m\u00e1s de un centenar de especialistas de unas 30 instituciones de todo el pa\u00eds. Su principal objetivo es favorecer la articulaci\u00f3n y colaboraci\u00f3n entre instituciones, organizaciones, investigadores y actores sociales que, desde las investigaciones, contribuyen al fortalecimiento de las pol\u00edticas y al fomento de buenas pr\u00e1cticas.<\/p>\n\n\n\n<p class=\"wp-block-paragraph\">Al intervenir en el debate, la psic\u00f3loga e investigadora Yohanka Vald\u00e9s consider\u00f3 que la naci\u00f3n caribe\u00f1a ha dado pasos de avance en cuanto a los cuidados. \u00abPero existen desaf\u00edos a\u00fan pendientes. Sobre todo, la voluntad pol\u00edtica y el trabajo acad\u00e9mico deben convertirse en m\u00e1s acciones, donde se expresen las complejidades de la interseccionalidades raza, g\u00e9nero y desigualdades sociales\u00bb, dijo.<\/p>\n\n\n\n<p class=\"wp-block-paragraph\">Sobre este aspecto, Romero insisti\u00f3 en que las pol\u00edticas de cuidados deben llegar no solo a las urbes, sino a espacios perif\u00e9ricos, lugares monta\u00f1osos, costeros, a donde no llega muchas veces el actuar de algunas organizaciones que apuestan por este tipo de iniciativas.<\/p>\n\n\n\n<p class=\"wp-block-paragraph\">\u00abEs un tema que no depende de un organismo y una organizaci\u00f3n, las claves para avanzar en la soluci\u00f3n est\u00e1n en la articulaci\u00f3n de muchas voluntades\u00bb, sostuvo Herminia Rodr\u00edguez.<\/p>\n\n\n\n<p class=\"wp-block-paragraph\">Yuleidys Gonz\u00e1lez Estrada, investigadora y coordinadora del proyecto La cuarta Luc\u00eda, se\u00f1al\u00f3 la necesidad de involucrar en todos estos procesos a mujeres y hombres. \u00abSon muy importantes los proyectos que se hacen desde la FMC y es sumamente esencial que se tomen en cuenta investigaciones y trabajos que se hacen desde las zonas orientales y rurales\u00bb, agreg\u00f3.<\/p>\n\n\n\n<p class=\"wp-block-paragraph\">Sobre ello, Llanisca Lugo, educadora popular del Centro Memorial Martin Luther King apunt\u00f3 que es preciso el enfoque interseccional a la hora de abordar este tema, pues ayuda a que el movimiento feminista dialogue con las realidades complejas de las mujeres.<\/p>\n\n\n\n<p class=\"wp-block-paragraph\">De acuerdo con Romero, deben valorase las diversas din\u00e1micas que se cruzan con los cuidados y no solamente el poder patriarcal. \u00abPor ejemplo, la crisis econ\u00f3mica que se ha incrementado en esta \u00e9poca de pandemia\u00bb, dijo.<\/p>\n\n\n\n<p class=\"wp-block-paragraph\">Agreg\u00f3 que el Programa Nacional para el Adelanto de las Mujeres, impulsado por la FMC, es un marco de acci\u00f3n pol\u00edtica para aprovechar y al cual aportar. \u00abEl cuidado de la vida no solo tiene que ser visto como una estrategia para el empoderamiento de las mujeres, sino como un eje central para el empoderamiento social, para el bienestar colectivo\u00bb, refiri\u00f3.<\/p>\n\n\n\n<p class=\"wp-block-paragraph\">La MMM es un movimiento relevante que a nivel internacional ha ayudado a visibilizar problem\u00e1ticas como la violencia de g\u00e9nero, la feminizaci\u00f3n de la pobreza, el trabajo de las mujeres y el activismo. \u00abQue se dedique esta agenda al tema de cuidados es una oportunidad trascendental\u00bb, concluy\u00f3 Romero.<\/p>\n","protected":false},"excerpt":{"rendered":"<p>A la sobrecarga de las labores de cuidado, colocada hist\u00f3ricamente sobre las mujeres, se a\u00f1ade la repercusi\u00f3n que en este \u00e1mbito de la vida ha tenido la pandemia de covid-19 sobre ellas. <\/p>\n","protected":false},"author":3,"featured_media":34744,"comment_status":"open","ping_status":"open","sticky":false,"template":"","format":"standard","meta":{"_monsterinsights_skip_tracking":false,"footnotes":""},"categories":[692,53],"tags":[],"class_list":["post-34743","post","type-post","status-publish","format-standard","has-post-thumbnail","category-692","category-internacional"],"_links":{"self":[{"href":"https:\/\/redsemlac.com\/semmexico\/wp-json\/wp\/v2\/posts\/34743","targetHints":{"allow":["GET"]}}],"collection":[{"href":"https:\/\/redsemlac.com\/semmexico\/wp-json\/wp\/v2\/posts"}],"about":[{"href":"https:\/\/redsemlac.com\/semmexico\/wp-json\/wp\/v2\/types\/post"}],"author":[{"embeddable":true,"href":"https:\/\/redsemlac.com\/semmexico\/wp-json\/wp\/v2\/users\/3"}],"replies":[{"embeddable":true,"href":"https:\/\/redsemlac.com\/semmexico\/wp-json\/wp\/v2\/comments?post=34743"}],"version-history":[{"count":0,"href":"https:\/\/redsemlac.com\/semmexico\/wp-json\/wp\/v2\/posts\/34743\/revisions"}],"wp:featuredmedia":[{"embeddable":true,"href":"https:\/\/redsemlac.com\/semmexico\/wp-json\/wp\/v2\/media\/34744"}],"wp:attachment":[{"href":"https:\/\/redsemlac.com\/semmexico\/wp-json\/wp\/v2\/media?parent=34743"}],"wp:term":[{"taxonomy":"category","embeddable":true,"href":"https:\/\/redsemlac.com\/semmexico\/wp-json\/wp\/v2\/categories?post=34743"},{"taxonomy":"post_tag","embeddable":true,"href":"https:\/\/redsemlac.com\/semmexico\/wp-json\/wp\/v2\/tags?post=34743"}],"curies":[{"name":"wp","href":"https:\/\/api.w.org\/{rel}","templated":true}]}}