{"id":34718,"date":"2021-04-26T08:12:31","date_gmt":"2021-04-26T14:12:31","guid":{"rendered":"https:\/\/redsemlac.com\/semmexico\/?p=34718"},"modified":"2023-07-21T16:58:19","modified_gmt":"2023-07-21T21:58:19","slug":"telefonia-e-internet-donde","status":"publish","type":"post","link":"https:\/\/redsemlac.com\/semmexico\/telefonia-e-internet-donde\/","title":{"rendered":"\u201cTelefon\u00eda e internet: \u00bfd\u00f3nde?\u201d"},"content":{"rendered":"\n<h2 class=\"wp-block-heading\"><strong>VIOLETA DEL AN\u00c1HUAC<\/strong><\/h2>\n\n\n\n<p class=\"wp-block-paragraph\"><strong>Isabel Ortega Morales<\/strong><\/p>\n\n\n\n<p class=\"wp-block-paragraph\">SemM\u00e9xico, Tlapa de Comonfort, Guerrero, 26 de abril&nbsp; 2021.- Mayo ha sido anunciado por el Gobierno Federal \u2013que lleva convenientemente la informaci\u00f3n- responsable del Plan Nacional de Vacunaci\u00f3n, como el mes para aplicar al Magisterio del pa\u00eds la vacuna contra COVID-19, aunque algunas entidades, como Veracruz, han iniciado ya.<\/p>\n\n\n\n<p class=\"wp-block-paragraph\">\u00bfQui\u00e9n podr\u00eda negar el espl\u00e9ndido \u201cregalo\u201d que significa para el magisterio recibir la protecci\u00f3n contra el&nbsp; virus que a\u00fan es un riesgo latente para el pa\u00eds y para el mundo? Luego de la vacunaci\u00f3n, dice el mismo gobierno federal, una semana posterior deben iniciar las clases presenciales, aunque en Guerrero se\u00f1ala el Mandatario Estatal ser\u00e1 luego de que sean vacunadas todas y todos los maestros, esperar que no haya reacciones graves y desinfectar m\u00e1s de once mil escuelas. Claro, adem\u00e1s hay que dotarlas de agua y elementos para mantener las medidas sanitarias dentro de las aulas sin que se convierta en una lamentable ola de contagios y, \u00a1DIOS libre!, de decesos.<\/p>\n\n\n\n<p class=\"wp-block-paragraph\">Estoy en Tlapa de Comonfort. Es domingo, hace calor. Tengo muchas actividades por realizar y muchas de ellas tienen que ver con la conectividad al INTERNET. Pero este servicio, as\u00ed como la red de telefon\u00eda, est\u00e1n fuera de servicio desde la media noche del s\u00e1bado, y una leyenda agrega \u201csolo emergencias\u201d. Las primeras ocasiones que esto me suced\u00eda casi entraba en p\u00e1nico, hasta que, seren\u00e1ndome, me puse a observar c\u00f3mo se resolv\u00eda en \u00e9sta ciudad y en esta regi\u00f3n ese problema y c\u00f3mo el mismo impactaba en la sociedad, es decir, record\u00e9 que soy periodista.<\/p>\n\n\n\n<p class=\"wp-block-paragraph\">Entonces \u201cescuch\u00e9\u201d a las mujeres decir que sus hijas o hijos ten\u00edan que presentar examen y sin conexi\u00f3n no podr\u00edan hacerlo. O\u00eda las voces de otras m\u00e1s diciendo que \u201cles ped\u00edan un n\u00famero determinado de asistencia\u201d y que les quitar\u00edan derechos a examen, a recibir evaluaciones, a realizar trabajos sino estaban \u201cen la pantalla\u201d como el resto del alumnado. Con las vecinas escucho como lidian con las y los peque\u00f1ines para que hagan sus tareas\u2026bueno\u2026que sigan en la p\u00e1gina siguiente del libro. Aunque otras mam\u00e1s intentan ocultar algo que es una realidad: no saben c\u00f3mo ayudar a sus hijos porque no saben leer ni escribir. Entonces, mejor las ponen a trabajar en el campo y en las actividades dom\u00e9sticas.<\/p>\n\n\n\n<p class=\"wp-block-paragraph\">Y me dec\u00eda \u00a1y yo preocupada hasta la angustia! Record\u00e9 mis clases de meditaci\u00f3n, guard\u00e9 silencio y s\u00ed. Esta realidad es desconocida cuando se hacen proyectos desde el escritorio, con luz, con conectividad a internet, con una o dos l\u00edneas telef\u00f3nicas fijas y dos o tres aparatos celulares. Esos y ellas se indignan cuando les cuestionan sobre c\u00f3mo est\u00e1n llevando educaci\u00f3n a las poblaciones rurales, c\u00f3mo est\u00e1n llevando educaci\u00f3n a zonas ind\u00edgenas. Evidentemente es con el compromiso del Magisterio que est\u00e1 acerc\u00e1ndose de manera presencial, sin ser a\u00fan vacunado@s, para cumplir con su apostolado, hoy m\u00e1s que nunca.<\/p>\n\n\n\n<p class=\"wp-block-paragraph\">Por eso tal vez el gobierno tiene prisa porque regresen a las aulas. Para que no est\u00e9n \u201csin hacer nada\u201d y pensando en la ma\u00f1anera y en la protesta.<\/p>\n\n\n\n<p class=\"wp-block-paragraph\">Hace calor, pero no se a cuantos grados aunque las vecinas me dicen que \u201crayamos los 38 grados\u201d. Aqu\u00ed en la Monta\u00f1a hay que tener paciencia, que he cultivado, hay que tener compromiso, que he construido con resiliencia, hay que tener ganar de servir. De lo contrario tendr\u00edamos que encabezar la protesta para decir que sin telefon\u00eda, sin internet, las mentiras se notan m\u00e1s, aunque parezca que no.<\/p>\n","protected":false},"excerpt":{"rendered":"<p>Mayo ha sido anunciado por el Gobierno Federal \u2013que lleva convenientemente la informaci\u00f3n- responsable del Plan Nacional de Vacunaci\u00f3n, como el mes para aplicar al Magisterio del pa\u00eds la vacuna contra COVID-19<\/p>\n","protected":false},"author":3,"featured_media":25233,"comment_status":"open","ping_status":"open","sticky":false,"template":"","format":"standard","meta":{"_monsterinsights_skip_tracking":false,"footnotes":""},"categories":[692,198,35,197],"tags":[],"class_list":["post-34718","post","type-post","status-publish","format-standard","has-post-thumbnail","category-692","category-isabel-ortega-morales","category-opinion","category-violeta-del-anahuac"],"_links":{"self":[{"href":"https:\/\/redsemlac.com\/semmexico\/wp-json\/wp\/v2\/posts\/34718","targetHints":{"allow":["GET"]}}],"collection":[{"href":"https:\/\/redsemlac.com\/semmexico\/wp-json\/wp\/v2\/posts"}],"about":[{"href":"https:\/\/redsemlac.com\/semmexico\/wp-json\/wp\/v2\/types\/post"}],"author":[{"embeddable":true,"href":"https:\/\/redsemlac.com\/semmexico\/wp-json\/wp\/v2\/users\/3"}],"replies":[{"embeddable":true,"href":"https:\/\/redsemlac.com\/semmexico\/wp-json\/wp\/v2\/comments?post=34718"}],"version-history":[{"count":0,"href":"https:\/\/redsemlac.com\/semmexico\/wp-json\/wp\/v2\/posts\/34718\/revisions"}],"wp:featuredmedia":[{"embeddable":true,"href":"https:\/\/redsemlac.com\/semmexico\/wp-json\/wp\/v2\/media\/25233"}],"wp:attachment":[{"href":"https:\/\/redsemlac.com\/semmexico\/wp-json\/wp\/v2\/media?parent=34718"}],"wp:term":[{"taxonomy":"category","embeddable":true,"href":"https:\/\/redsemlac.com\/semmexico\/wp-json\/wp\/v2\/categories?post=34718"},{"taxonomy":"post_tag","embeddable":true,"href":"https:\/\/redsemlac.com\/semmexico\/wp-json\/wp\/v2\/tags?post=34718"}],"curies":[{"name":"wp","href":"https:\/\/api.w.org\/{rel}","templated":true}]}}