{"id":34716,"date":"2021-04-26T08:10:24","date_gmt":"2021-04-26T14:10:24","guid":{"rendered":"https:\/\/redsemlac.com\/semmexico\/?p=34716"},"modified":"2023-07-21T16:58:19","modified_gmt":"2023-07-21T21:58:19","slug":"pobrecito-satanas","status":"publish","type":"post","link":"https:\/\/redsemlac.com\/semmexico\/pobrecito-satanas\/","title":{"rendered":"Pobrecito Satan\u00e1s"},"content":{"rendered":"\n<h2 class=\"wp-block-heading\"><strong>Botella al Mar<\/strong><\/h2>\n\n\n\n<p class=\"wp-block-paragraph\"><strong>Martha Canseco Gonz\u00e1lez.<\/strong><\/p>\n\n\n\n<p class=\"wp-block-paragraph\">SemM\u00e9xico, Pachuca, Hidalgo, 26 de abril, 2021.- \u201cPobrecito Satan\u00e1s, practicando el mal a todo das\u2026has perdido ya tu juventud y las fuerzas no te rinden m\u00e1s\u2026 Pobrecito Belceb\u00fa eres c\u00e1ndido como una flor\u2026 piensas que no hay nadie como t\u00fa y hay much\u00edsimos que son peor. Pues la gente te ha robado el tenedor y se pinchan unos a otros con furor\u2026 inocente piensas que causas pavor y conozco yo a un se\u00f1or que sin rabo y sin cuernos te ha expulsado del infierno\u2026pobrecito Satan\u00e1s al final el arpa tocar\u00e1s\u2026 Impotente contin\u00faas t\u00fa labor y conozco yo a otro se\u00f1or rey del vicio y de la trampa que se r\u00ede de tu estampa\u2026pobrecito satan\u00e1s\u201d<\/p>\n\n\n\n<p class=\"wp-block-paragraph\">As\u00ed cantaba hace 24 a\u00f1os el grupo espa\u00f1ol Vainica Doble integrado por Carmen Santoja y Gloria van Aerssen refiri\u00e9ndose a la decadencia de este sistema patriarcal que apoyado en la religi\u00f3n nos caus\u00f3 miedo con la figura del diablo con el objetivo de controlarnos y para que no nos di\u00e9ramos cuenta de la enorme crueldad y maldad que aplican tantos hombres para seguir mandando.<\/p>\n\n\n\n<p class=\"wp-block-paragraph\">A pesar del paso del tiempo, esta canci\u00f3n est\u00e1 ahora m\u00e1s vigente que nunca sobre todo por lo que est\u00e1 pasando con tantos hombres.<\/p>\n\n\n\n<p class=\"wp-block-paragraph\">\u00bfA qui\u00e9n en su sano juicio se le puede ocurrir llamar a un d\u00eda de la violaci\u00f3n? Pues a muchos hombres que hicieron este llamado a trav\u00e9s de las redes sociales. Es as\u00ed como ancestralmente los hombres han sojuzgado a las mujeres, a trav\u00e9s de violentar sus cuerpos, lo siguen haciendo, lo que llama la atenci\u00f3n es que lo hagan tan abierta, descaradamente sin ning\u00fan l\u00edmite.<\/p>\n\n\n\n<p class=\"wp-block-paragraph\">Claro, ante tal reacci\u00f3n adversa tuvieron que salir a decir que se trataba de una broma, su est\u00fapida excusa de siempre.<\/p>\n\n\n\n<p class=\"wp-block-paragraph\">Por supuesto no se trat\u00f3 de una broma sino de una seria intenci\u00f3n, porque para que sea broma nos tenemos que re\u00edr ellos y nosotras, resulta que s\u00f3lo se r\u00eden ellos, en consecuencia, no es una broma es violencia pura y dura.<\/p>\n\n\n\n<p class=\"wp-block-paragraph\">Lo cierto es que ese llamado es una muestra m\u00e1s de la total falta de empat\u00eda de tantos hombres, ni\u00f1os, adolescentes y adultos con respecto a las mujeres.<\/p>\n\n\n\n<p class=\"wp-block-paragraph\">Mi querida amiga Kika Fumero actualmente directora del Instituto Canario de la Igualdad y su equipo organizaron las jornadas \u201cCoeducando que es Gerundio\u201d El lunes pasado la investigadora espa\u00f1ola M\u00f3nica Alario Gavil\u00e1n present\u00f3 una ponencia llamada Pornograf\u00eda: La pedagog\u00eda de la violencia sexual.<\/p>\n\n\n\n<p class=\"wp-block-paragraph\">Inici\u00f3 con la pregunta \u00bfPor qu\u00e9 a tantos hombres les excitante realizar pr\u00e1cticas \u201csexuales\u201d con una mujer que no desea realizar esa pr\u00e1ctica con ellos?, primero aclar\u00f3 que no es lo mismo el deseo que el consentimiento, es decir una mujer puede tener deseo de tener una pr\u00e1ctica sexual, pero no dar su consentimiento para hacerlo. Pero hay una abrumadora mayor\u00eda de mujeres que no dan su consentimiento para tales pr\u00e1cticas sexuales, pero que se ven obligadas a ello.<\/p>\n\n\n\n<p class=\"wp-block-paragraph\">Por la presi\u00f3n de sus parejas, por que sienta que no tiene derecho a decir que no, por miedo a la violencia extrema que puede sufrir si se niega, o por necesidad econ\u00f3mica. Eso, dice M\u00f3nica no es sexo, es violencia sexual.<\/p>\n\n\n\n<p class=\"wp-block-paragraph\">Es necesario indica, saber reconocer la diferencia entre una y otra cosa, la verdad dijo, es que no se reconoce. Para que sea sexo se\u00f1al\u00f3, es imprescindible que est\u00e9 basado en la reciprocidad, que es necesario que cuente con el deseo de las mujeres y con un consentimiento, <strong><em><u>que nazca de ese deseo<\/u><\/em><\/strong>, no de la presi\u00f3n. Por el contrario, en la violencia sexual, no hay reciprocidad, no cuenta con el deseo de las mujeres y mucho menos con su consentimiento.<\/p>\n\n\n\n<p class=\"wp-block-paragraph\">En este \u00faltimo se ubica la pornograf\u00eda, ah\u00ed el \u00fanico sujeto con deseo es el hombre y va a satisfacer ese deseo accediendo por la fuerza al cuerpo de una mujer o una ni\u00f1a, ambas se convierten as\u00ed en un objeto para la satisfacci\u00f3n de ellos y eso las deshumaniza por completo. Dice M\u00f3nica, no he visto ning\u00fan video pornogr\u00e1fico donde la mujer o la ni\u00f1a diga que <strong><em><u>no<\/u><\/em><\/strong> quiere participar en ese acto y su negativa sea respetada, pero he visto decenas y decenas de videos donde las mujeres expresan tajantemente su negativa y son obligadas con violencia.<\/p>\n\n\n\n<p class=\"wp-block-paragraph\">Es decir, se\u00f1ala la investigadora, la pornograf\u00eda no es sexo expl\u00edcito, es violencia sexual expl\u00edcita y eso, aclara, tiene que ver con el abuso del poder, no tiene nada que ver con lo sexual. Ese <strong><em><u>no<\/u><\/em><\/strong> de las mujeres en la pornograf\u00eda que nunca es respetado, tiene una funci\u00f3n pol\u00edtica, a\u00f1ade Alario, es decir, ese <strong><em><u>no<\/u><\/em><\/strong> permite al hombre tener una mayor sensaci\u00f3n de poder en el acceso al cuerpo de esa mujer o de esa ni\u00f1a, que la que obtendr\u00eda s\u00ed ellas dieran su consentimiento.<\/p>\n\n\n\n<p class=\"wp-block-paragraph\">En suma, imponer su deseo, es la base de la excitaci\u00f3n masculina en el patriarcado, \u00a1les da placer someter! En consecuencia, arrebata a las mujeres la posibilidad de poner l\u00edmites en lo relativo al acceso de sus cuerpos a los hombres, y violenta as\u00ed su derecho a una vida libre de violencia.<\/p>\n\n\n\n<p class=\"wp-block-paragraph\">Pero, se\u00f1ala que como siempre se ve en la pornograf\u00eda que los hombres cumplen sus deseos, ellos concluyen con uno de los mitos ancestrales al respecto, que, aunque las mujeres digan que <strong><em><u>no<\/u><\/em><\/strong>, en el fondo lo desean y entonces resulta que lo que ven ni\u00f1os, j\u00f3venes y hombres adultos en la pornograf\u00eda, es sexo no violencia.<\/p>\n\n\n\n<p class=\"wp-block-paragraph\">La estrategia de la pornograf\u00eda es sexualizar la violencia sexual, pero la presenta de tal manera que lo que captan los est\u00fapidos consumidores, es sexo, no violencia sexual.<\/p>\n\n\n\n<p class=\"wp-block-paragraph\">Saben que el video pornogr\u00e1fico m\u00e1s visto tiene m\u00e1s de 225 millones de visitas y muestra a una mujer que ha sido secuestrada y es violada oral, vaginal y analmente por cuatro hombres.<\/p>\n\n\n\n<p class=\"wp-block-paragraph\">Y esto es lo que est\u00e1n viendo ni\u00f1os, j\u00f3venes y hombres adultos con la complacencia de todo el sistema patriarcal, de las autoridades que poco hacen por evitarlo o dan castigos de t\u00eda consentidora para los criminales, porque esto es un delito. Ocurre adem\u00e1s con la ayuda de las plataformas tecnol\u00f3gicas que ganan millones y millones de d\u00f3lares con el sufrimiento de mujeres y ni\u00f1as y con la actividad criminal de quienes se dedican a la producci\u00f3n de estos materiales a qui\u00e9nes no les importa de qu\u00e9 manera ganan sus fortunas.<\/p>\n\n\n\n<p class=\"wp-block-paragraph\">La investigadora concluye que ellos se excitan al ver esos videos pornogr\u00e1ficos porque no sienten la menor empat\u00eda por el sufrimiento de las mujeres y las ni\u00f1as y eso dice, es lo que provoca la pornograf\u00eda.<\/p>\n\n\n\n<p class=\"wp-block-paragraph\">Por eso es fundamental terminar con esta industria criminal.<\/p>\n\n\n\n<p class=\"wp-block-paragraph\">Ante esta realidad s\u00f3lo queda decir \u00a1Pobrecito Satan\u00e1s que risa das!<\/p>\n\n\n\n<p class=\"wp-block-paragraph\">botellalmar2017@gmail.com<\/p>\n","protected":false},"excerpt":{"rendered":"<p>\u201cPobrecito Satan\u00e1s, practicando el mal a todo das\u2026has perdido ya tu juventud y las fuerzas no te rinden m\u00e1s<\/p>\n","protected":false},"author":3,"featured_media":9095,"comment_status":"open","ping_status":"open","sticky":false,"template":"","format":"standard","meta":{"_monsterinsights_skip_tracking":false,"footnotes":""},"categories":[692,98,84,35],"tags":[],"class_list":["post-34716","post","type-post","status-publish","format-standard","has-post-thumbnail","category-692","category-botella-al-mar","category-martha-canseco","category-opinion"],"_links":{"self":[{"href":"https:\/\/redsemlac.com\/semmexico\/wp-json\/wp\/v2\/posts\/34716","targetHints":{"allow":["GET"]}}],"collection":[{"href":"https:\/\/redsemlac.com\/semmexico\/wp-json\/wp\/v2\/posts"}],"about":[{"href":"https:\/\/redsemlac.com\/semmexico\/wp-json\/wp\/v2\/types\/post"}],"author":[{"embeddable":true,"href":"https:\/\/redsemlac.com\/semmexico\/wp-json\/wp\/v2\/users\/3"}],"replies":[{"embeddable":true,"href":"https:\/\/redsemlac.com\/semmexico\/wp-json\/wp\/v2\/comments?post=34716"}],"version-history":[{"count":0,"href":"https:\/\/redsemlac.com\/semmexico\/wp-json\/wp\/v2\/posts\/34716\/revisions"}],"wp:featuredmedia":[{"embeddable":true,"href":"https:\/\/redsemlac.com\/semmexico\/wp-json\/wp\/v2\/media\/9095"}],"wp:attachment":[{"href":"https:\/\/redsemlac.com\/semmexico\/wp-json\/wp\/v2\/media?parent=34716"}],"wp:term":[{"taxonomy":"category","embeddable":true,"href":"https:\/\/redsemlac.com\/semmexico\/wp-json\/wp\/v2\/categories?post=34716"},{"taxonomy":"post_tag","embeddable":true,"href":"https:\/\/redsemlac.com\/semmexico\/wp-json\/wp\/v2\/tags?post=34716"}],"curies":[{"name":"wp","href":"https:\/\/api.w.org\/{rel}","templated":true}]}}