{"id":3458,"date":"2019-03-14T18:43:31","date_gmt":"2019-03-14T18:43:31","guid":{"rendered":"https:\/\/redsemlac.com\/semmexico\/?p=3458"},"modified":"2023-07-21T14:47:46","modified_gmt":"2023-07-21T19:47:46","slug":"condecoraron-a-doctora-en-filosofia-rubi-de-maria-gomez-campos-por-impulsar-la-igualdad-de-genero-en-el-estado","status":"publish","type":"post","link":"https:\/\/redsemlac.com\/semmexico\/condecoraron-a-doctora-en-filosofia-rubi-de-maria-gomez-campos-por-impulsar-la-igualdad-de-genero-en-el-estado\/","title":{"rendered":"Condecoraron a doctora en filosof\u00eda Rub\u00ed de Mar\u00eda G\u00f3mez Campos, por impulsar la igualdad de g\u00e9nero en el estado."},"content":{"rendered":"\n<p class=\"wp-block-paragraph\"><a href=\"https:\/\/www.semmexico.com\/gallery-post.php?id=7560#\">Redacci\u00f3n<\/a><\/p>\n\n\n\n<p class=\"wp-block-paragraph\"><strong>Valentina Ram\u00edrez &nbsp;<\/strong><\/p>\n\n\n\n<p class=\"wp-block-paragraph\">SemM\u00e9xico\/La Voz de Michoac\u00e1n. Morelia, Michoac\u00e1n. 14 de marzo 2019.- &nbsp;En el marco del d\u00eda internacional de la mujer, este 11 de marzo el Congreso del Estado hizo la primera entrega de la condecoraci\u00f3n \u201cLa Mujer Michoacana\u201d, la cual tiene la intenci\u00f3n de reconocer a aquellas mujeres que han hecho un avance y han representado la lucha por los derechos de las mujeres y grupos vulnerables en el estado. Este reconocimiento fue dado a la doctora en filosof\u00eda Rub\u00ed de Mar\u00eda G\u00f3mez Campos en un acto oficial en el sal\u00f3n \u201cJos\u00e9 Mar\u00eda Morelos\u201d del Congreso. La condecoraci\u00f3n fue hecha en forma de la entrega de una medalla con chapa de oro, la cual tiene grabado el reconocimiento a la doctora.<\/p>\n\n\n\n<p class=\"wp-block-paragraph\">Cabe se\u00f1alar que en este evento, se cont\u00f3 con la participaci\u00f3n de la secretaria de Igualdad Sustantiva y Desarrollo de las Mujeres Michoacanas, Nuria Gabriela Hern\u00e1ndez Abarca; del Magistrado H\u00e9ctor Octavio Morales Ju\u00e1rez, presidente del Supremo Tribunal de Justicia del Estado de Michoac\u00e1n; de Omero Valdovinos Mercado, presidente del Tribunal Electoral del Estado de Michoac\u00e1n, as\u00ed como de diversos funcionarios estatales y municipales.<\/p>\n\n\n\n<p class=\"wp-block-paragraph\"><strong>El d\u00eda de la mujer representa la lucha por los derechos<\/strong><\/p>\n\n\n\n<p class=\"wp-block-paragraph\">La presidenta de la comisi\u00f3n de igualdad de g\u00e9nero, Lucila Mart\u00ednez, dio un discurso donde reconoci\u00f3 la importancia del d\u00eda internacional de la mujer, que cuenta que m\u00e1s de cien mujeres que se hab\u00edan puesto en huelga por las deplorables condiciones de trabajo que viv\u00edan en la f\u00e1brica d\u00f3nde laboraban murieron calcinadas luego de quedar encerradas dentro del edifico por lo cual este d\u00eda representa la b\u00fasqueda de derechos para las mujeres.<\/p>\n\n\n\n<p class=\"wp-block-paragraph\">Mart\u00ednez se\u00f1al\u00f3 que acuerdo con el INEGI, el 66.1% de las mujeres han sufrido alguna vez agresiones de tipo sexual, f\u00edsica, laboral y emocional. La legisladora mencion\u00f3 que la discriminaci\u00f3n y violencia hacia las mujeres, generalmente, se inicia en el grupo primario de la sociedad, como es la familia, y as\u00ed tambi\u00e9n, muchos de los casos ocurren en las instituciones educativas, los centros laborales y otros espacios de interacci\u00f3n, por lo que exhort\u00f3 a la sociedad a sumarse a enfrentar la discriminaci\u00f3n a la que se enfrentan las mujeres.<\/p>\n\n\n\n<p class=\"wp-block-paragraph\">Aunque para la presidenta de la comisi\u00f3n queda \u201cpoco por celebrar y mucho que trabajar\u201d, reconoci\u00f3 que Rub\u00ed G\u00f3mez era una de las mujeres que hab\u00edan logrado avances de gran importancia en la materia.<\/p>\n\n\n\n<p class=\"wp-block-paragraph\"><strong>Impulsora de la igualdad de g\u00e9nero en el estado<\/strong><\/p>\n\n\n\n<p class=\"wp-block-paragraph\">G\u00f3mez Campos, cuya extensa trayectoria fue presentada ante el p\u00fablico, se ha dedicado a estudiar el tema de la desigualdad de g\u00e9nero desde el campo acad\u00e9mico por m\u00e1s de treinta a\u00f1os, con varias publicaciones y decenas de discursos y participaciones en congresos nacionales e internacionales. Adem\u00e1s, fue la primera directora del Instituto Michoacano de la mujer, por lo cual tambi\u00e9n se le reconoci\u00f3 por su apoyo al desarrollo de pol\u00edticas p\u00fablicas que impulsaron el avance en la b\u00fasqueda de la igualdad para las mujeres, muchos de sus proyectos a\u00fan siguen vigentes en el estado.<\/p>\n\n\n\n<p class=\"wp-block-paragraph\">Por su parte, la doctora agradeci\u00f3 el reconocimiento y se\u00f1al\u00f3 que espera que este se siga dando a las pr\u00f3ximas generaciones de luchadoras, record\u00f3 que ver el movimiento feminista crecer a lo largo de tres d\u00e9cadas era sorprendente por los cambios que ha tenido y la gran aceptaci\u00f3n que la sociedad ha mostrado hacia este y c\u00f3mo cada d\u00eda se suman m\u00e1s mujeres y hombres.<\/p>\n\n\n\n<p class=\"wp-block-paragraph\">En el emotivo discurso, se\u00f1al\u00f3 la importancia que este movimiento tuvo para ella y muchas otras mujeres para superar el trauma del abuso sexual y c\u00f3mo esto y otras injusticias que viven las mujeres inspiraron su trabajo. Finalmente agradeci\u00f3 a aquellos que la han acompa\u00f1ado en esta lucha, haciendo \u00e9nfasis en la esperanza que tiene de que las nuevas generaciones consigan un mundo m\u00e1s justo, como lo ve a trav\u00e9s de sus hijos.<br><\/p>\n","protected":false},"excerpt":{"rendered":"<p>Redacci\u00f3n Valentina Ram\u00edrez &nbsp; SemM\u00e9xico\/La Voz de Michoac\u00e1n. Morelia, Michoac\u00e1n. 14 de marzo 2019.- &nbsp;En el marco del d\u00eda internacional de la mujer, este 11 de marzo el Congreso del Estado hizo la primera entrega de la condecoraci\u00f3n \u201cLa Mujer Michoacana\u201d, la cual tiene la intenci\u00f3n de reconocer a aquellas mujeres que han hecho un [&hellip;]<\/p>\n","protected":false},"author":3,"featured_media":3459,"comment_status":"open","ping_status":"open","sticky":false,"template":"","format":"standard","meta":{"_monsterinsights_skip_tracking":false,"footnotes":""},"categories":[690,50],"tags":[],"class_list":["post-3458","post","type-post","status-publish","format-standard","has-post-thumbnail","category-690","category-congreso"],"_links":{"self":[{"href":"https:\/\/redsemlac.com\/semmexico\/wp-json\/wp\/v2\/posts\/3458","targetHints":{"allow":["GET"]}}],"collection":[{"href":"https:\/\/redsemlac.com\/semmexico\/wp-json\/wp\/v2\/posts"}],"about":[{"href":"https:\/\/redsemlac.com\/semmexico\/wp-json\/wp\/v2\/types\/post"}],"author":[{"embeddable":true,"href":"https:\/\/redsemlac.com\/semmexico\/wp-json\/wp\/v2\/users\/3"}],"replies":[{"embeddable":true,"href":"https:\/\/redsemlac.com\/semmexico\/wp-json\/wp\/v2\/comments?post=3458"}],"version-history":[{"count":0,"href":"https:\/\/redsemlac.com\/semmexico\/wp-json\/wp\/v2\/posts\/3458\/revisions"}],"wp:featuredmedia":[{"embeddable":true,"href":"https:\/\/redsemlac.com\/semmexico\/wp-json\/wp\/v2\/media\/3459"}],"wp:attachment":[{"href":"https:\/\/redsemlac.com\/semmexico\/wp-json\/wp\/v2\/media?parent=3458"}],"wp:term":[{"taxonomy":"category","embeddable":true,"href":"https:\/\/redsemlac.com\/semmexico\/wp-json\/wp\/v2\/categories?post=3458"},{"taxonomy":"post_tag","embeddable":true,"href":"https:\/\/redsemlac.com\/semmexico\/wp-json\/wp\/v2\/tags?post=3458"}],"curies":[{"name":"wp","href":"https:\/\/api.w.org\/{rel}","templated":true}]}}