{"id":3453,"date":"2019-03-14T18:41:59","date_gmt":"2019-03-14T18:41:59","guid":{"rendered":"https:\/\/redsemlac.com\/semmexico\/?p=3453"},"modified":"2023-07-21T14:47:46","modified_gmt":"2023-07-21T19:47:46","slug":"exhorto-a-las-demas-estancias-a-ampararse-porque-se-tienen-30-dias-a-partir-de-la-publicacion-de-las-nuevas-reglas-de-operacion","status":"publish","type":"post","link":"https:\/\/redsemlac.com\/semmexico\/exhorto-a-las-demas-estancias-a-ampararse-porque-se-tienen-30-dias-a-partir-de-la-publicacion-de-las-nuevas-reglas-de-operacion\/","title":{"rendered":"Exhort\u00f3 a las dem\u00e1s estancias a ampararse, porque se tienen 30 d\u00edas a partir de la publicaci\u00f3n de las nuevas reglas de operaci\u00f3n."},"content":{"rendered":"\n<p class=\"wp-block-paragraph\"><a href=\"https:\/\/www.semmexico.com\/gallery-post.php?id=7562#\">Elda Montiel<\/a><\/p>\n\n\n\n<p class=\"wp-block-paragraph\">SemM\u00e9xico. Cd. de M\u00e9xico. 14 de marzo 2019.- V\u00eda el Poder Judicial se va a poder sacar adelante el programa de estancias infantiles declar\u00f3 el senador Samuel Garc\u00eda del Movimiento Ciudadano al sumar ya cinco las suspensiones colectivas que amparan a estancias infantiles ante las nuevas reglas de operaci\u00f3n publicadas el pasado 28 de febrero.<\/p>\n\n\n\n<p class=\"wp-block-paragraph\">Preciso que \u00e9l promovi\u00f3 cuatro de esos amparos que son de Nuevo Le\u00f3n y exhort\u00f3 a las dem\u00e1s estancias a ampararse, porque se tienen 30 d\u00edas a partir de la publicaci\u00f3n de las nuevas reglas de operaci\u00f3n, y las estancias amparadas que logren la suspensi\u00f3n ser\u00e1n cobijadas por el Poder Judicial.<\/p>\n\n\n\n<p class=\"wp-block-paragraph\">Explic\u00f3 que en tanto se resuelvan en definitiva los amparos se deber\u00e1 seguir aplicando el apoyo y hacer retroactivos los pagos de enero, febrero y marzo de 2019. Por lo anterior el senador exhort\u00f3 al Gobierno Federal a dar marcha atr\u00e1s a las nuevas reglas o de lo contrario tendr\u00e1 que acatar los amparos conforme a los recursos etiquetados en el Presupuesto.<\/p>\n\n\n\n<p class=\"wp-block-paragraph\">Por otra parte, el legislador inform\u00f3 que ya est\u00e1n en proceso alrededor de mil 323 amparos, algunos ya presentados en 22 estados, por lo que la cifra ascender\u00eda a mil 700, luego de que el PAN diera a conocer un total de 500 casos en d\u00edas anteriores.<\/p>\n\n\n\n<p class=\"wp-block-paragraph\">Asimismo, el legislador Samuel Garc\u00eda expres\u00f3 que le dio gusto que el Presidente haya confirmado y corregido que se van a acatar las sentencias que han ido ganando.&nbsp;&nbsp;<\/p>\n\n\n\n<p class=\"wp-block-paragraph\">En cuanto al incidente de suspensi\u00f3n por desacato se notific\u00f3 el lunes a la Secretar\u00eda y Subsecretar\u00eda de Bienestar y al Diario Oficial de la Federaci\u00f3n. Las sanciones son destituci\u00f3n y c\u00e1rcel a los responsables que afectaron a m\u00e1s de 300 mil familias y 9 mil estancias.&nbsp;<\/p>\n\n\n\n<p class=\"wp-block-paragraph\">La medida cautelar deber\u00e1 ser acatada por las autoridades responsables, apercibidas que, en caso de desobediencia, se actualiza la hip\u00f3tesis contenida en el art\u00edculo 262 (delito de desacato).<\/p>\n","protected":false},"excerpt":{"rendered":"<p>Elda Montiel SemM\u00e9xico. Cd. de M\u00e9xico. 14 de marzo 2019.- V\u00eda el Poder Judicial se va a poder sacar adelante el programa de estancias infantiles declar\u00f3 el senador Samuel Garc\u00eda del Movimiento Ciudadano al sumar ya cinco las suspensiones colectivas que amparan a estancias infantiles ante las nuevas reglas de operaci\u00f3n publicadas el pasado 28 [&hellip;]<\/p>\n","protected":false},"author":3,"featured_media":3454,"comment_status":"open","ping_status":"open","sticky":false,"template":"","format":"standard","meta":{"_monsterinsights_skip_tracking":false,"footnotes":""},"categories":[690,50],"tags":[],"class_list":["post-3453","post","type-post","status-publish","format-standard","has-post-thumbnail","category-690","category-congreso"],"_links":{"self":[{"href":"https:\/\/redsemlac.com\/semmexico\/wp-json\/wp\/v2\/posts\/3453","targetHints":{"allow":["GET"]}}],"collection":[{"href":"https:\/\/redsemlac.com\/semmexico\/wp-json\/wp\/v2\/posts"}],"about":[{"href":"https:\/\/redsemlac.com\/semmexico\/wp-json\/wp\/v2\/types\/post"}],"author":[{"embeddable":true,"href":"https:\/\/redsemlac.com\/semmexico\/wp-json\/wp\/v2\/users\/3"}],"replies":[{"embeddable":true,"href":"https:\/\/redsemlac.com\/semmexico\/wp-json\/wp\/v2\/comments?post=3453"}],"version-history":[{"count":0,"href":"https:\/\/redsemlac.com\/semmexico\/wp-json\/wp\/v2\/posts\/3453\/revisions"}],"wp:featuredmedia":[{"embeddable":true,"href":"https:\/\/redsemlac.com\/semmexico\/wp-json\/wp\/v2\/media\/3454"}],"wp:attachment":[{"href":"https:\/\/redsemlac.com\/semmexico\/wp-json\/wp\/v2\/media?parent=3453"}],"wp:term":[{"taxonomy":"category","embeddable":true,"href":"https:\/\/redsemlac.com\/semmexico\/wp-json\/wp\/v2\/categories?post=3453"},{"taxonomy":"post_tag","embeddable":true,"href":"https:\/\/redsemlac.com\/semmexico\/wp-json\/wp\/v2\/tags?post=3453"}],"curies":[{"name":"wp","href":"https:\/\/api.w.org\/{rel}","templated":true}]}}