{"id":34463,"date":"2021-04-18T17:26:16","date_gmt":"2021-04-18T23:26:16","guid":{"rendered":"https:\/\/redsemlac.com\/semmexico\/?p=34463"},"modified":"2023-07-21T16:58:27","modified_gmt":"2023-07-21T21:58:27","slug":"pobladores-de-san-agustin-tlaxiaca-hidalgo-queman-vivienda-de-presunto-feminicida-de-denisse","status":"publish","type":"post","link":"https:\/\/redsemlac.com\/semmexico\/pobladores-de-san-agustin-tlaxiaca-hidalgo-queman-vivienda-de-presunto-feminicida-de-denisse\/","title":{"rendered":"Pobladores de San Agust\u00edn Tlaxiaca, Hidalgo. queman vivienda de presunto feminicida de Denisse"},"content":{"rendered":"\n<ul class=\"wp-block-list\"><li><strong>Feministas exigen &nbsp;investigaci\u00f3n y esclarecimiento del feminicidio de &nbsp;la menor de edad<\/strong><\/li><\/ul>\n\n\n\n<ul class=\"wp-block-list\"><li><strong>Las autoridades judiciales de informaron que la menor &nbsp;fue abusada sexualmente &nbsp;&nbsp;&nbsp;<\/strong><\/li><\/ul>\n\n\n\n<p class=\"wp-block-paragraph\"><strong>Por Ignacio Garc\u00eda<\/strong><\/p>\n\n\n\n<p class=\"wp-block-paragraph\">SemM\u00e9xico, Pachuca, Hidalgo, 18 de abril, 2021.- Pobladores del municipio de San Agust\u00edn Tlaxiaca quemaron la vivienda del presunto feminicida de la joven Denisse, de 16 a\u00f1os de edad, cuyo cuerpo sin vida fue localizado el pasado 14 de abril.<\/p>\n\n\n\n<p class=\"wp-block-paragraph\">Despu\u00e9s de una marcha pac\u00edfica por las inmediaciones del municipio de San Agust\u00edn Tlaxiaca\u2014colindante con la capital de Hidalgo, Pachuca\u2014un grupo de inconformes tom\u00f3 tres patrullas de la polic\u00eda municipal y se trasladaron a la comunidad de Tulancalco, en el municipio de Ajacuba, para romper los vidrios de la vivienda de un individuo&nbsp; identificado como Jos\u00e9 Ramiro M.L., acusado de ser el responsable del feminicidio de la joven.<\/p>\n\n\n\n<p class=\"wp-block-paragraph\">Posteriormente, los inconformes ingresaron a la vivienda y la incendiaron, aunado a que hurtaron los animales de ganado del lugar, aunque no encontraron al personaje &nbsp;acusado de haber cometido el crimen, luego de que presuntamente en un video de seguridad&nbsp; &nbsp;Jos\u00e9 Ramiro M.L. &nbsp;forz\u00f3 &nbsp;a la joven a subir a una camioneta, y esa fue &nbsp;la \u00faltima vez que fue vista.<\/p>\n\n\n\n<p class=\"wp-block-paragraph\">Por ello, los familiares y amigos de la v\u00edctima demandaron a las autoridades la detenci\u00f3n del presunto feminicida, pues puede huir del lugar y mantenerse pr\u00f3fugo de la ley ante la falta de actuaci\u00f3n de las autoridades estatales.<\/p>\n\n\n\n<p class=\"wp-block-paragraph\">La joven menor de edad sali\u00f3 de su domicilio en San Agust\u00edn Tlaxiaca el martes pasado, pero no retorn\u00f3, por lo cual sus familiares interpusieron la denuncia correspondiente ante la Procuradur\u00eda General de Justicia del Estado de Hidalgo (PGJEH),&nbsp; su cuerpo sin vida fue hallado un d\u00eda despu\u00e9s en un predio abandonado entre las localidades de Santiago Tezontle y Vicente Guerrero, en Ajacuba.<\/p>\n\n\n\n<p class=\"wp-block-paragraph\">Al respecto, la titular de la Fiscal\u00eda Especializada para la Atenci\u00f3n de Delitos de G\u00e9nero, Luz Mar\u00eda Ram\u00edrez P\u00e9rez, dijo en conferencia de prensa que la v\u00edctima falleci\u00f3 a consecuencia de un golpe en la cabeza, adem\u00e1s de que sufri\u00f3 violencia sexual, por lo cual se abri\u00f3 la carpeta de investigaci\u00f3n correspondiente.<\/p>\n\n\n\n<p class=\"wp-block-paragraph\">Por su parte, el colectivo feminista Rayito Feminista\u2014organizador de la marcha\u2014se deslind\u00f3 de los hechos de violencia, pues \u00fanicamente convocaron a la movilizaci\u00f3n social de forma pac\u00edfica para exigir a la PGJEH justicia por el caso, pues hasta el momento no se ha detenido a ning\u00fan responsable del crimen.<\/p>\n","protected":false},"excerpt":{"rendered":"<p>Feministas exigen  investigaci\u00f3n y esclarecimiento del feminicidio de  la menor de edad<\/p>\n","protected":false},"author":3,"featured_media":34464,"comment_status":"open","ping_status":"open","sticky":false,"template":"","format":"standard","meta":{"_monsterinsights_skip_tracking":false,"footnotes":""},"categories":[692,47,48],"tags":[],"class_list":["post-34463","post","type-post","status-publish","format-standard","has-post-thumbnail","category-692","category-no-mas-impunidad","category-no-mas-impunidad-no-mas-impunidad"],"_links":{"self":[{"href":"https:\/\/redsemlac.com\/semmexico\/wp-json\/wp\/v2\/posts\/34463","targetHints":{"allow":["GET"]}}],"collection":[{"href":"https:\/\/redsemlac.com\/semmexico\/wp-json\/wp\/v2\/posts"}],"about":[{"href":"https:\/\/redsemlac.com\/semmexico\/wp-json\/wp\/v2\/types\/post"}],"author":[{"embeddable":true,"href":"https:\/\/redsemlac.com\/semmexico\/wp-json\/wp\/v2\/users\/3"}],"replies":[{"embeddable":true,"href":"https:\/\/redsemlac.com\/semmexico\/wp-json\/wp\/v2\/comments?post=34463"}],"version-history":[{"count":0,"href":"https:\/\/redsemlac.com\/semmexico\/wp-json\/wp\/v2\/posts\/34463\/revisions"}],"wp:featuredmedia":[{"embeddable":true,"href":"https:\/\/redsemlac.com\/semmexico\/wp-json\/wp\/v2\/media\/34464"}],"wp:attachment":[{"href":"https:\/\/redsemlac.com\/semmexico\/wp-json\/wp\/v2\/media?parent=34463"}],"wp:term":[{"taxonomy":"category","embeddable":true,"href":"https:\/\/redsemlac.com\/semmexico\/wp-json\/wp\/v2\/categories?post=34463"},{"taxonomy":"post_tag","embeddable":true,"href":"https:\/\/redsemlac.com\/semmexico\/wp-json\/wp\/v2\/tags?post=34463"}],"curies":[{"name":"wp","href":"https:\/\/api.w.org\/{rel}","templated":true}]}}