{"id":34460,"date":"2021-04-18T10:17:15","date_gmt":"2021-04-18T16:17:15","guid":{"rendered":"https:\/\/redsemlac.com\/semmexico\/?p=34460"},"modified":"2023-07-21T16:57:54","modified_gmt":"2023-07-21T21:57:54","slug":"ante-el-decimo-aniversario-del-convenio-de-estambul-las-organizaciones-de-mujeres-alertan-sobre-el-retroceso-de-los-derechos-de-las-mujeres-en-europa","status":"publish","type":"post","link":"https:\/\/redsemlac.com\/semmexico\/ante-el-decimo-aniversario-del-convenio-de-estambul-las-organizaciones-de-mujeres-alertan-sobre-el-retroceso-de-los-derechos-de-las-mujeres-en-europa\/","title":{"rendered":"Ante el d\u00e9cimo aniversario del Convenio de Estambul, las organizaciones de mujeres alertan sobre el retroceso de los derechos de las mujeres en Europa"},"content":{"rendered":"\n<ul class=\"wp-block-list\"><li>Condenando la reciente decisi\u00f3n de Turqu\u00eda y la intenci\u00f3n anunciada por Polonia de retirarse del Convenio de Estambul, en un nuevo informe del European Women\u2019s Lobby llama la atenci\u00f3n sobre el papel crucial del Tratado en la protecci\u00f3n de mujeres y ni\u00f1as de la violencia machista. En pocas palabras: el Convenio de Estambul salva las vidas de las mujeres<\/li><\/ul>\n\n\n\n<p class=\"wp-block-paragraph\"><strong>Redacci\u00f3n<\/strong><\/p>\n\n\n\n<p class=\"wp-block-paragraph\">SemM\u00e9xico\/AmecoPress. Bruselas. 18 de abril 2021.- \u00a0Para conmemorar el d\u00e9cimo aniversario del Convenio de Estambul sobre prevenci\u00f3n y lucha contra la violencia hacia las mujeres y la violencia dom\u00e9stica, el European Women\u2019s Lobby (EWL) ha lanzado<a href=\"https:\/\/womenlobby.org\/IC?lang=en\">un nuevo informe titulado \u201cHacia una Europa libre de violencia machista contra mujeres y ni\u00f1as<\/a>\u201d.<\/p>\n\n\n\n<p class=\"wp-block-paragraph\">Este informe ha sido desarrollado con el an\u00e1lisis experto del&nbsp;<a href=\"https:\/\/www.womenlobby.org\/-EWL-Observatory-on-Violence-against-Women-219-?lang=en#:~:text=The%20European%20Women's%20Lobby%20(EWL,line%20NGOs%20activists%2C%20etc.)\">Observatorio de Violencia contra las Mujeres y las Ni\u00f1as del EWL (VAWG)<\/a>&nbsp;y analiza el estado de la implementaci\u00f3n y el impacto del Convenio de Estambul en el contexto del aumento alarmante de la violencia de g\u00e9nero contra las mujeres y las ni\u00f1as, debido a la crisis del COVID-19.<\/p>\n\n\n\n<p class=\"wp-block-paragraph\">El an\u00e1lisis detalla los logros alcanzados hasta la fecha en los 23 pa\u00edses que han ratificado el tratado, subrayando el papel clave de la Convenci\u00f3n en la promoci\u00f3n de cambios positivos en las medidas de prevenci\u00f3n, enjuiciamiento y protecci\u00f3n para combatir la violencia contra las mujeres y las ni\u00f1as. Entre los principales hallazgos:<\/p>\n\n\n\n<p class=\"wp-block-paragraph\">\u2022 En 14 de los 23 pa\u00edses analizados (61%), se han intensificado los esfuerzos para prevenir la violencia contra las mujeres y las ni\u00f1as y la violencia dom\u00e9stica.<br>\u2022 En 15 de los 23 pa\u00edses analizados (65%), las mejoras en las investigaciones y el enjuiciamiento ya son visibles.<br>\u2022 19 de los 23 pa\u00edses examinados (83%) han mejorado los servicios de protecci\u00f3n para mujeres v\u00edctimas de violencia y v\u00edctimas de violencia dom\u00e9stica.<\/p>\n\n\n\n<p class=\"wp-block-paragraph\">Sin embargo, el informe tambi\u00e9n arroja luz sobre las profundas y persistentes desigualdades que impiden el progreso en la eliminaci\u00f3n de la violencia machista, haciendo sonar las alarmas sobre la creciente oposici\u00f3n pol\u00edtica contra el Convenio de Estambul presenciada en algunos pa\u00edses europeos y el bloqueo pol\u00edtico que impide la adhesi\u00f3n de la UE al tratado.<\/p>\n\n\n\n<p class=\"wp-block-paragraph\">El an\u00e1lisis tambi\u00e9n subraya las graves preocupaciones y la condena expresadas por EWL&nbsp;[<a href=\"https:\/\/amecopress.net\/Ante-el-decimo-aniversario-del-Convenio-de-Estambul-las-organizaciones-de-mujeres-alertan-sobre-el-retroceso-de-los-derechos-de-las-mujeres-en-Europa#nb1\">1<\/a>]&nbsp;con motivo de la decisi\u00f3n del presidente Erdo\u011fan de retirar a Turqu\u00eda de la Convenci\u00f3n, y la intenci\u00f3n recientemente anunciada de Polonia de hacer lo mismo, estableciendo recomendaciones para abordar colectivamente con urgencia estas barreras.<\/p>\n\n\n\n<p class=\"wp-block-paragraph\">\u201cNuestro informe no podr\u00eda ser m\u00e1s oportuno. Con el aumento del riesgo de violencia provocado por la crisis de COVID-19 y la intenci\u00f3n de algunos pa\u00edses de socavar el papel clave del Convenio de Estambul, las mujeres y las ni\u00f1as en Europa se enfrentan a mayores amenazas a su seguridad. A pesar de los importantes avances logrados hasta ahora, todav\u00eda se necesita con urgencia una acci\u00f3n colectiva en Europa para promover la ratificaci\u00f3n y aplicaci\u00f3n de la Convenci\u00f3n, que sigue siendo el instrumento legislativo m\u00e1s completo hasta la fecha destinado a prevenir y proteger a las mujeres y ni\u00f1as de la violencia. La oposici\u00f3n a la Convenci\u00f3n es la oposici\u00f3n a los valores fundamentales de la UE&nbsp;[<a href=\"https:\/\/amecopress.net\/Ante-el-decimo-aniversario-del-Convenio-de-Estambul-las-organizaciones-de-mujeres-alertan-sobre-el-retroceso-de-los-derechos-de-las-mujeres-en-Europa#nb2\">2<\/a>]&nbsp;y la Carta de los Derechos Fundamentales de la UE en virtud del art\u00edculo 23.), incluidos los derechos humanos de las mujeres, y nuestro derecho a vivir nuestras vidas libres de violencia\u201d, dijo Joanna Maycock, Secretaria General de EWL.<\/p>\n\n\n\n<p class=\"wp-block-paragraph\">\u201cEste informe muestra que la acci\u00f3n coordinada para prevenir la violencia contra las mujeres y las ni\u00f1as y protegerlas de la violencia dom\u00e9stica s\u00ed funciona, y que la Convenci\u00f3n de Estambul ha desempe\u00f1ado y seguir\u00e1 desempe\u00f1ando un papel fundamental para orientar las realidades nacionales por el camino correcto. Invitamos a figuras pol\u00edticas a unirse a las voces de las mujeres y ni\u00f1as de toda Europa: fuertes y unidas para pedir una acci\u00f3n conjunta para contrarrestar las peligrosas tendencias mis\u00f3ginas y promover los valores de igualdad y democracia \u201d, afirm\u00f3 Laura Albu, vicepresidenta de EWL y Observatorio de Violencia contra las Mujeres y las Ni\u00f1as<\/p>\n","protected":false},"excerpt":{"rendered":"<p>Condenando la reciente decisi\u00f3n de Turqu\u00eda y la intenci\u00f3n anunciada por Polonia de retirarse del Convenio de Estambul, en un nuevo informe del European Women\u2019s Lobby llama la atenci\u00f3n sobre el papel crucial del Tratado en la protecci\u00f3n de mujeres y ni\u00f1as de la violencia machista. En pocas palabras: el Convenio de Estambul salva las vidas de las mujeres<\/p>\n","protected":false},"author":3,"featured_media":34461,"comment_status":"open","ping_status":"open","sticky":false,"template":"","format":"standard","meta":{"_monsterinsights_skip_tracking":false,"footnotes":""},"categories":[692,53],"tags":[],"class_list":["post-34460","post","type-post","status-publish","format-standard","has-post-thumbnail","category-692","category-internacional"],"_links":{"self":[{"href":"https:\/\/redsemlac.com\/semmexico\/wp-json\/wp\/v2\/posts\/34460","targetHints":{"allow":["GET"]}}],"collection":[{"href":"https:\/\/redsemlac.com\/semmexico\/wp-json\/wp\/v2\/posts"}],"about":[{"href":"https:\/\/redsemlac.com\/semmexico\/wp-json\/wp\/v2\/types\/post"}],"author":[{"embeddable":true,"href":"https:\/\/redsemlac.com\/semmexico\/wp-json\/wp\/v2\/users\/3"}],"replies":[{"embeddable":true,"href":"https:\/\/redsemlac.com\/semmexico\/wp-json\/wp\/v2\/comments?post=34460"}],"version-history":[{"count":0,"href":"https:\/\/redsemlac.com\/semmexico\/wp-json\/wp\/v2\/posts\/34460\/revisions"}],"wp:featuredmedia":[{"embeddable":true,"href":"https:\/\/redsemlac.com\/semmexico\/wp-json\/wp\/v2\/media\/34461"}],"wp:attachment":[{"href":"https:\/\/redsemlac.com\/semmexico\/wp-json\/wp\/v2\/media?parent=34460"}],"wp:term":[{"taxonomy":"category","embeddable":true,"href":"https:\/\/redsemlac.com\/semmexico\/wp-json\/wp\/v2\/categories?post=34460"},{"taxonomy":"post_tag","embeddable":true,"href":"https:\/\/redsemlac.com\/semmexico\/wp-json\/wp\/v2\/tags?post=34460"}],"curies":[{"name":"wp","href":"https:\/\/api.w.org\/{rel}","templated":true}]}}