{"id":34419,"date":"2021-04-16T11:30:57","date_gmt":"2021-04-16T17:30:57","guid":{"rendered":"https:\/\/redsemlac.com\/semmexico\/?p=34419"},"modified":"2023-07-21T16:57:55","modified_gmt":"2023-07-21T21:57:55","slug":"celebran-feministas-la-cancelacion-de-registro-de-felix-salgado-macedonio-aunque-no-haya-sido-por-las-denuncias-de-violacion-sexual","status":"publish","type":"post","link":"https:\/\/redsemlac.com\/semmexico\/celebran-feministas-la-cancelacion-de-registro-de-felix-salgado-macedonio-aunque-no-haya-sido-por-las-denuncias-de-violacion-sexual\/","title":{"rendered":"Celebran feministas la cancelaci\u00f3n de registro de F\u00e9lix Salgado Macedonio aunque no haya sido por las denuncias de violaci\u00f3n sexual"},"content":{"rendered":"\n<p class=\"wp-block-paragraph\">Elda Montiel<\/p>\n\n\n\n<p class=\"wp-block-paragraph\">SemM\u00e9xico, Cd. de M\u00e9xico, 16 de abril 2021.- La Colectiva Nacional Feminista (Conafem) celebr\u00f3 que el Instituto Nacional Electoral (INE) haya retirado por segunda ocasi\u00f3n la candidatura de F\u00e9lix Salgado Macedonio a la gubernatura de Guerrero, aunque no haya sido por las denuncias de violaci\u00f3n sexual sino por no presentar los gastos de precampa\u00f1a.\u00a0<\/p>\n\n\n\n<p class=\"wp-block-paragraph\">Yolitzin Jaimes Rend\u00f3n expres\u00f3 que estar\u00e1n vigilantes ante el anuncio de F\u00e9lix Salgado Macedonio de recurrir nuevamente al Tribunal Federal Electoral para impugnar la decisi\u00f3n.<\/p>\n\n\n\n<p class=\"wp-block-paragraph\">Cabe recordar que el pasado martes al&nbsp;acatar sentencias de la Sala Superior del Tribunal Electoral del Poder Judicial de la Federaci\u00f3n para&nbsp;re individualizar sanciones, por seis votos a favor y cinco en contra, el Consejo General del INE confirm\u00f3 las sanciones que impuso el pasado 25 de marzo de p\u00e9rdida&nbsp;o cancelaci\u00f3n del registro de candidaturas de Morena a los gobiernos de Guerrero y Michoac\u00e1n por la omisi\u00f3n de presentar informes de ingresos y gastos de precampa\u00f1a.<\/p>\n\n\n\n<p class=\"wp-block-paragraph\">La activista feminista celebr\u00f3 que el INE les haya dado a las mujeres con pensamiento cr\u00edtico la oportunidad de no sufrir a F\u00e9lix Salgado Macedonio como gobernador de Guerrero.\u00a0<\/p>\n\n\n\n<p class=\"wp-block-paragraph\">En sus redes sociales se\u00f1al\u00f3 que fue un trabajo colectivo de muchas mujeres que protestaron de todas las formas posibles, \u201caqu\u00ed es donde se une el encuentro entre la mujer que escribe un recurso legal y la que agita una lata, la que sube a la tribuna o la que da el discurso detr\u00e1s de una m\u00e1scara\u201d.<\/p>\n\n\n\n<p class=\"wp-block-paragraph\">\u201cY difiero al decir que el toro ya fue, porque ese s\u00edmbolo representativo del machismo y del odio a las mujeres en este pa\u00eds violador y feminicida sigue ah\u00ed en sus correligionarios que hoy est\u00e1n aspirando a un cargo en el poder, sigue ah\u00ed en las guardianas del patriarcado que se subieron a un templete con \u00e9l y tenemos que seguir evidenci\u00e1ndolo, en esta de nuevo aparente calma seguiremos vigilantes\u201d.<\/p>\n","protected":false},"excerpt":{"rendered":"<p>Elda Montiel SemM\u00e9xico, Cd. de M\u00e9xico, 16 de abril 2021.- La Colectiva Nacional Feminista (Conafem) celebr\u00f3 que el Instituto Nacional Electoral (INE) haya retirado por segunda ocasi\u00f3n la candidatura de F\u00e9lix Salgado Macedonio a la gubernatura de Guerrero, aunque no haya sido por las denuncias de violaci\u00f3n sexual sino por no presentar los gastos de [&hellip;]<\/p>\n","protected":false},"author":3,"featured_media":34420,"comment_status":"open","ping_status":"open","sticky":false,"template":"","format":"standard","meta":{"_monsterinsights_skip_tracking":false,"footnotes":""},"categories":[692,54],"tags":[],"class_list":["post-34419","post","type-post","status-publish","format-standard","has-post-thumbnail","category-692","category-mujeres"],"_links":{"self":[{"href":"https:\/\/redsemlac.com\/semmexico\/wp-json\/wp\/v2\/posts\/34419","targetHints":{"allow":["GET"]}}],"collection":[{"href":"https:\/\/redsemlac.com\/semmexico\/wp-json\/wp\/v2\/posts"}],"about":[{"href":"https:\/\/redsemlac.com\/semmexico\/wp-json\/wp\/v2\/types\/post"}],"author":[{"embeddable":true,"href":"https:\/\/redsemlac.com\/semmexico\/wp-json\/wp\/v2\/users\/3"}],"replies":[{"embeddable":true,"href":"https:\/\/redsemlac.com\/semmexico\/wp-json\/wp\/v2\/comments?post=34419"}],"version-history":[{"count":0,"href":"https:\/\/redsemlac.com\/semmexico\/wp-json\/wp\/v2\/posts\/34419\/revisions"}],"wp:featuredmedia":[{"embeddable":true,"href":"https:\/\/redsemlac.com\/semmexico\/wp-json\/wp\/v2\/media\/34420"}],"wp:attachment":[{"href":"https:\/\/redsemlac.com\/semmexico\/wp-json\/wp\/v2\/media?parent=34419"}],"wp:term":[{"taxonomy":"category","embeddable":true,"href":"https:\/\/redsemlac.com\/semmexico\/wp-json\/wp\/v2\/categories?post=34419"},{"taxonomy":"post_tag","embeddable":true,"href":"https:\/\/redsemlac.com\/semmexico\/wp-json\/wp\/v2\/tags?post=34419"}],"curies":[{"name":"wp","href":"https:\/\/api.w.org\/{rel}","templated":true}]}}