{"id":34311,"date":"2021-04-13T17:24:04","date_gmt":"2021-04-13T23:24:04","guid":{"rendered":"https:\/\/redsemlac.com\/semmexico\/?p=34311"},"modified":"2023-07-21T16:57:58","modified_gmt":"2023-07-21T21:57:58","slug":"en-atentado-asesinan-al-padre-de-la-diputada-federal-natividad-diaz","status":"publish","type":"post","link":"https:\/\/redsemlac.com\/semmexico\/en-atentado-asesinan-al-padre-de-la-diputada-federal-natividad-diaz\/","title":{"rendered":"En atentado asesinan al padre de la diputada federal Natividad D\u00edaz"},"content":{"rendered":"\n<ul class=\"wp-block-list\"><li><strong>Ocurri\u00f3 esta tarde en un municipio conurbado a la ciudad de Oaxaca<\/strong><\/li><\/ul>\n\n\n\n<ul class=\"wp-block-list\"><li><strong> El CDE del PAN exige justicia<\/strong><\/li><\/ul>\n\n\n\n<p class=\"wp-block-paragraph\"><strong>Patricia Brise\u00f1o<\/strong><\/p>\n\n\n\n<p class=\"wp-block-paragraph\">SemM\u00e9xico, Oaxaca, 13 de abril, 2021.- El padre de la diputada federal del PAN, Natividad D\u00edaz Jim\u00e9nez fue asesinado por disparos de proyectil esta tarde en la zona sur de la ciudad de Oaxaca, reportaron fuentes policiacas.<\/p>\n\n\n\n<p class=\"wp-block-paragraph\">De acuerdo con las primeras versiones, Leonardo D\u00edaz Cruz fue atacado a balazos por sujetos a bordo de una motocicleta, afuera de una ferreter\u00eda, ubicada en la Avenida S\u00edmbolos Patrios, en el municipio conurbado de Santa Cruz Xoxocotl\u00e1n.<\/p>\n\n\n\n<p class=\"wp-block-paragraph\">Param\u00e9dicos de la Cruz Roja acudieron a prestar auxilio, sin embargo,&nbsp;la v\u00edctima falleci\u00f3 al instante, derivado del ataque directo.<\/p>\n\n\n\n<p class=\"wp-block-paragraph\">Natividad D\u00edaz Jim\u00e9nez, es diputada federal y presidenta de Acci\u00f3n Nacional, en Oaxaca.<\/p>\n\n\n\n<p class=\"wp-block-paragraph\">El Partido Acci\u00f3n Nacional de Oaxaca conden\u00f3 el asesinato de Leonardo D\u00edaz Cruz y en su cuenta de Facebook exigi\u00f3 a las autoridades justicia y que se investiguen los hechos.<\/p>\n\n\n\n<p class=\"wp-block-paragraph\">SEM\/pb<\/p>\n","protected":false},"excerpt":{"rendered":"<p>Ocurri\u00f3 esta tarde en un municipio conurbado a la ciudad de Oaxaca<\/p>\n","protected":false},"author":3,"featured_media":34312,"comment_status":"open","ping_status":"open","sticky":false,"template":"","format":"standard","meta":{"_monsterinsights_skip_tracking":false,"footnotes":""},"categories":[692,47,48],"tags":[],"class_list":["post-34311","post","type-post","status-publish","format-standard","has-post-thumbnail","category-692","category-no-mas-impunidad","category-no-mas-impunidad-no-mas-impunidad"],"_links":{"self":[{"href":"https:\/\/redsemlac.com\/semmexico\/wp-json\/wp\/v2\/posts\/34311","targetHints":{"allow":["GET"]}}],"collection":[{"href":"https:\/\/redsemlac.com\/semmexico\/wp-json\/wp\/v2\/posts"}],"about":[{"href":"https:\/\/redsemlac.com\/semmexico\/wp-json\/wp\/v2\/types\/post"}],"author":[{"embeddable":true,"href":"https:\/\/redsemlac.com\/semmexico\/wp-json\/wp\/v2\/users\/3"}],"replies":[{"embeddable":true,"href":"https:\/\/redsemlac.com\/semmexico\/wp-json\/wp\/v2\/comments?post=34311"}],"version-history":[{"count":0,"href":"https:\/\/redsemlac.com\/semmexico\/wp-json\/wp\/v2\/posts\/34311\/revisions"}],"wp:featuredmedia":[{"embeddable":true,"href":"https:\/\/redsemlac.com\/semmexico\/wp-json\/wp\/v2\/media\/34312"}],"wp:attachment":[{"href":"https:\/\/redsemlac.com\/semmexico\/wp-json\/wp\/v2\/media?parent=34311"}],"wp:term":[{"taxonomy":"category","embeddable":true,"href":"https:\/\/redsemlac.com\/semmexico\/wp-json\/wp\/v2\/categories?post=34311"},{"taxonomy":"post_tag","embeddable":true,"href":"https:\/\/redsemlac.com\/semmexico\/wp-json\/wp\/v2\/tags?post=34311"}],"curies":[{"name":"wp","href":"https:\/\/api.w.org\/{rel}","templated":true}]}}