{"id":34303,"date":"2021-04-13T14:16:08","date_gmt":"2021-04-13T20:16:08","guid":{"rendered":"https:\/\/redsemlac.com\/semmexico\/?p=34303"},"modified":"2023-07-21T16:57:58","modified_gmt":"2023-07-21T21:57:58","slug":"en-bolivia-la-democracia-es-un-escandalo","status":"publish","type":"post","link":"https:\/\/redsemlac.com\/semmexico\/en-bolivia-la-democracia-es-un-escandalo\/","title":{"rendered":"En Bolivia la democracia es un esc\u00e1ndalo"},"content":{"rendered":"\n<h2 class=\"wp-block-heading\">Textura Violeta<\/h2>\n\n\n\n<p class=\"wp-block-paragraph\"><strong>Por Drina Ergueta<\/strong><\/p>\n\n\n\n<p class=\"wp-block-paragraph\">SemM\u00e9xico. La Paz-Bolivia. 13 de abril de 2021.- Pero\u2026 pero, \u00bfqu\u00e9 hace esta chusma ignorante votando? definiendo mi futuro, las pol\u00edticas de Estado\u2026 Es algo que se escucha en ciertas calles de Bolivia y se lee, con otras palabras y llamativa insistencia, en varios art\u00edculos de la intelectualidad nacional. \u201cLa democracia es el poder de cualquiera\u201d, recuerda el fil\u00f3sofo Jacques Ranci\u00e8re, un dem\u00f3crata radical, que se\u00f1ala que esa posibilidad es justamente lo que escandaliza a la democracia de \u00e9lites.<\/p>\n\n\n\n<p class=\"wp-block-paragraph\">Que \u201cla democracia es un esc\u00e1ndalo\u201d Ranci\u00e8re lo ha dicho hace unos a\u00f1os y hoy se actualiza totalmente, tambi\u00e9n, cuando las mujeres utilizan espacios alternativos, como las redes sociales, para denunciar con voz propia a sus violadores, se\u00f1al\u00e1ndolos, llam\u00e1ndolos con nombre y apellido, algo que el patriarcado, en los medios de comunicaci\u00f3n tradicionales, les han impedido. La democracia es tambi\u00e9n el uso de la voz, algo todav\u00eda negado a las mujeres.<\/p>\n\n\n\n<p class=\"wp-block-paragraph\">La democracia nace en Atenas del siglo VI a.C, como un sistema en el que los hombres ciudadanos designaban mediante sorteo a sus autoridades y cualquiera podr\u00eda serlo; sin embargo, las mujeres, los esclavos y los extranjeros no, no formaban parte de esa ciudadan\u00eda. La democracia se ha ido transformando. En su momento la democracia la ejerc\u00edan s\u00f3lo quienes ten\u00edan propiedades, m\u00e1s tarde s\u00f3lo quienes sab\u00edan leer y escribir. Las conquistas de voto universal para mujeres, clase obrera y poblaci\u00f3n racializada son del siglo XX en gran parte del planeta. Hoy que el voto es casi generalizado, la lucha est\u00e1 en ejercerlo y en tener la posibilidad de ser electa siendo mujer, elegido siendo ind\u00edgena o negra o trans. Todo eso escandaliza.<\/p>\n\n\n\n<p class=\"wp-block-paragraph\">En Bolivia, tras 14 a\u00f1os de gobiernos democr\u00e1ticamente elegidos y que respond\u00edan a sectores hist\u00f3ricamente marginados, las \u00e9lites tradicionales lograron revertir la situaci\u00f3n en 2019. Con la certeza de que en 2020 sus candidaturas tendr\u00edan mayor\u00eda \u00a1C\u00f3mo no tenerla frente a la \u2018dictadura\u2019 de Evo Morales!, se lanzaron a unas elecciones en las que nuevamente los movimientos sociales recuperaron el gobierno en las urnas, con un 55%.<\/p>\n\n\n\n<p class=\"wp-block-paragraph\">Ante esa realidad, es obvio que as\u00ed no vale, que, para representantes de esta \u00e9lite, la democracia no funciona tan bien. Entonces se escucha y se lee en art\u00edculos que lo del \u201cpoder del pueblo\u201d no puede ser, pues, un \u201casalto oclocr\u00e1tico\u201d de la chusma, de la ignorancia y de la falta de inteligencia, de ducha y de clase\u2026 pero, si esa gente se deja llevar como borregos, es una \u201cmasa sumisa de votantes\u201d sin conciencia alguna de lo que hacen; adem\u00e1s, es plebe enga\u00f1ada por unas izquierdas latinoamericanas confabuladas que funcionan \u201ccon m\u00e9todos similares al Plan C\u00f3ndor\u201d\u2026 (\u00a1plop!)<\/p>\n\n\n\n<p class=\"wp-block-paragraph\">Mientras estas voces antidem\u00f3cratas despliegan todo tipo de argumentos para desacreditar la democracia en la que no ganan sus candidaturas, y posiblemente deseando y quien sabe planificando algo que permita acabar lo que empez\u00f3 en 2019, en otro espacio, en las redes sociales, se escuchan voces valientes de mujeres que dicen y se\u00f1alan: \u201cEl violador eres t\u00fa\u201d. Son voces inesperadas para quienes siempre han tenido el uso de la palabra, para esa masculinidad que ha hecho callar y ocultar cualquier denuncia con el poder del sistema medi\u00e1tico, judicial, patriarcal que les respalda. Al ser visibles los agresores, este sistema ha tenido que actuar parcialmente, con alguna detenci\u00f3n, pero tambi\u00e9n se ha atacado con todo tipo de improperios a las denunciantes.<\/p>\n\n\n\n<p class=\"wp-block-paragraph\">Tal como se minimiza y animaliza la conciencia del voto y derecho a \u00e9l para una parte de la poblaci\u00f3n, por su condici\u00f3n \u00e9tnica y de clase, igualmente se ignora, menosprecia, ridiculiza, se niega veracidad y derecho a la justicia y resarcimiento a las mujeres cuando dicen su verdad y cuestionan, as\u00ed, el poder patriarcal. No son asuntos distintos ni lejanos, es necesario que el voto y representantes de los sectores marginados sean respetados, que incluyen a las mujeres, ind\u00edgenas y gente pobre; y es necesario que, como parte del acceso al poder por parte de las mujeres, las denuncias de violencia machista tengan el peso que merecen. S\u00f3lo as\u00ed habr\u00e1 una mejor democracia.<\/p>\n","protected":false},"excerpt":{"rendered":"<p>En Bolivia, tras 14 a\u00f1os de gobiernos democr\u00e1ticamente elegidos y que respond\u00edan a sectores hist\u00f3ricamente marginados, las \u00e9lites tradicionales lograron revertir la situaci\u00f3n en 2019. <\/p>\n","protected":false},"author":3,"featured_media":8467,"comment_status":"open","ping_status":"open","sticky":false,"template":"","format":"standard","meta":{"_monsterinsights_skip_tracking":false,"footnotes":""},"categories":[692,77,35,102],"tags":[],"class_list":["post-34303","post","type-post","status-publish","format-standard","has-post-thumbnail","category-692","category-drina-ergueta","category-opinion","category-textura-violeta"],"_links":{"self":[{"href":"https:\/\/redsemlac.com\/semmexico\/wp-json\/wp\/v2\/posts\/34303","targetHints":{"allow":["GET"]}}],"collection":[{"href":"https:\/\/redsemlac.com\/semmexico\/wp-json\/wp\/v2\/posts"}],"about":[{"href":"https:\/\/redsemlac.com\/semmexico\/wp-json\/wp\/v2\/types\/post"}],"author":[{"embeddable":true,"href":"https:\/\/redsemlac.com\/semmexico\/wp-json\/wp\/v2\/users\/3"}],"replies":[{"embeddable":true,"href":"https:\/\/redsemlac.com\/semmexico\/wp-json\/wp\/v2\/comments?post=34303"}],"version-history":[{"count":0,"href":"https:\/\/redsemlac.com\/semmexico\/wp-json\/wp\/v2\/posts\/34303\/revisions"}],"wp:featuredmedia":[{"embeddable":true,"href":"https:\/\/redsemlac.com\/semmexico\/wp-json\/wp\/v2\/media\/8467"}],"wp:attachment":[{"href":"https:\/\/redsemlac.com\/semmexico\/wp-json\/wp\/v2\/media?parent=34303"}],"wp:term":[{"taxonomy":"category","embeddable":true,"href":"https:\/\/redsemlac.com\/semmexico\/wp-json\/wp\/v2\/categories?post=34303"},{"taxonomy":"post_tag","embeddable":true,"href":"https:\/\/redsemlac.com\/semmexico\/wp-json\/wp\/v2\/tags?post=34303"}],"curies":[{"name":"wp","href":"https:\/\/api.w.org\/{rel}","templated":true}]}}