{"id":34300,"date":"2021-04-13T14:13:51","date_gmt":"2021-04-13T20:13:51","guid":{"rendered":"https:\/\/redsemlac.com\/semmexico\/?p=34300"},"modified":"2023-07-21T16:57:58","modified_gmt":"2023-07-21T21:57:58","slug":"las-mujeres-listas-para-estar-en-igualdad-de-condiciones-ciem-oea","status":"publish","type":"post","link":"https:\/\/redsemlac.com\/semmexico\/las-mujeres-listas-para-estar-en-igualdad-de-condiciones-ciem-oea\/","title":{"rendered":"Las mujeres listas para estar en igualdad de condiciones: CIEM\/OEA"},"content":{"rendered":"\n<ul class=\"wp-block-list\"><li><strong>Sin mujeres no hay democracia, pero tampoco hay democracia en contextos de violencia: Carla Humphrey<\/strong><\/li><li><strong>Inauguraci\u00f3n del Curso para candidatas edici\u00f3n M\u00e9xico, Griselda \u00c1lvarez Ponce de Le\u00f3n<\/strong><\/li><\/ul>\n\n\n\n<p class=\"wp-block-paragraph\"><strong>Elda Montiel<\/strong><\/p>\n\n\n\n<p class=\"wp-block-paragraph\">SemM\u00e9xico, Cd. de M\u00e9xico, 13 de abril 2021.- Nuestro prop\u00f3sito es que las mujeres lleguen verdaderamente a la mitad de los cargos electorales que contienden en estas elecciones, porque est\u00e1n listas y porque no hay democracia sin la participaci\u00f3n de las mujeres expres\u00f3 Alejandra Mora Mora, Secretaria Ejecutiva de la Comisi\u00f3n Interamericana de Mujeres (CIM) de la Organizaci\u00f3n de los Estados Americanos (OEA) al inaugurar el Curso para Candidatas edici\u00f3n M\u00e9xico, Griselda \u00c1lvarez Ponce de Le\u00f3n.<\/p>\n\n\n\n<p class=\"wp-block-paragraph\">El curso en el que participan 80 candidatas a diputadas en las pr\u00f3ximas elecciones es la segunda vez que se realiza en M\u00e9xico, y la secretaria ejecutiva resalt\u00f3 la coyuntura del Covid 19 que vino a transparentar una serie de situaciones preocupantes de las mujeres, no s\u00f3lo en la salud, la econom\u00eda, sino tambi\u00e9n que en los espacios donde se han tomado las decisiones no han estado las mujeres en igualdad de condiciones.<\/p>\n\n\n\n<p class=\"wp-block-paragraph\">Destac\u00f3 que tambi\u00e9n son las elecciones m\u00e1s grandes y que ahora m\u00e1s que nunca son v\u00e1lidas las palabras fuertes y claras de la primera presidenta del CIEM\/OEA, Doris Stevens en 1928, de nada de lo que se construye en nuestros pa\u00edses tienen que ser sin la participaci\u00f3n de las mujeres.<\/p>\n\n\n\n<p class=\"wp-block-paragraph\">Alejandra Mora, enfatiz\u00f3 que \u201cnuestra propuesta es feminizar la pol\u00edtica, mostrar los liderazgos diferentes de las mujeres, devolverles la alternativa de una igualdad entre hombres y mujeres, que las habilidades de la mujer no sean minimizadas, por lo que el curso ha colocado en el centro el enfoque de g\u00e9nero para el desempe\u00f1o de sus campa\u00f1as y para que pronto est\u00e9n tomando decisiones\u201d.<\/p>\n\n\n\n<h4 class=\"wp-block-heading\"><strong>La violencia pol\u00edtica en raz\u00f3n de g\u00e9nero es delito, se cumple un a\u00f1o de las reformas<\/strong><\/h4>\n\n\n\n<p class=\"wp-block-paragraph\">Carla Humphrey Jordan, Consejera Electoral y Presidenta de la Comisi\u00f3n de Igualdad de G\u00e9nero y No Discriminaci\u00f3n del Instituto Nacional Electoral, (INE) record\u00f3 que se cumple un a\u00f1o que por fin se pudo aprobar la reforma para prevenir la violencia en raz\u00f3n de g\u00e9nero dotando de herramientas para que las mujeres que participan en pol\u00edtica, puedan defender sus derechos pol\u00edtico electorales, y el principal derecho que tienen es a ocupar cualquier puesto p\u00fablico en el pa\u00eds.<\/p>\n\n\n\n<p class=\"wp-block-paragraph\">Tambi\u00e9n expres\u00f3 que \u201charemos todo lo que este en nuestras manos para empoderar a las mujeres, para garantizar la paridad en la integraci\u00f3n de distintos \u00f3rganos, porque una democracia sin mujeres no es democracia, pero tampoco lo es si tienen que contender en contextos violentos\u201d.<\/p>\n\n\n\n<p class=\"wp-block-paragraph\">Celebr\u00f3 la visi\u00f3n internacional para tener campa\u00f1as m\u00e1s exitosas y externo su preocupaci\u00f3n por las mujeres comunitarias y la importancia de darles a conocer, que ahora s\u00ed, quienes atacan a las mujeres tiene consecuencias, porque la violencia pol\u00edtica es delito por lo que las exhort\u00f3 a aplicar todas esas herramientas.&nbsp;<\/p>\n\n\n\n<p class=\"wp-block-paragraph\">Como una innovaci\u00f3n menciono haberse implementado el lineamiento 3 de 3 porque no queremos en un cargo p\u00fablico a personas que hayan violentado a una mujer o que incumplan con la pensi\u00f3n alimenticia.<\/p>\n\n\n\n<p class=\"wp-block-paragraph\">Por su parte, Nadine Gasman, presidenta del Instituto Nacional de las Mujeres, (INMUJERES) se\u00f1al\u00f3 que el sistema patriarcal sigue excluy\u00e9ndolas, principalmente a las m\u00e1s j\u00f3venes y a las ind\u00edgenas, por lo que entre los objetivos del Proigualdad est\u00e1 el acompa\u00f1ar a las mujeres en el proceso electoral de manera cercana, ya que existen 10 mil cargos que buscar\u00edan ser ocupados por mujeres por lo que se cuenta con programas de formaci\u00f3n pol\u00edtica y pol\u00edticas de g\u00e9nero.<\/p>\n\n\n\n<p class=\"wp-block-paragraph\">\u201cTenemos que unirnos sin miedo y sin disculpas, que sirva para cambiar las formas de hacer pol\u00edtica\u201d, acot\u00f3.<\/p>\n\n\n\n<p class=\"wp-block-paragraph\">Tambi\u00e9n se\u00f1al\u00f3 que hay que identificar donde est\u00e1n los obst\u00e1culos y las barreras para ir transformando los lugares y espacios para lograr la paridad en todo. Agreg\u00f3 que la participaci\u00f3n de las mujeres en pol\u00edtica si inspira a otras mujeres y abren caminos para que las sigan.<\/p>\n\n\n\n<h4 class=\"wp-block-heading\"><strong>No es v\u00e1lida una pol\u00edtica sin perspectiva de g\u00e9nero: Carmen Mont\u00f3n<\/strong><\/h4>\n\n\n\n<p class=\"wp-block-paragraph\">Carmen Mont\u00f3n, Embajadora Observadora Permanente de Espa\u00f1a ante la OEA se\u00f1al\u00f3 que su pa\u00eds comparte el reto de la paridad y que en la acci\u00f3n exterior feminista contribuyen de forma irrenunciable a fortalecer estrategias para combatir la discriminaci\u00f3n y la violencia que se presentan en las campa\u00f1as electorales, as\u00ed como romper los techos de cristal que se presentan en forma de acoso o violencia pol\u00edtica.<\/p>\n\n\n\n<p class=\"wp-block-paragraph\">Reiter\u00f3 que ya no es v\u00e1lida una pol\u00edtica sin perspectiva de g\u00e9nero, es el momento de la acci\u00f3n de desterrar lo masculino, lo neutro, lo global, lo general. Cuando hablamos de los derechos de las mujeres estamos hablando de ciudadan\u00eda, porque las mujeres representan los intereses de la humanidad.&nbsp;<\/p>\n\n\n\n<p class=\"wp-block-paragraph\">Por lo que comparti\u00f3 los objetivos de: \u201cNo bajar la guardia en la violencia contra las mujeres; fortalecer la educaci\u00f3n; luchar por la inclusi\u00f3n laboral y salarial; luchar por la pobreza porque tiene rostro de mujer, y luchar contra la trata de mujeres, ni\u00f1as y ni\u00f1os\u201d.<\/p>\n\n\n\n<p class=\"wp-block-paragraph\">Finalmente se\u00f1al\u00f3 que Espa\u00f1a tiene un compromiso con la lucha por las mujeres y hoy con las mujeres en M\u00e9xico por la igualdad.<\/p>\n\n\n\n<p class=\"wp-block-paragraph\">Tambi\u00e9n se cont\u00f3 con la presencia de Mar\u00eda Fernanda Trigo, Directora del Departamento para la Gesti\u00f3n Publica Efectiva, Secretar\u00eda de Asuntos Hemisf\u00e9ricos de OEA.<\/p>\n\n\n\n<p class=\"wp-block-paragraph\">Este curso rinde homenaje a Griselda \u00c1lvarez Ponce de Le\u00f3n, la primera mujer electa gobernadora en la historia de M\u00e9xico, en Colima&nbsp;en 1979,&nbsp;y se llevar\u00e1 a cabo de manera virtual del 12 al 23 de abril.<\/p>\n\n\n\n<p class=\"wp-block-paragraph\">Es la 12 edici\u00f3n de la iniciativa de referencia regional para el liderazgo de las mujeres con m\u00e1s de 600 mujeres egresadas de 13 pa\u00edses.<\/p>\n","protected":false},"excerpt":{"rendered":"<p>Sin mujeres no hay democracia, pero tampoco hay democracia en contextos de violencia: Carla Humphrey<\/p>\n","protected":false},"author":3,"featured_media":34301,"comment_status":"open","ping_status":"open","sticky":false,"template":"","format":"standard","meta":{"_monsterinsights_skip_tracking":false,"footnotes":""},"categories":[692,141],"tags":[],"class_list":["post-34300","post","type-post","status-publish","format-standard","has-post-thumbnail","category-692","category-elecciones-2020-2021"],"_links":{"self":[{"href":"https:\/\/redsemlac.com\/semmexico\/wp-json\/wp\/v2\/posts\/34300","targetHints":{"allow":["GET"]}}],"collection":[{"href":"https:\/\/redsemlac.com\/semmexico\/wp-json\/wp\/v2\/posts"}],"about":[{"href":"https:\/\/redsemlac.com\/semmexico\/wp-json\/wp\/v2\/types\/post"}],"author":[{"embeddable":true,"href":"https:\/\/redsemlac.com\/semmexico\/wp-json\/wp\/v2\/users\/3"}],"replies":[{"embeddable":true,"href":"https:\/\/redsemlac.com\/semmexico\/wp-json\/wp\/v2\/comments?post=34300"}],"version-history":[{"count":0,"href":"https:\/\/redsemlac.com\/semmexico\/wp-json\/wp\/v2\/posts\/34300\/revisions"}],"wp:featuredmedia":[{"embeddable":true,"href":"https:\/\/redsemlac.com\/semmexico\/wp-json\/wp\/v2\/media\/34301"}],"wp:attachment":[{"href":"https:\/\/redsemlac.com\/semmexico\/wp-json\/wp\/v2\/media?parent=34300"}],"wp:term":[{"taxonomy":"category","embeddable":true,"href":"https:\/\/redsemlac.com\/semmexico\/wp-json\/wp\/v2\/categories?post=34300"},{"taxonomy":"post_tag","embeddable":true,"href":"https:\/\/redsemlac.com\/semmexico\/wp-json\/wp\/v2\/tags?post=34300"}],"curies":[{"name":"wp","href":"https:\/\/api.w.org\/{rel}","templated":true}]}}