{"id":34297,"date":"2021-04-13T13:54:13","date_gmt":"2021-04-13T19:54:13","guid":{"rendered":"https:\/\/redsemlac.com\/semmexico\/?p=34297"},"modified":"2023-07-21T16:57:58","modified_gmt":"2023-07-21T21:57:58","slug":"ordenes-de-proteccion-como-un-derecho-autonomo-no-sujetas-a-una-denuncia-proponen-organizaciones-feministas","status":"publish","type":"post","link":"https:\/\/redsemlac.com\/semmexico\/ordenes-de-proteccion-como-un-derecho-autonomo-no-sujetas-a-una-denuncia-proponen-organizaciones-feministas\/","title":{"rendered":"\u00d3rdenes de protecci\u00f3n como un derecho aut\u00f3nomo no sujetas a una denuncia, proponen organizaciones feministas"},"content":{"rendered":"\n<ul class=\"wp-block-list\"><li><strong>De cada 100 casos de violencia contra las mujeres, s\u00f3lo se dictan 13 \u00f3rdenes de protecci\u00f3n<\/strong><\/li><li><strong>Las mujeres no denuncian porque no reciben protecci\u00f3n<\/strong><\/li><\/ul>\n\n\n\n<p class=\"wp-block-paragraph\"><strong>Elda Montiel<\/strong><\/p>\n\n\n\n<p class=\"wp-block-paragraph\">SemM\u00e9xico, Cd. de M\u00e9xico, 13 abril 2021.- Reconocer las \u00f3rdenes de protecci\u00f3n como un derecho humano es la propuesta de 22 organizaciones como una iniciativa ciudadana desde los feminismos, ante el aumento de la violencia como lo ha expuesto el Banco Nacional de Datos e Informaci\u00f3n sobre Casos de Violencia contra las Mujeres, (BANAVIM)&nbsp;que, por cada 100 casos de violencia contra las mujeres, \u00fanicamente se dictan 13 \u00f3rdenes de protecci\u00f3n.<\/p>\n\n\n\n<p class=\"wp-block-paragraph\">En conferencia de prensa virtual, se detall\u00f3 adem\u00e1s que, en el informe de la Red por la Ciudadanizaci\u00f3n de la Justicia,&nbsp;encontraron que en el 69% de los casos, las y los jueces omitieron identificar las posibles situaciones o conductas de riesgo para las mujeres y, por ende, no dictaron las \u00f3rdenes de protecci\u00f3n necesarias.<\/p>\n\n\n\n<p class=\"wp-block-paragraph\">Que durante la pandemia el 78% de los poderes judiciales no contemplaron las \u00f3rdenes de protecci\u00f3n en materia penal de manera expl\u00edcita como parte de las funciones de impartici\u00f3n de justicia consideradas de urgencia.<\/p>\n\n\n\n<p class=\"wp-block-paragraph\">Adem\u00e1s de que el 81 por ciento de los poderes judiciales no contemplaron los mecanismos que ten\u00edan a su alcance para proteger a las mujeres en situaci\u00f3n de violencia incluyendo a las \u00f3rdenes de protecci\u00f3n.<\/p>\n\n\n\n<p class=\"wp-block-paragraph\">Por su parte, F\u00e1tima Gamboa de Equis Justicia para las Mujeres se\u00f1al\u00f3 adem\u00e1s que el 76.6 por ciento de las mujeres no denuncian porque saben que se van a enfrentar a obst\u00e1culos hist\u00f3ricos en el ministerio p\u00fablico y lo que buscan es la protecci\u00f3n del estado y no necesariamente el castigo.<\/p>\n\n\n\n<p class=\"wp-block-paragraph\">Abund\u00f3 que el discurso oficial pone a las mujeres la obligaci\u00f3n de denunciar, pero sabemos que con la denuncia no pasa nada, menos por la violencia dom\u00e9stica que es la m\u00e1s constante y la menos penalizada.<\/p>\n\n\n\n<p class=\"wp-block-paragraph\">Por lo que enfatiz\u00f3 que el mensaje que se debe de mandar es \u201cSi vives la violencia el Estado te protege\u201d, por lo que la propuesta de reforma legislativa a las \u00f3rdenes de protecci\u00f3n es como un derecho aut\u00f3nomo no como accesorio a cualquier denuncia.<\/p>\n\n\n\n<p class=\"wp-block-paragraph\">Esta es una de las principales propuestas de reforma a la Ley General de Acceso de las Mujeres a una Vida Libre de Violencia (LGAMVLV) presentada por las organizaciones feministas.<\/p>\n\n\n\n<p class=\"wp-block-paragraph\">Integra la interculturalidad porque especifica que las informaciones deben estar en un idioma y formato pertinente para las mujeres y ni\u00f1as ind\u00edgenas y con discapacidad o en situaci\u00f3n de inamovilidad.<\/p>\n\n\n\n<p class=\"wp-block-paragraph\">Principalmente que para dictar la orden de protecci\u00f3n no es necesario que la vida de las mujeres este comprometida por violencia extrema, basta la m\u00ednima sospecha de encontrarse en peligro.<\/p>\n\n\n\n<p class=\"wp-block-paragraph\">Faculta a los jueces calificadores y de paz municipales y a las autoridades de los pueblos o comunidades ind\u00edgenas para emitir \u00f3rdenes de protecci\u00f3n, al tratarse de las autoridades m\u00e1s cercanas a las mujeres.<\/p>\n\n\n\n<p class=\"wp-block-paragraph\">Incorpora la figura de las \u00f3rdenes de protecci\u00f3n definitivas, que responden a aquellos casos en los que la violencia se ha manifestado por un periodo prolongado de tiempo y, por lo tanto, las mujeres o ni\u00f1as requieren protecci\u00f3n a largo plazo.<\/p>\n\n\n\n<p class=\"wp-block-paragraph\">Amalia Ojeda de UNASSE A.C. mencion\u00f3 que si bien, se dio una reforma reciente a la Ley General de Acceso de las Mujeres a una Vida Libre de Violencia, publicada el 18 de marzo de 2021, se realizaron cambios trascendentales en el esquema regulatorio de las \u00f3rdenes de protecci\u00f3n en la direcci\u00f3n correcta, como pasar de 72 horas a 70 d\u00edas, pero se qued\u00f3 corta en el an\u00e1lisis de riesgo.<\/p>\n\n\n\n<p class=\"wp-block-paragraph\">Martha Mercado, del colectivo Yolpakilis para los Derechos Humanos de las Mujeres destac\u00f3 que esta iniciativa propone que las \u00f3rdenes de protecci\u00f3n las pueden dictar los jueces de paz y que esta modificaci\u00f3n es fundamental en comunidades ind\u00edgenas, las mujeres no tienen que ir hasta la cabecera, sino al juez de paz que est\u00e1 en sus localidades, adem\u00e1s destac\u00f3 el principio de \u201cBuena fe\u201d que la autoridad tiene la obligaci\u00f3n de creerle a la mujer v\u00edctima.<\/p>\n\n\n\n<p class=\"wp-block-paragraph\">Deyanira L\u00f3pez Nicol\u00e1s de Ixmucane A.C. resalt\u00f3 que esta propuesta surge de la experiencia de las mujeres, por lo que la construcci\u00f3n es intercultural e incluyente, por lo que integra que el agresor desaloje inmediatamente la vivienda, independientemente de que sea o no el propietario, as\u00ed como las \u00f3rdenes de protecci\u00f3n les den la custodia a las mujeres, y que las ordenes sean definitorias.<\/p>\n\n\n\n<p class=\"wp-block-paragraph\">Wendy Figueroa, de la Red Nacional de Refugios (RNR) destac\u00f3 que el marco legal busca un est\u00e1ndar de protecci\u00f3n id\u00f3nea con las particularidades de las mujeres y ni\u00f1as. Que basta que exista la m\u00ednima posibilidad que pueda ocurrir un da\u00f1o a esa mujer o a esa ni\u00f1a, y el dicho de las mujeres para dictar una orden de protecci\u00f3n y no necesariamente llegar a una violencia extrema.<\/p>\n\n\n\n<p class=\"wp-block-paragraph\">Hizo \u00e9nfasis en el principio de autonom\u00eda y buena fe, ya que las \u00f3rdenes de protecci\u00f3n no tendr\u00edan que estar condicionadas a una orden judicial, y puede presentarse en cualquier momento del proceso y actuar de forma efectiva e inmediata.&nbsp;<\/p>\n\n\n\n<p class=\"wp-block-paragraph\">Adem\u00e1s del principio de igualdad y no discriminaci\u00f3n todas las mujeres tendr\u00edan acceso al pleno goce de sus derechos.<\/p>\n\n\n\n<p class=\"wp-block-paragraph\">Agradeci\u00f3 el inter\u00e9s que mostraron algunas legisladoras, ya que expres\u00f3 que no es una cuesti\u00f3n de voluntad pol\u00edtica es un derecho, basada en los derechos humanos, el derecho a la protecci\u00f3n que sea garante a las mujeres y a las ni\u00f1as.<\/p>\n\n\n\n<p class=\"wp-block-paragraph\">Tambi\u00e9n se resalt\u00f3 la propuesta de trabajar con el agresor, pero desde una visi\u00f3n feminista, ya abundan los cursos con una calidad mal\u00edsima, aunque se reconoci\u00f3 que hay asociaciones civiles que trabajan con masculinidades y es necesario hacerlo tambi\u00e9n, y est\u00e1 en la propuesta.<\/p>\n\n\n\n<p class=\"wp-block-paragraph\">Se enfatiz\u00f3 que replantear la regulaci\u00f3n de las \u00f3rdenes de protecci\u00f3n, desde una perspectiva intercultural e incluyente, cobra particular relevancia dado que, para las mujeres y ni\u00f1as mexicanas, vivir libre de violencia es, pr\u00e1cticamente un privilegio y la pandemia ocasionada por&nbsp;Covid-19 profundiz\u00f3 la crisis&nbsp;ya existente.<\/p>\n\n\n\n<p class=\"wp-block-paragraph\">As\u00ed,&nbsp;\u201cquedarse en casa\u201d&nbsp;signific\u00f3 para muchas mujeres y ni\u00f1as poner en riesgo su integridad y vida.<\/p>\n\n\n\n<p class=\"wp-block-paragraph\">Las \u00f3rdenes de protecci\u00f3n son una herramienta efectiva para proteger a ni\u00f1as y mujeres, pues permiten a las autoridades detener y prevenir r\u00e1pidamente la violencia.<\/p>\n\n\n\n<p class=\"wp-block-paragraph\">Asimismo, son un mecanismo de protecci\u00f3n que destaca del resto por tratarse de un mecanismo estatal espec\u00edficamente dise\u00f1ado para proteger a ni\u00f1as y mujeres contra la violencia de g\u00e9nero, y son especialmente \u00fatiles en circunstancias de urgencia, pues su sencillez agiliza la respuesta de las autoridades ante situaciones de violencia.<\/p>\n\n\n\n<p class=\"wp-block-paragraph\">En la elaboraci\u00f3n de la reforma se cont\u00f3 con la experiencia de trabajo de varias organizaciones de 10 estados de la Rep\u00fablica, el an\u00e1lisis, la expertis jur\u00eddica de jueces y juezas que dieron sustento jur\u00eddico t\u00e9cnico y constitucional, as\u00ed como la argumentaci\u00f3n con los m\u00e1s altos est\u00e1ndares de protecci\u00f3n poniendo a las mujeres en su diversidad en el centro.<\/p>\n\n\n\n<p class=\"wp-block-paragraph\">La propuesta de reforma establece cuatro directrices para que las autoridades eval\u00faen el riesgo de forma integral, considerando el contexto de cada mujer o ni\u00f1a: las caracter\u00edsticas, frecuencia y magnitud de la violencia; las necesidades espec\u00edficas de cada mujer y ni\u00f1a que derivan de su situaci\u00f3n particular; los factores sociales que pudieran incrementar su vulnerabilidad; as\u00ed como las caracter\u00edsticas del generador de violencia que podr\u00edan aumentar el peligro que este represente.<\/p>\n","protected":false},"excerpt":{"rendered":"<p>De cada 100 casos de violencia contra las mujeres, s\u00f3lo se dictan 13 \u00f3rdenes de protecci\u00f3n<\/p>\n","protected":false},"author":3,"featured_media":34298,"comment_status":"open","ping_status":"open","sticky":false,"template":"","format":"standard","meta":{"_monsterinsights_skip_tracking":false,"footnotes":""},"categories":[692,54],"tags":[],"class_list":["post-34297","post","type-post","status-publish","format-standard","has-post-thumbnail","category-692","category-mujeres"],"_links":{"self":[{"href":"https:\/\/redsemlac.com\/semmexico\/wp-json\/wp\/v2\/posts\/34297","targetHints":{"allow":["GET"]}}],"collection":[{"href":"https:\/\/redsemlac.com\/semmexico\/wp-json\/wp\/v2\/posts"}],"about":[{"href":"https:\/\/redsemlac.com\/semmexico\/wp-json\/wp\/v2\/types\/post"}],"author":[{"embeddable":true,"href":"https:\/\/redsemlac.com\/semmexico\/wp-json\/wp\/v2\/users\/3"}],"replies":[{"embeddable":true,"href":"https:\/\/redsemlac.com\/semmexico\/wp-json\/wp\/v2\/comments?post=34297"}],"version-history":[{"count":0,"href":"https:\/\/redsemlac.com\/semmexico\/wp-json\/wp\/v2\/posts\/34297\/revisions"}],"wp:featuredmedia":[{"embeddable":true,"href":"https:\/\/redsemlac.com\/semmexico\/wp-json\/wp\/v2\/media\/34298"}],"wp:attachment":[{"href":"https:\/\/redsemlac.com\/semmexico\/wp-json\/wp\/v2\/media?parent=34297"}],"wp:term":[{"taxonomy":"category","embeddable":true,"href":"https:\/\/redsemlac.com\/semmexico\/wp-json\/wp\/v2\/categories?post=34297"},{"taxonomy":"post_tag","embeddable":true,"href":"https:\/\/redsemlac.com\/semmexico\/wp-json\/wp\/v2\/tags?post=34297"}],"curies":[{"name":"wp","href":"https:\/\/api.w.org\/{rel}","templated":true}]}}