{"id":34291,"date":"2021-04-12T16:59:03","date_gmt":"2021-04-12T22:59:03","guid":{"rendered":"https:\/\/redsemlac.com\/semmexico\/?p=34291"},"modified":"2023-07-21T16:57:58","modified_gmt":"2023-07-21T21:57:58","slug":"kenia-lopez-rabadan-y-candidatas-de-la-alianza-va-por-puebla-firman-convenio-por-las-mujeres-y-para-remediar-el-minado-el-presupuesto-para-las-mujeres","status":"publish","type":"post","link":"https:\/\/redsemlac.com\/semmexico\/kenia-lopez-rabadan-y-candidatas-de-la-alianza-va-por-puebla-firman-convenio-por-las-mujeres-y-para-remediar-el-minado-el-presupuesto-para-las-mujeres\/","title":{"rendered":"Kenia L\u00f3pez Rabad\u00e1n y candidatas de la \u201cAlianza Va por Puebla\u201d, firman convenio por las mujeres y para remediar el  minado el presupuesto para las mujeres"},"content":{"rendered":"\n<ul class=\"wp-block-list\"><li><strong>En Puebla se firma este compromiso para defender los derechos humanos de las poblanas.<\/strong><\/li><\/ul>\n\n\n\n<p class=\"wp-block-paragraph\"><strong>Redacci\u00f3n<\/strong><\/p>\n\n\n\n<p class=\"wp-block-paragraph\">SemM\u00e9xico, Ciudad de M\u00e9xico, 12 de abril, 2021.- Xitlalic Ceja, Ana Teresa Aranda, Carolina Beauregard y Mario Riestra, candidatas y candidato al Congreso Federal, suscribieron una serie de compromisos que promover\u00e1n desde la C\u00e1mara de Diputados de lograr el triunfo el pr\u00f3ximo 6 de junio. En la firma suscribieron como testigos la senadora L\u00f3pez Kenia L\u00f3pez Rabad\u00e1n y Genoveva Huerta, presidenta del PAN en Puebla.<\/p>\n\n\n\n<p class=\"wp-block-paragraph\">&nbsp;\u201cLas candidatas y candidatos de la \u201cAlianza Va por Puebla\u201d, tienen el compromiso de mejorar las condiciones de vida de las mujeres, que por cierto, somos m\u00e1s de la mitad de la poblaci\u00f3n\u201d, destac\u00f3 la legisladora.<\/p>\n\n\n\n<p class=\"wp-block-paragraph\">Se\u00f1al\u00f3 que las candidatas y el candidato trabajar\u00e1n para reorientar el Presupuesto de Egresos de la Federaci\u00f3n y que \u00e9ste tenga perspectiva de g\u00e9nero, que se utilice para proyectos que realmente protejan a las mujeres y a las ni\u00f1as.<\/p>\n\n\n\n<p class=\"wp-block-paragraph\">L\u00f3pez Rabad\u00e1n precis\u00f3 que Acci\u00f3n Nacional tiene el compromiso de combatir la violencia en raz\u00f3n de g\u00e9nero. \u201dEs urgente un mayor presupuesto para los refugios de mujeres v\u00edctimas de violencia\u201d. Asimismo, se\u00f1al\u00f3 la necesidad de eliminar el impuesto a productos de higiene y salud de la mujer.<\/p>\n\n\n\n<p class=\"wp-block-paragraph\">Igualmente, dijo que las prioridades del gobierno estatal son inentendibles ya que mientras el gobierno poblano se preocupa por quitar la talavera de los edificios p\u00fablicos, Puebla ocupa el cuarto lugar de muertes por la Covid-19 y el sexto lugar con mayor n\u00famero de contagios.<\/p>\n\n\n\n<p class=\"wp-block-paragraph\">Calific\u00f3 de inhumano al actual gobierno estatal del que dijo, \u201cno ha entendido que la prioridad es salvar la vida de quienes habitan el hermoso estado de Puebla\u201d.<\/p>\n\n\n\n<p class=\"wp-block-paragraph\">La legisladora reclam\u00f3 que un gobierno que insiste en continuar con obras que no resuelven nada, ni dan respuesta a las necesidades de la poblaci\u00f3n, es un gobierno ineficiente e ineficaz.<\/p>\n\n\n\n<p class=\"wp-block-paragraph\">Datos del propio Sem\u00e1foro Delictivo del estado muestran que, en los primeros meses del a\u00f1o, ha aumentado la extorsi\u00f3n, el narcomenudeo, el robo a casa habitaci\u00f3n, las lesiones, las violaciones y lastimosamente, cada d\u00eda se presentan m\u00e1s de 20 denuncias por violencia dom\u00e9stica.<\/p>\n\n\n\n<p class=\"wp-block-paragraph\">El Coneval report\u00f3 que en los \u00faltimos tres meses de 2020, Puebla tuvo m\u00e1s del 45 por ciento de la poblaci\u00f3n con un ingreso laboral inferior al costo de la canasta alimentaria, convirti\u00e9ndose en la sexta entidad federativa con mayores niveles de pobreza laboral.<\/p>\n\n\n\n<p class=\"wp-block-paragraph\">Al respecto, se\u00f1al\u00f3 \u201cen el PAN, tenemos claro que las mujeres somos fuertes y seremos nosotras, quienes definiremos a las pr\u00f3ximas diputadas, diputados y quienes estar\u00e1n al frente de las Presidencias Municipales\u201d.<\/p>\n\n\n\n<p class=\"wp-block-paragraph\">Acot\u00f3 que este 6 de junio urgen contrapesos en el gobierno federal, en la C\u00e1mara de Diputados, en el Congreso local y en las alcald\u00edas, porque L\u00f3pez Obrador desde el Congreso Federal con sus diputados, ha destruido a los refugios, a las estancias infantiles, a los fideicomisos p\u00fablicos, al seguro popular y ha minado el presupuesto para las mujeres.<\/p>\n\n\n\n<p class=\"wp-block-paragraph\">La panista destac\u00f3 que un dato revelador que demuestra la falta de coordinaci\u00f3n entre los municipios, el estado y la federaci\u00f3n, son las mujeres desaparecidas. \u201cHoy M\u00e9xico est\u00e1 viviendo una realidad lastimosa para las mujeres y las cifras son claras. En nuestro pa\u00eds se asesinan a m\u00e1s de 11 mujeres al d\u00eda, por el s\u00f3lo hecho de ser mujeres\u201d, dijo.<\/p>\n\n\n\n<p class=\"wp-block-paragraph\">Para concluir, destac\u00f3 que \u201cno cabe duda de que el Gobernador de Puebla es el mejor alumno de la destrucci\u00f3n de las instituciones del estado y esto debe parar por el bien de Puebla. Seguir teniendo legisladores y servidores p\u00fablicos que est\u00e9n de rodillas al Presidente de la Rep\u00fablica, no abona ni a Puebla ni a M\u00e9xico\u201d.<\/p>\n","protected":false},"excerpt":{"rendered":"<p>En Puebla se firma este compromiso para defender los derechos humanos de las poblanas.<\/p>\n","protected":false},"author":3,"featured_media":34292,"comment_status":"open","ping_status":"open","sticky":false,"template":"","format":"standard","meta":{"_monsterinsights_skip_tracking":false,"footnotes":""},"categories":[692,141],"tags":[],"class_list":["post-34291","post","type-post","status-publish","format-standard","has-post-thumbnail","category-692","category-elecciones-2020-2021"],"_links":{"self":[{"href":"https:\/\/redsemlac.com\/semmexico\/wp-json\/wp\/v2\/posts\/34291","targetHints":{"allow":["GET"]}}],"collection":[{"href":"https:\/\/redsemlac.com\/semmexico\/wp-json\/wp\/v2\/posts"}],"about":[{"href":"https:\/\/redsemlac.com\/semmexico\/wp-json\/wp\/v2\/types\/post"}],"author":[{"embeddable":true,"href":"https:\/\/redsemlac.com\/semmexico\/wp-json\/wp\/v2\/users\/3"}],"replies":[{"embeddable":true,"href":"https:\/\/redsemlac.com\/semmexico\/wp-json\/wp\/v2\/comments?post=34291"}],"version-history":[{"count":0,"href":"https:\/\/redsemlac.com\/semmexico\/wp-json\/wp\/v2\/posts\/34291\/revisions"}],"wp:featuredmedia":[{"embeddable":true,"href":"https:\/\/redsemlac.com\/semmexico\/wp-json\/wp\/v2\/media\/34292"}],"wp:attachment":[{"href":"https:\/\/redsemlac.com\/semmexico\/wp-json\/wp\/v2\/media?parent=34291"}],"wp:term":[{"taxonomy":"category","embeddable":true,"href":"https:\/\/redsemlac.com\/semmexico\/wp-json\/wp\/v2\/categories?post=34291"},{"taxonomy":"post_tag","embeddable":true,"href":"https:\/\/redsemlac.com\/semmexico\/wp-json\/wp\/v2\/tags?post=34291"}],"curies":[{"name":"wp","href":"https:\/\/api.w.org\/{rel}","templated":true}]}}