{"id":34289,"date":"2021-04-12T15:59:54","date_gmt":"2021-04-12T21:59:54","guid":{"rendered":"https:\/\/redsemlac.com\/semmexico\/?p=34289"},"modified":"2023-07-21T16:57:58","modified_gmt":"2023-07-21T21:57:58","slug":"vale-la-pena-incursionar-en-la-politica-de-la-confrontacion","status":"publish","type":"post","link":"https:\/\/redsemlac.com\/semmexico\/vale-la-pena-incursionar-en-la-politica-de-la-confrontacion\/","title":{"rendered":"\u00bfVale la pena incursionar en la pol\u00edtica de la confrontaci\u00f3n?"},"content":{"rendered":"\n<h2 class=\"wp-block-heading\"><strong>Palabra de Ant\u00edgona<\/strong><\/h2>\n\n\n\n<p class=\"wp-block-paragraph\"><strong>Sara Lovera<\/strong><\/p>\n\n\n\n<p class=\"wp-block-paragraph\">SemM\u00e9xico, Cd. de M\u00e9xico, 12 de abril, 2021.- A diario, desde las voces m\u00e1s dis\u00edmbolas, en los medios de todo el pa\u00eds, se advierte de las graves consecuencias de la confrontaci\u00f3n y el ataque a las instituciones. Fr\u00e1giles parecen, y ya fueron, las instancias aut\u00f3nomas para proteger a las y los periodistas, a las v\u00edctimas y a las mujeres, pero mucho m\u00e1s peligroso es el intento de desprestigio al \u00e1rbitro electoral.<\/p>\n\n\n\n<p class=\"wp-block-paragraph\">Y no obstante las consecuencias de este nuevo \u201cestilo de gobernar\u201d, lo que posibilita la sobrevivencia de un pa\u00eds es su calidad democr\u00e1tica, as\u00ed sea con claroscuros. Y eso significa, en estos tiempos, la posibilidad del di\u00e1logo y la escucha por parte del poder, poder.<\/p>\n\n\n\n<p class=\"wp-block-paragraph\">Las campa\u00f1as electorales que estar\u00e1n activas durante las pr\u00f3ximas siete semanas arrancaron en un ambiente enrarecido, dif\u00edcil y violento. Que la cuenta lleve decenas de agresiones e \u2014incluso\u2014 algunos asesinatos, es tremendo, pero lo son tambi\u00e9n los mensajes simb\u00f3licos que promueven la impunidad y la gresca.<\/p>\n\n\n\n<p class=\"wp-block-paragraph\">En 2018, el pa\u00eds ya era altamente violento. La actividad pol\u00edtica se hab\u00eda degradado peligrosamente. En ese escenario, contradictoriamente, las mexicanas ya hab\u00edamos logrado la paridad electoral \u2014en 2014\u2014 y la paridad total, en 2020, pero este significativo avance para la participaci\u00f3n pol\u00edtica de las mujeres encierra grandes contradicciones, desde la perspectiva feminista.<\/p>\n\n\n\n<p class=\"wp-block-paragraph\">Si como es, estar\u00e1n en contienda unas 70 mil mujeres, y por ello acceder\u00e1n a numerosos puestos de elecci\u00f3n popular. La gran pregunta es si en condiciones de tanta tensi\u00f3n y violencia, donde muchas vidas est\u00e1n en peligro, \u00bfvale la pena?<\/p>\n\n\n\n<p class=\"wp-block-paragraph\">Los testimonios, recogidos por muchas publicaciones, nos hablan de c\u00f3mo las mujeres en la pol\u00edtica se enfrentan a la discriminaci\u00f3n, a la misoginia y a un entorno ofensivo. Es una larga historia.<\/p>\n\n\n\n<p class=\"wp-block-paragraph\">Recuerdo c\u00f3mo lo planteaba la primera gobernadora de M\u00e9xico, do\u00f1a Griselda \u00c1lvarez, en sus apuntes biogr\u00e1ficos. Qu\u00e9 le signific\u00f3 hablar con la \u201cA\u201d y generar el primer espacio oficial de protecci\u00f3n a las mujeres violentadas, all\u00e1 en Colima. C\u00f3mo vivi\u00f3 en soledad, no s\u00f3lo f\u00edsica sino intelectual y enfrent\u00f3 a los pactantes con el patriarcado que, en m\u00e1s de una ocasi\u00f3n, como se dice hoy, bandalizaron el Centro de la Mujer en la entidad que gobern\u00f3, o c\u00f3mo fue que le dijo Jes\u00fas Reyes Heroles: \u201cMejor no compitas, vete a tus poemas\u201d.<\/p>\n\n\n\n<p class=\"wp-block-paragraph\">Mucho han contado aquellas pol\u00edticas \u201ctradicionales\u201d. Un d\u00eda, Mar\u00eda de los \u00c1ngeles Moreno, quien lleg\u00f3 a dirigir al PRI, me dijo c\u00f3mo fue que sus mejores compa\u00f1eros de partido o profesi\u00f3n la obstaculizaron para ser jefa de gobierno en la Ciudad de M\u00e9xico. Y c\u00f3mo fue que no cej\u00f3 ni tampoco renunci\u00f3 a buscar espacios pol\u00edticos para las mujeres.<\/p>\n\n\n\n<p class=\"wp-block-paragraph\">Much\u00edsimas otras, en las oposiciones de la \u00e9poca, fueron directamente agredidas, incluso por sus parejas y sus compa\u00f1eros y compa\u00f1eras de partido; a otras las han dejado solas en la c\u00e1rcel o el olvido.<\/p>\n\n\n\n<p class=\"wp-block-paragraph\">Demasiado sacrificio. Hoy, en estos tiempos, se promueve la igualdad total, desde los \u00f3rganos internacionales de la econom\u00eda, porque los hombres han hecho un desastre y parecen llamadas a limpiar el tiradero, la ineficacia, la burocracia, la insensibilidad humana de l\u00edderes por doquier. Me pregunto, otra vez, si vale la pena. Veremos.<\/p>\n\n\n\n<p class=\"wp-block-paragraph\">*Periodista, directora del portal informativo SemM\u00e9xico.mx<\/p>\n","protected":false},"excerpt":{"rendered":"<p>A diario, desde las voces m\u00e1s dis\u00edmbolas, en los medios de todo el pa\u00eds, se advierte de las graves consecuencias de la confrontaci\u00f3n y el ataque a las instituciones<\/p>\n","protected":false},"author":3,"featured_media":32479,"comment_status":"open","ping_status":"open","sticky":false,"template":"","format":"standard","meta":{"_monsterinsights_skip_tracking":false,"footnotes":""},"categories":[692,35,95,69],"tags":[],"class_list":["post-34289","post","type-post","status-publish","format-standard","has-post-thumbnail","category-692","category-opinion","category-palabra-de-antigona","category-sara-lovera"],"_links":{"self":[{"href":"https:\/\/redsemlac.com\/semmexico\/wp-json\/wp\/v2\/posts\/34289","targetHints":{"allow":["GET"]}}],"collection":[{"href":"https:\/\/redsemlac.com\/semmexico\/wp-json\/wp\/v2\/posts"}],"about":[{"href":"https:\/\/redsemlac.com\/semmexico\/wp-json\/wp\/v2\/types\/post"}],"author":[{"embeddable":true,"href":"https:\/\/redsemlac.com\/semmexico\/wp-json\/wp\/v2\/users\/3"}],"replies":[{"embeddable":true,"href":"https:\/\/redsemlac.com\/semmexico\/wp-json\/wp\/v2\/comments?post=34289"}],"version-history":[{"count":0,"href":"https:\/\/redsemlac.com\/semmexico\/wp-json\/wp\/v2\/posts\/34289\/revisions"}],"wp:featuredmedia":[{"embeddable":true,"href":"https:\/\/redsemlac.com\/semmexico\/wp-json\/wp\/v2\/media\/32479"}],"wp:attachment":[{"href":"https:\/\/redsemlac.com\/semmexico\/wp-json\/wp\/v2\/media?parent=34289"}],"wp:term":[{"taxonomy":"category","embeddable":true,"href":"https:\/\/redsemlac.com\/semmexico\/wp-json\/wp\/v2\/categories?post=34289"},{"taxonomy":"post_tag","embeddable":true,"href":"https:\/\/redsemlac.com\/semmexico\/wp-json\/wp\/v2\/tags?post=34289"}],"curies":[{"name":"wp","href":"https:\/\/api.w.org\/{rel}","templated":true}]}}