{"id":34264,"date":"2021-04-12T14:05:51","date_gmt":"2021-04-12T20:05:51","guid":{"rendered":"https:\/\/redsemlac.com\/semmexico\/?p=34264"},"modified":"2023-07-21T16:57:58","modified_gmt":"2023-07-21T21:57:58","slug":"los-ninos-soldado-de-guerrero-claman-contra-el-narco-armados-y-con-tiros-al-aire-por-las-viudas-y-los-huerfanos","status":"publish","type":"post","link":"https:\/\/redsemlac.com\/semmexico\/los-ninos-soldado-de-guerrero-claman-contra-el-narco-armados-y-con-tiros-al-aire-por-las-viudas-y-los-huerfanos\/","title":{"rendered":"Los ni\u00f1os soldado de Guerrero claman contra el narco, armados y con tiros al aire por las viudas y los hu\u00e9rfanos"},"content":{"rendered":"\n<ul class=\"wp-block-list\"><li><strong>En el aniversario del asesinato de Emiliano Zapata, un llamado desesperado<\/strong><\/li><li><strong>Por segundo a\u00f1o se muestra a los ni\u00f1os entrenados\u00a0 para la defensa en la zona de producci\u00f3n de Amapola, en Guerrero<\/strong><\/li><\/ul>\n\n\n\n<p class=\"wp-block-paragraph\">SemM\u00e9xico\/ Agencia\u00a0 CEPROVYSA\/El Pa\u00eds, 12 de abril, 2021.- Bajo un sol cenital, los ni\u00f1os armados desfilan uno tras otro lanzando vivas a los hu\u00e9rfanos, a las viudas, a los pueblos originarios, al general Zapata. \u201c\u00a1Viva! \u00a1viva! \u00a1viva!\u201d. Por tercer a\u00f1o consecutivo, los menores se han sumado a los adultos de la polic\u00eda comunitaria en una suerte de desfile militar\u00a0<a href=\"https:\/\/elpais.com\/internacional\/2020\/01\/23\/mexico\/1579744998_262408.html\">que es una llamada de auxilio al Gobierno de M\u00e9xico\u00a0<\/a>y tambi\u00e9n una demostraci\u00f3n de fuerza ante los grupos de delincuencia organizada que los asedian en la Monta\u00f1a Baja del Estado de Guerrero. Son ya apenas una irreductible aldea de 600 habitantes en una zona donde el cultivo de la amapola ha ido ganando terreno a tiros. Los Ardillos, un grupo de delincuentes, quieren la tierra y la mano de obra semi esclava para la goma de opio. Quien no se pliega lo paga caro. Y en el municipio de Jos\u00e9 Joaqu\u00edn de Herrera no quieren plegarse.<\/p>\n\n\n\n<div class=\"wp-block-image\"><figure class=\"alignleft size-large is-resized\"><a href=\"https:\/\/redsemlac.com\/semmexico\/wp-content\/uploads\/2021\/04\/ninos-1.jpg\"><img loading=\"lazy\" decoding=\"async\" src=\"https:\/\/redsemlac.com\/semmexico\/wp-content\/uploads\/2021\/04\/ninos-1.jpg\" alt=\"\" class=\"wp-image-34265\" width=\"361\" height=\"188\"\/><\/a><figcaption><em><a href=\"https:\/\/elpais.com\/autor\/carmen-moran-brena\/\">CARMEN MOR\u00c1N BRE\u00d1A<\/a> Jos\u00e9 Joaqu\u00edn De Herrera (Guerrero)<\/em><\/figcaption><\/figure><\/div>\n\n\n\n<p class=\"wp-block-paragraph\">El a\u00f1o pasado, la estrategia de armar a los ni\u00f1os, bien que sea con escopetas de juguete para los de siete a 12 a\u00f1os, dio resultado. El Gobierno de Andr\u00e9s Manuel L\u00f3pez Obrador se vio obligado a reaccionar ante la alarma internacional. Ni\u00f1os armados en M\u00e9xico. Este a\u00f1o, la polic\u00eda comunitaria ha forzado el pulso un poco m\u00e1s: los chavos han disparado al aire en un abierto del campo despu\u00e9s de lanzar consignas y exigir al Gobierno \u201cque apoye a las viudas, hu\u00e9rfanos y desplazados. Ya basta de delincuencia y\u00a0<a href=\"https:\/\/elpais.com\/mexico\/2021-04-10\/el-plagio-de-artesanias-a-indigenas-un-lucro-millonario-que-la-ley-no-logra-frenar-en-mexico.html\">discriminaci\u00f3n a los pueblos ind\u00edgenas\u00a0<\/a>de M\u00e9xico\u201d. Los tiros tambi\u00e9n parec\u00edan de juguete, pero no lo eran.<\/p>\n\n\n\n<p class=\"wp-block-paragraph\">Algunos de los ni\u00f1os que forman parte de las guardias comunitarias armadas del municipio de Jos\u00e9 Joaqu\u00edn de Herrera.<\/p>\n\n\n\n<p class=\"wp-block-paragraph\">Las llamadas autodefensas&nbsp;<a href=\"https:\/\/elpais.com\/elpais\/2014\/10\/24\/opinion\/1414176761_858161.html\">tienen larga tradici\u00f3n en Guerrero<\/a>&nbsp;y se han extendido por medio pa\u00eds. La gente de a pie se arma para protegerse de los peligros que les acechan. Despu\u00e9s de todo, la Constituci\u00f3n consagra para los pueblos ind\u00edgenas autonom\u00eda en cuestiones de justicia y polic\u00eda, entre otras. Y la ejercen, no siempre con mucho tino. El asedio de la delincuencia organizada&nbsp;<a href=\"https:\/\/elpais.com\/internacional\/2019\/09\/08\/mexico\/1567906718_822056.html\">ha convertido a estas patrullas locales en fuerzas de defensa&nbsp;<\/a>que cada a\u00f1o pierden vidas en sus balaceras con el narco. En ambos bandos se pierden. En 2020 hubo seis ataques, seg\u00fan las cuentas de Bernardino S\u00e1nchez Luna, de 48 a\u00f1os, veterano guerrillero que organiza estas milicias en la zona.<\/p>\n\n\n\n<div class=\"wp-block-image\"><figure class=\"alignright size-large is-resized\"><a href=\"https:\/\/redsemlac.com\/semmexico\/wp-content\/uploads\/2021\/04\/ninos-2.jpg\"><img loading=\"lazy\" decoding=\"async\" src=\"https:\/\/redsemlac.com\/semmexico\/wp-content\/uploads\/2021\/04\/ninos-2.jpg\" alt=\"\" class=\"wp-image-34266\" width=\"238\" height=\"238\"\/><\/a><\/figure><\/div>\n\n\n\n<p class=\"wp-block-paragraph\">La defensa armada de estas comunidades naci\u00f3 con un objetivo de seguridad comunitaria, pero, al tiempo, se fue convirtiendo en un grupo cuasi militar al que ahora suman a los ni\u00f1os para irles formando. \u00bfPor qu\u00e9 implicar a los ni\u00f1os? \u00bfPor qu\u00e9 criarles con una escopeta en las manos? \u201cEl Gobierno no nos ha cumplido. Le pedimos ayuda contra los grupos y no la ha prestado. Le pedimos maestros de secundaria, porque no podemos salir del pueblo, y no han llegado. Nuestra tarea es cultivar el campo, si no quiere que nos armemos, que nos d\u00e9 seguridad\u201d, dice Bernardino, como le llaman todos. Ya, pero \u00bflos ni\u00f1os?&nbsp;<a href=\"https:\/\/elpais.com\/sociedad\/2019\/12\/14\/actualidad\/1576284426_824203.html\">\u201cEl Gobierno no nos ha cumplido\u201d.&nbsp;<\/a>Ah\u00ed queda el pulso. Lo dem\u00e1s es una bravuconada para que los Ardillos sepan con qui\u00e9n se la juegan.<\/p>\n\n\n\n<p class=\"wp-block-paragraph\">La hilera de soldaditos de cabello negro y piel oscura desfila por el pueblo. Llevan gorra de visera y calzan huaraches de cuero r\u00edgido. Con un paliacate atado al cuello se cubren la nariz y la boca, como si fueran guerrilleros m\u00ednimos. Mu\u00f1equitos de carne y hueso que sonr\u00eden con todos los dientes ante el paquete de galletas. El polvo de las calles de terracer\u00eda lo cubre todo y el sol no da su brazo a torcer. Portan armas de madera, pistolas de juguete; los m\u00e1s peque\u00f1os enarbolan palos. Y lanzan vivas tras del veh\u00edculo de la megafon\u00eda. Casi parece un d\u00eda de fiesta. La procesi\u00f3n la han encabezado las mujeres, que tienen poca voz en estos pueblos. Despu\u00e9s van los cr\u00edos, luego los adultos. Sus escopetas tambi\u00e9n delatan a\u00f1os de lucha: las cachas gastadas, el ca\u00f1\u00f3n sin brillo, correajes caseros. M\u00e1s que una demostraci\u00f3n de fuerza parece un ej\u00e9rcito que vuelve a casa tras a\u00f1os de batalla. Derrotado.<\/p>\n\n\n\n<div class=\"wp-block-image\"><figure class=\"alignright size-large is-resized\"><a href=\"https:\/\/redsemlac.com\/semmexico\/wp-content\/uploads\/2021\/04\/ninos-3.jpg\"><img loading=\"lazy\" decoding=\"async\" src=\"https:\/\/redsemlac.com\/semmexico\/wp-content\/uploads\/2021\/04\/ninos-3.jpg\" alt=\"\" class=\"wp-image-34267\" width=\"378\" height=\"252\"\/><\/a><\/figure><\/div>\n\n\n\n<p class=\"wp-block-paragraph\">Los periodistas han llegado en caravana de autos. Se protegen as\u00ed de carreteras peligrosas con retenes de uniformados de toda laya. Son bienvenidos a un lugar donde no entra nadie, porque los anfitriones quieren lanzar un mensaje \u201cal mundo\u201d. \u201cNo somos delincuentes\u201d, le dicen los ni\u00f1os al Gobierno en el micr\u00f3fono bajo el polideportivo con las canastas de baloncesto. Pero el discurso simplificado que en M\u00e9xico convierte en narco todo aquello que deja muertos no permite distinguir a simple vista una realidad muy compleja. En muchas partes de la Rep\u00fablica, los ciudadanos visten ahora camisetas de autodefensa sin que se sepa del todo qui\u00e9nes son ni qu\u00e9 defienden. En este municipio solo hay una certeza:&nbsp;<a href=\"https:\/\/www.coneval.org.mx\/coordinacion\/entidades\/Guerrero\/PublishingImages\/Pobreza_2018\/Serie_2008-2018.jpg\">son pobres&nbsp;<\/a>y no quieren violencia, pero generaci\u00f3n tras generaci\u00f3n van pasando por las armas. Sentadas al borde de la cancha, tres mujeres parecen ajenas al asunto. La m\u00e1s mayor habla n\u00e1huatl, como todos, y hace como que no entiende. La m\u00e1s joven, de 27 a\u00f1os, no quiere que sus hijos empu\u00f1en fusiles. \u201cSer\u00e1 lo que Dios quiera. No me gustar\u00eda que mis hijos\u2026 pero si el pueblo as\u00ed lo eligi\u00f3, pues ni modo\u201d. Se llama Claudia Bola\u00f1os y tiene un cr\u00edo de 5 a\u00f1os y un beb\u00e9 que duerme en sus brazos.<\/p>\n\n\n\n<p class=\"wp-block-paragraph\">Los hombres eligen. Entre ellos votan al Consejo Comunal que gobierna en asamblea. Decidir\u00e1n si se ponen las urnas este 6 de junio, cuando M\u00e9xico votar\u00e1 20.000 cargos p\u00fablicos y 15 gubernaturas, entre ellas la de Guerrero. Medio pa\u00eds se ha llevado las manos a la cabeza porque el aspirante para gobernar esta tierra por el partido Morena, el mismo de L\u00f3pez Obrador, est\u00e1 acusado de violaci\u00f3n y\u00a0<a href=\"https:\/\/elpais.com\/mexico\/2021-04-10\/el-futuro-de-la-candidatura-de-salgado-macedonio-a-gobernador-en-guerrero-queda-en-manos-del-ine.html\">su candidatura ha sido anulada\u00a0<\/a>por inconsistencias fiscales. \u00bfQu\u00e9 saben en la monta\u00f1a de F\u00e9lix Salgado Macedonio? Bernardino dice que poco o nada. Que no hay televisi\u00f3n. Nada que a\u00f1adir sobre un caso que ha derrochado r\u00edos de tinta desde hace semanas. Ning\u00fan candidato, tambi\u00e9n seg\u00fan el guerrillero, se ha presentado por all\u00ed todav\u00eda. La asamblea votar\u00e1 si consienten que se vote el d\u00eda 6.<\/p>\n\n\n\n<div class=\"wp-block-image\"><figure class=\"alignleft size-large is-resized\"><a href=\"https:\/\/redsemlac.com\/semmexico\/wp-content\/uploads\/2021\/04\/ninos-5.jpg\"><img loading=\"lazy\" decoding=\"async\" src=\"https:\/\/redsemlac.com\/semmexico\/wp-content\/uploads\/2021\/04\/ninos-5.jpg\" alt=\"\" class=\"wp-image-34268\" width=\"367\" height=\"244\"\/><\/a><figcaption><em>Un ni\u00f1o con un arma simulada monta en bicicleta. <\/em><br><em>MONICA GONZALEZ<\/em><\/figcaption><\/figure><\/div>\n\n\n\n<p class=\"wp-block-paragraph\">La ausencia del Estado en esta zona es manifiesta. \u00bfEst\u00e1n en el abandono? \u201cSe podr\u00eda decir que s\u00ed. Ante un discurso simplificado que todo lo atribuye al narco, las autoridades acaban mirando para otro lado, no hay nada que hacer, parecen decir\u201d, empieza el soci\u00f3logo francoargentino Romain Le Cour. Lleva 12 a\u00f1os en M\u00e9xico y trabaja para la ONG internacional Noria, especializada en violencias en todo el mundo. Le Cour sabe mucho de la mexicana. \u201cLo que ocurre aqu\u00ed es mucho m\u00e1s complejo. Se trata de un problema social,&nbsp;<a href=\"https:\/\/elpais.com\/elpais\/2017\/08\/28\/planeta_futuro\/1503924298_715002.html\">de pobreza y desatenci\u00f3n.&nbsp;<\/a>No basta con achacar la violencia al narco y dejar que las comunidades ind\u00edgenas se gobiernen sin ayuda\u201d, explica. Los mensajes sencillos acaban en soluciones simples. Y la falta de paz que se vive en esta monta\u00f1a requiere algo m\u00e1s. Perfilar con detalle la delgada&nbsp;<a href=\"https:\/\/elpais.com\/internacional\/2018\/04\/28\/mexico\/1524951529_531400.html\">l\u00ednea entre el cacique, el narco<\/a>&nbsp;o su prima la alcaldesa, relaciones muy difuminadas. Intereses m\u00e1s cruzados que las propias balas.<\/p>\n\n\n\n<p class=\"wp-block-paragraph\">En Jos\u00e9 Joaqu\u00edn de Herrera viven nueve viudas, 14 hu\u00e9rfanos y 34 desplazados de comunidades cercanas asediadas. Y est\u00e1n aislados. El m\u00e9dico se acerca cuando hay una emergencia. Nadie le echa el alto en la carretera, porque tambi\u00e9n cura a los afligidos en otros poblados. Llegan algunos comerciantes a surtir de lo b\u00e1sico, previo pago al que cobra. Y, por supuesto, el cami\u00f3n de la Coca-Cola. \u201cY el de la Pepsi\u201d, se r\u00ede Bernardino. Poco m\u00e1s. Cuando acaban la primaria, los alumnos no siguen estudiando porque tendr\u00edan que desplazarse unos kil\u00f3metros m\u00e1s all\u00e1, donde anida el peligro: balas o secuestros, dicen. Tampoco se acercan a ver a los familiares que viven en la cabecera de comarca. En este pueblo, cuando se\u00f1alan a la monta\u00f1a ven ca\u00f1ones de escopeta en lugar de pensar en ma\u00edz, frijoles o calabazas.<\/p>\n\n\n\n<p class=\"wp-block-paragraph\">A un lado unas cabras ramonean, dos cerdos blanquinegros est\u00e1n atados de una cuerda, alg\u00fan burro rebuzna m\u00e1s all\u00e1. La tropa sudorosa se interna en el campo. \u201c\u00a1Ni\u00f1os comunitarios, firmes, ya! \u00a1Embrazar armas, ya! Si no hay quien nos defienda, entonces vamos a responder con fuego a los sicarios, \u00a1hijos de la chingada!\u201d. Una decena de tiros deja nubecillas de humo en el aire. Y la monta\u00f1a les presta eco.<\/p>\n","protected":false},"excerpt":{"rendered":"<p>En el aniversario del asesinato de Emiliano Zapata, un llamado desesperado<\/p>\n","protected":false},"author":3,"featured_media":34270,"comment_status":"open","ping_status":"open","sticky":false,"template":"","format":"standard","meta":{"_monsterinsights_skip_tracking":false,"footnotes":""},"categories":[692,192,63],"tags":[],"class_list":["post-34264","post","type-post","status-publish","format-standard","has-post-thumbnail","category-692","category-a-fondo","category-reportajes"],"_links":{"self":[{"href":"https:\/\/redsemlac.com\/semmexico\/wp-json\/wp\/v2\/posts\/34264","targetHints":{"allow":["GET"]}}],"collection":[{"href":"https:\/\/redsemlac.com\/semmexico\/wp-json\/wp\/v2\/posts"}],"about":[{"href":"https:\/\/redsemlac.com\/semmexico\/wp-json\/wp\/v2\/types\/post"}],"author":[{"embeddable":true,"href":"https:\/\/redsemlac.com\/semmexico\/wp-json\/wp\/v2\/users\/3"}],"replies":[{"embeddable":true,"href":"https:\/\/redsemlac.com\/semmexico\/wp-json\/wp\/v2\/comments?post=34264"}],"version-history":[{"count":0,"href":"https:\/\/redsemlac.com\/semmexico\/wp-json\/wp\/v2\/posts\/34264\/revisions"}],"wp:featuredmedia":[{"embeddable":true,"href":"https:\/\/redsemlac.com\/semmexico\/wp-json\/wp\/v2\/media\/34270"}],"wp:attachment":[{"href":"https:\/\/redsemlac.com\/semmexico\/wp-json\/wp\/v2\/media?parent=34264"}],"wp:term":[{"taxonomy":"category","embeddable":true,"href":"https:\/\/redsemlac.com\/semmexico\/wp-json\/wp\/v2\/categories?post=34264"},{"taxonomy":"post_tag","embeddable":true,"href":"https:\/\/redsemlac.com\/semmexico\/wp-json\/wp\/v2\/tags?post=34264"}],"curies":[{"name":"wp","href":"https:\/\/api.w.org\/{rel}","templated":true}]}}