{"id":34260,"date":"2021-04-12T13:55:11","date_gmt":"2021-04-12T19:55:11","guid":{"rendered":"https:\/\/redsemlac.com\/semmexico\/?p=34260"},"modified":"2023-07-21T16:57:58","modified_gmt":"2023-07-21T21:57:58","slug":"gobernacion-interviene-en-san-miguel-totolapan-guerrero-para-salvaguarda-de-la-familia-marques-martinez","status":"publish","type":"post","link":"https:\/\/redsemlac.com\/semmexico\/gobernacion-interviene-en-san-miguel-totolapan-guerrero-para-salvaguarda-de-la-familia-marques-martinez\/","title":{"rendered":"Gobernaci\u00f3n interviene en San Miguel Totolapan, Guerrero, para salvaguarda de la familia Marqu\u00e9s Mart\u00ednez"},"content":{"rendered":"\n<ul class=\"wp-block-list\"><li><strong>Asesinan al ecologista Carlos Marques Oyorz\u00e1bal integrante de la polic\u00eda comunitaria<\/strong><\/li><li><strong>En esa zona hay tala de bosques y abusos a la poblaci\u00f3n del &nbsp;municipio<\/strong><\/li><\/ul>\n\n\n\n<p class=\"wp-block-paragraph\"><strong>Redacci\u00f3n<\/strong><\/p>\n\n\n\n<p class=\"wp-block-paragraph\">SemM\u00e9xico\/ Agencia CEPROVYSA, 12 de abril, 2021.- La Subsecretar\u00eda de Derechos Humanos, Poblaci\u00f3n y Migraci\u00f3n de la Secretar\u00eda de Gobernaci\u00f3n, a trav\u00e9s del personal de la Unidad para la Defensa de los Derechos Humanos (UDDH), y del Mecanismo para la Protecci\u00f3n de Personas Defensoras de Derechos Humanos, realiz\u00f3 una intervenci\u00f3n para brindar medidas de seguridad para la familia del ecologista Carlos Marques Oyorz\u00e1bal, quien fue asesinado en d\u00edas pasados.<\/p>\n\n\n\n<p class=\"wp-block-paragraph\">Con motivo de la publicaci\u00f3n en fuentes abiertas, el 4 de abril del 2021 se dio a conocer que un grupo de la delincuencia organizada priv\u00f3 de la vida, al ecologista Carlos Marques Oyorz\u00e1bal, quien formaba parte de la polic\u00eda comunitaria que se opone a la tala de bosques en el municipio de San Miguel Totolapan, Guerrero.<\/p>\n\n\n\n<p class=\"wp-block-paragraph\">El pasado 8 de abril, en la comunidad las Conchitas, localizada en dicho municipio, personal del mecanismo se entrevist\u00f3\u0301 con la esposa del activista asesinado y se ofrecieron los servicios de seguridad adecuados, en particular la adopci\u00f3n de una medida urgente de protecci\u00f3n la cual consiste en la extracci\u00f3n de ella y sus 6 hijos de la comunidad en la que viven. La familia no acept\u00f3 la medida debido a que realizan las exequias correspondientes, adem\u00e1s de argumentar no querer dejar su comunidad.<\/p>\n\n\n\n<p class=\"wp-block-paragraph\">Ante ello, personal del mecanismo implementar\u00e1, en coordinaci\u00f3n con otras instituciones del Gobierno de M\u00e9xico, una serie de acciones para la atenci\u00f3n de personas defensoras de tierra y territorio en la comunidad y regi\u00f3n, con enfoque colectivo y comunitario, cuya finalidad sea desincentivar las causas que detonan las agresiones o situaciones de riesgo y propicien un esquema de reacci\u00f3n oportuna.<\/p>\n\n\n\n<p class=\"wp-block-paragraph\">Asimismo, se realiz\u00f3 un recorrido por la zona y se recabaron testimonios de personas que denuncian la existencia de un contexto de violencia derivado por la tala ilegal en la regi\u00f3n, motivo por el cual, para su defensa, las y los pobladores formaron el Frente de los Pueblos. El personal del Mecanismo pudo constatar que elementos de la Secretar\u00eda de la Defensa Nacional realizan recorridos y patrullajes en la zona, a fin de garantizar los derechos de las y los habitantes de esa regi\u00f3n.<\/p>\n","protected":false},"excerpt":{"rendered":"<p>Asesinan al ecologista Carlos Marques Oyorz\u00e1bal integrante de la polic\u00eda comunitaria<\/p>\n","protected":false},"author":3,"featured_media":34261,"comment_status":"open","ping_status":"open","sticky":false,"template":"","format":"standard","meta":{"_monsterinsights_skip_tracking":false,"footnotes":""},"categories":[692,47,48],"tags":[],"class_list":["post-34260","post","type-post","status-publish","format-standard","has-post-thumbnail","category-692","category-no-mas-impunidad","category-no-mas-impunidad-no-mas-impunidad"],"_links":{"self":[{"href":"https:\/\/redsemlac.com\/semmexico\/wp-json\/wp\/v2\/posts\/34260","targetHints":{"allow":["GET"]}}],"collection":[{"href":"https:\/\/redsemlac.com\/semmexico\/wp-json\/wp\/v2\/posts"}],"about":[{"href":"https:\/\/redsemlac.com\/semmexico\/wp-json\/wp\/v2\/types\/post"}],"author":[{"embeddable":true,"href":"https:\/\/redsemlac.com\/semmexico\/wp-json\/wp\/v2\/users\/3"}],"replies":[{"embeddable":true,"href":"https:\/\/redsemlac.com\/semmexico\/wp-json\/wp\/v2\/comments?post=34260"}],"version-history":[{"count":0,"href":"https:\/\/redsemlac.com\/semmexico\/wp-json\/wp\/v2\/posts\/34260\/revisions"}],"wp:featuredmedia":[{"embeddable":true,"href":"https:\/\/redsemlac.com\/semmexico\/wp-json\/wp\/v2\/media\/34261"}],"wp:attachment":[{"href":"https:\/\/redsemlac.com\/semmexico\/wp-json\/wp\/v2\/media?parent=34260"}],"wp:term":[{"taxonomy":"category","embeddable":true,"href":"https:\/\/redsemlac.com\/semmexico\/wp-json\/wp\/v2\/categories?post=34260"},{"taxonomy":"post_tag","embeddable":true,"href":"https:\/\/redsemlac.com\/semmexico\/wp-json\/wp\/v2\/tags?post=34260"}],"curies":[{"name":"wp","href":"https:\/\/api.w.org\/{rel}","templated":true}]}}