{"id":3419,"date":"2019-03-20T18:28:37","date_gmt":"2019-03-20T18:28:37","guid":{"rendered":"https:\/\/redsemlac.com\/semmexico\/?p=3419"},"modified":"2023-07-21T14:47:45","modified_gmt":"2023-07-21T19:47:45","slug":"demandan-senadoras-al-ejecutivo-a-cumplir-con-los-compromisos-internacionales-para-erradicar-el-vih-sida","status":"publish","type":"post","link":"https:\/\/redsemlac.com\/semmexico\/demandan-senadoras-al-ejecutivo-a-cumplir-con-los-compromisos-internacionales-para-erradicar-el-vih-sida\/","title":{"rendered":"Demandan senadoras al ejecutivo a cumplir con los compromisos internacionales para erradicar el VIH-SIDA"},"content":{"rendered":"\n<p class=\"wp-block-paragraph\"><a href=\"https:\/\/www.semmexico.com\/gallery-post.php?id=7616#\">Elda Montiel<\/a><\/p>\n\n\n\n<p class=\"wp-block-paragraph\">SemM\u00e9xico. Cd. de M\u00e9xico. 20 de marzo de 2019.- El retroceso en materia de derechos humanos no solo es inaceptable sino contrario a los avances jur\u00eddicos que nuestro pa\u00eds ha concretado en las \u00faltimas d\u00e9cadas, manifest\u00f3 la senadora Patricia Mercado, del Movimiento Ciudadano, en tribuna tras demandar junto con la senadora Alejandra Lagunes, del Partido Verde Ecologista, la publicaci\u00f3n de la convocatoria de CENSIDA para no poner en riesgo avances en la erradicaci\u00f3n del VIH-SIDA.<\/p>\n\n\n\n<p class=\"wp-block-paragraph\">En un punto de acuerdo exhortan al titular del Ejecutivo Federal para que a trav\u00e9s del&nbsp;Centro Nacional para la Prevenci\u00f3n y el Control del VIH y el SIDA (CENSIDA) publique la \u201cConvocatoria P\u00fablica para la implementaci\u00f3n de estrategias de prevenci\u00f3n focalizada del VIH y otras infecciones de transmisi\u00f3n sexual 2019\u201d as\u00ed como elaborar un Plan Nacional de prevenci\u00f3n, detecci\u00f3n, atenci\u00f3n y erradicaci\u00f3n del VIH\/SIDA de acuerdo a los compromisos internacionales adquiridos en esta materia.<\/p>\n\n\n\n<p class=\"wp-block-paragraph\">Se\u00f1al\u00f3 la legisladora Patricia Mercado que, en este caso, entregar medicamentos y atenci\u00f3n medica directamente a las personas con VIH es necesario, pero no suficiente y eso lo saben los grupos de la sociedad civil y quienes que se han dedicado al tema.<\/p>\n\n\n\n<p class=\"wp-block-paragraph\">Detall\u00f3 que la&nbsp;circular firmada por el Ejecutivo Federal el 14 de febrero de 2019, donde da a conocer la decisi\u00f3n de no continuar con transferencias de recursos del presupuesto a ninguna organizaci\u00f3n social, sindical, civil o ciudadana, aunado al cambio repentino de estrategia, podr\u00eda impactar en los avances y la estrategia nacional en materia de control, prevenci\u00f3n y atenci\u00f3n al VIH -SIDA.<\/p>\n\n\n\n<p class=\"wp-block-paragraph\">Con este cambio de estrategia, dijo, se pone en riesgo el no poder cumplir con los objetivos internacionales adquiridos ante la ONU, como la Acci\u00f3n Acelerada que tiene como fin erradicar la epidemia del VIH-SIDA para el 2030, lo que incluye alcanzar las metas 90-90-90, que consiste: 90% de las personas que viven con VIH, conozcan su estado serol\u00f3gico. Que el 90% de las personas diagnosticadas con VIH reciban terapia antirretrov\u00edrica continuada, y que el 90% de las personas que reciben terapia antirretrov\u00edrica tengan supresi\u00f3n viral.<\/p>\n\n\n\n<p class=\"wp-block-paragraph\">Reiter\u00f3 que las organizaciones de la sociedad civil han contribuido de manera importante al esfuerzo diario por alcanzar esta meta en las \u00faltimas d\u00e9cadas, es un compromiso global que incluye a diversos sectores de la sociedad.<\/p>\n\n\n\n<p class=\"wp-block-paragraph\">En M\u00e9xico, justamente los ciudadanos y las ciudadanas organizadas advierten que hoy los logros conseguidos para la erradicaci\u00f3n del VIH y de los estigmas y estereotipos est\u00e1n en riesgo por el cambio de estrategia, por lo que pido al Pleno de la C\u00e1mara de Senadores dar seguimiento a la proposici\u00f3n con punto de acuerdo.&nbsp;&nbsp;<\/p>\n\n\n\n<p class=\"wp-block-paragraph\">La senadora indic\u00f3 que dan voz a la petici\u00f3n de m\u00e1s de 250 personas y organizaciones de la sociedad civil firmantes de un Manifiesto.<\/p>\n","protected":false},"excerpt":{"rendered":"<p>Elda Montiel SemM\u00e9xico. Cd. de M\u00e9xico. 20 de marzo de 2019.- El retroceso en materia de derechos humanos no solo es inaceptable sino contrario a los avances jur\u00eddicos que nuestro pa\u00eds ha concretado en las \u00faltimas d\u00e9cadas, manifest\u00f3 la senadora Patricia Mercado, del Movimiento Ciudadano, en tribuna tras demandar junto con la senadora Alejandra Lagunes, [&hellip;]<\/p>\n","protected":false},"author":3,"featured_media":3420,"comment_status":"open","ping_status":"open","sticky":false,"template":"","format":"standard","meta":{"_monsterinsights_skip_tracking":false,"footnotes":""},"categories":[690,50],"tags":[],"class_list":["post-3419","post","type-post","status-publish","format-standard","has-post-thumbnail","category-690","category-congreso"],"_links":{"self":[{"href":"https:\/\/redsemlac.com\/semmexico\/wp-json\/wp\/v2\/posts\/3419","targetHints":{"allow":["GET"]}}],"collection":[{"href":"https:\/\/redsemlac.com\/semmexico\/wp-json\/wp\/v2\/posts"}],"about":[{"href":"https:\/\/redsemlac.com\/semmexico\/wp-json\/wp\/v2\/types\/post"}],"author":[{"embeddable":true,"href":"https:\/\/redsemlac.com\/semmexico\/wp-json\/wp\/v2\/users\/3"}],"replies":[{"embeddable":true,"href":"https:\/\/redsemlac.com\/semmexico\/wp-json\/wp\/v2\/comments?post=3419"}],"version-history":[{"count":0,"href":"https:\/\/redsemlac.com\/semmexico\/wp-json\/wp\/v2\/posts\/3419\/revisions"}],"wp:featuredmedia":[{"embeddable":true,"href":"https:\/\/redsemlac.com\/semmexico\/wp-json\/wp\/v2\/media\/3420"}],"wp:attachment":[{"href":"https:\/\/redsemlac.com\/semmexico\/wp-json\/wp\/v2\/media?parent=3419"}],"wp:term":[{"taxonomy":"category","embeddable":true,"href":"https:\/\/redsemlac.com\/semmexico\/wp-json\/wp\/v2\/categories?post=3419"},{"taxonomy":"post_tag","embeddable":true,"href":"https:\/\/redsemlac.com\/semmexico\/wp-json\/wp\/v2\/tags?post=3419"}],"curies":[{"name":"wp","href":"https:\/\/api.w.org\/{rel}","templated":true}]}}