{"id":34140,"date":"2021-04-09T17:35:45","date_gmt":"2021-04-09T23:35:45","guid":{"rendered":"https:\/\/redsemlac.com\/semmexico\/?p=34140"},"modified":"2023-07-21T16:58:01","modified_gmt":"2023-07-21T21:58:01","slug":"cndh-emite-recomendacion-al-imss-por-violar-derechos-de-una-trabajadora","status":"publish","type":"post","link":"https:\/\/redsemlac.com\/semmexico\/cndh-emite-recomendacion-al-imss-por-violar-derechos-de-una-trabajadora\/","title":{"rendered":"CNDH emite recomendaci\u00f3n al IMSS por violar derechos de una trabajadora"},"content":{"rendered":"\n<ul class=\"wp-block-list\"><li><strong> Se vulner\u00f3 el derecho a la legalidad y seguridad jur\u00eddica, la intimidad y vida privada<\/strong><\/li><\/ul>\n\n\n\n<ul class=\"wp-block-list\"><li><strong>No se activ\u00f3 ning\u00fan protocolo de atenci\u00f3n para casos de violencia digital en perjuicio de la v\u00edctima<\/strong><\/li><\/ul>\n\n\n\n<p class=\"wp-block-paragraph\"><strong>Patricia Brise\u00f1o<\/strong><\/p>\n\n\n\n<p class=\"wp-block-paragraph\">SemM\u00e9xico, Oaxaca, 9 de abril, 2021.- La Comisi\u00f3n Nacional de los Derechos Humanos (CNDH) emiti\u00f3 la recomendaci\u00f3n 11\/2021 al Instituto Mexicano del Seguro Social (IMSS), por discriminaci\u00f3n y violencia institucional en contra de una trabajadora del Hospital Rural de San Ildefonso Villa Alta, en la regi\u00f3n Sierra Norte, Oaxaca.<\/p>\n\n\n\n<p class=\"wp-block-paragraph\">La recomendaci\u00f3n dirigida al titular del Seguro Social, Zo\u00e9 Robledo Aburto, precisa que se vulner\u00f3 el derecho a la legalidad y seguridad jur\u00eddica; intimidad y vida privada; as\u00ed como a una vida libre de violencia, en agravio de una trabajadora del IMSS-Bienestar, que fue destituida de su cargo como gestora de calidad en ese nosocomio regional.<\/p>\n\n\n\n<p class=\"wp-block-paragraph\">De acuerdo con la relator\u00eda de los hechos, el 27 de septiembre de 2019, al Delegaci\u00f3n del IMSS-Bienestar en Oaxaca, solicit\u00f3 a la zapoteca su renuncia o cambiar de adscripci\u00f3n, al se\u00f1alar que circulaban \u201cfotos \u00edntimas\u201d de ella.<\/p>\n\n\n\n<p class=\"wp-block-paragraph\">La agraviada present\u00f3 una queja ante la CNDH, que a su vez solicit\u00f3 a la Unidad de Atenci\u00f3n al Derechohabiente del IMSS, salvaguardar sus derechos laborales; sin embargo, a la agraviada se le inici\u00f3 un procedimiento administrativo donde finalmente se le notific\u00f3 la \u201cp\u00e9rdida de confianza\u201d por las presuntas fotograf\u00edas.<\/p>\n\n\n\n<p class=\"wp-block-paragraph\">El \u00f3rgano defensor advirti\u00f3 que el contenido de la resoluci\u00f3n (procedimiento administrativo), carece de perspectiva de g\u00e9nero y que la acusaci\u00f3n a la v\u00edctima estuvo sesgada de estereotipos y violencia de g\u00e9nero, al enfatizar detalles que aparecen en las fotograf\u00edas como la vestimenta, adem\u00e1s, el circular las im\u00e1genes exhibiendo el cuerpo de las mujeres tiene la finalidad de humillar, sentir verg\u00fcenza y causar una invasi\u00f3n en su intimidad.<\/p>\n\n\n\n<p class=\"wp-block-paragraph\">Observ\u00f3 que, contrario a investigar la procedencia de las fotograf\u00edas, se imput\u00f3 a la mujer una responsabilidad administrativa, y a pesar de que desde el 2019 se sab\u00eda de la circulaci\u00f3n de las fotograf\u00edas, no se activ\u00f3 ning\u00fan protocolo de atenci\u00f3n para casos de violencia digital en perjuicio de la v\u00edctima.<\/p>\n\n\n\n<p class=\"wp-block-paragraph\">En la recomendaci\u00f3n, la CNDH concluy\u00f3 que el IMSS \u201cdebi\u00f3 realizar una investigaci\u00f3n interna para esclarecer donde se origin\u00f3 la circulaci\u00f3n de las im\u00e1genes, c\u00f3mo se circularon, qui\u00e9nes intervinieron, equipos de c\u00f3mputo, si se almacenaron, circularon en redes sociales o alg\u00fan medio digital, lo que podr\u00eda generar violencia digital, tipificada como delito en el estado de Oaxaca\u201d.<\/p>\n\n\n\n<p class=\"wp-block-paragraph\">En este sentido, consider\u00f3, la representaci\u00f3n del IMSS se neg\u00f3 a garantizar y proteger el derecho a la intimidad de la agraviada y no detuvieron la violencia sexual, psicol\u00f3gica y laboral, originada por la publicaci\u00f3n de dichas fotograf\u00edas, lo que deriv\u00f3 en la revictimizaci\u00f3n, discriminaci\u00f3n y violencia institucional en contra de la mujer al interior del nosocomio.<\/p>\n\n\n\n<p class=\"wp-block-paragraph\">Por lo anterior, la CNDH recomend\u00f3 al director General del IMSS, capacitar en materia de violencia de g\u00e9nero y \u00e9tica profesional al personal administrativo y operativo del Hospital Rural del IMSS-Bienestar, de San Ildefonso Villa Alta.<\/p>\n\n\n\n<p class=\"wp-block-paragraph\">Urgi\u00f3 implementar un Protocolo de Prevenci\u00f3n y Atenci\u00f3n a Casos de Violencia Digital, para las trabajadoras del IMSS, que proporcione asesor\u00eda, acompa\u00f1amiento psicol\u00f3gico y jur\u00eddico, y que los casos sean investigados con perspectiva de g\u00e9nero, adem\u00e1s de realizar una campa\u00f1a de difusi\u00f3n sobre el derecho de las mujeres a vivir a una vida libre de violencia.<\/p>\n\n\n\n<p class=\"wp-block-paragraph\">SEM\/pb<\/p>\n","protected":false},"excerpt":{"rendered":"<p> Se vulner\u00f3 el derecho a la legalidad y seguridad jur\u00eddica, la intimidad y vida privada<\/p>\n","protected":false},"author":3,"featured_media":34141,"comment_status":"open","ping_status":"open","sticky":false,"template":"","format":"standard","meta":{"_monsterinsights_skip_tracking":false,"footnotes":""},"categories":[692,51],"tags":[],"class_list":["post-34140","post","type-post","status-publish","format-standard","has-post-thumbnail","category-692","category-ejecutivo"],"_links":{"self":[{"href":"https:\/\/redsemlac.com\/semmexico\/wp-json\/wp\/v2\/posts\/34140","targetHints":{"allow":["GET"]}}],"collection":[{"href":"https:\/\/redsemlac.com\/semmexico\/wp-json\/wp\/v2\/posts"}],"about":[{"href":"https:\/\/redsemlac.com\/semmexico\/wp-json\/wp\/v2\/types\/post"}],"author":[{"embeddable":true,"href":"https:\/\/redsemlac.com\/semmexico\/wp-json\/wp\/v2\/users\/3"}],"replies":[{"embeddable":true,"href":"https:\/\/redsemlac.com\/semmexico\/wp-json\/wp\/v2\/comments?post=34140"}],"version-history":[{"count":0,"href":"https:\/\/redsemlac.com\/semmexico\/wp-json\/wp\/v2\/posts\/34140\/revisions"}],"wp:featuredmedia":[{"embeddable":true,"href":"https:\/\/redsemlac.com\/semmexico\/wp-json\/wp\/v2\/media\/34141"}],"wp:attachment":[{"href":"https:\/\/redsemlac.com\/semmexico\/wp-json\/wp\/v2\/media?parent=34140"}],"wp:term":[{"taxonomy":"category","embeddable":true,"href":"https:\/\/redsemlac.com\/semmexico\/wp-json\/wp\/v2\/categories?post=34140"},{"taxonomy":"post_tag","embeddable":true,"href":"https:\/\/redsemlac.com\/semmexico\/wp-json\/wp\/v2\/tags?post=34140"}],"curies":[{"name":"wp","href":"https:\/\/api.w.org\/{rel}","templated":true}]}}