{"id":34135,"date":"2021-04-08T18:27:55","date_gmt":"2021-04-09T00:27:55","guid":{"rendered":"https:\/\/redsemlac.com\/semmexico\/?p=34135"},"modified":"2023-07-21T16:58:01","modified_gmt":"2023-07-21T21:58:01","slug":"salgado-macedonio-fue-precandidato-y-pasa-decision-al-ine","status":"publish","type":"post","link":"https:\/\/redsemlac.com\/semmexico\/salgado-macedonio-fue-precandidato-y-pasa-decision-al-ine\/","title":{"rendered":"Salgado Macedonio fue precandidato y pasa decisi\u00f3n al INE"},"content":{"rendered":"\n<ul class=\"wp-block-list\"><li><strong>Se filtra el proyecto que se someter\u00e1 ma\u00f1ana a votaci\u00f3n en el Tribunal Electoral donde se confirma que F\u00e9lix Salgado Macedonio fue precandidato de Morena<\/strong><\/li><\/ul>\n\n\n\n<p class=\"wp-block-paragraph\"><strong>Redacci\u00f3n 24 horas.mx<\/strong><\/p>\n\n\n\n<p class=\"wp-block-paragraph\">SemM\u00e9xico\/24 horas.mx. Cd. de M\u00e9xico. 08 de abril 2021.- El TEPJF perfila confirmar que F\u00e9lix Salgado Macedonio fue precandidato de Morena a la gubernatura de Guerrero y tuvo que presentar informe de campa\u00f1a<\/p>\n\n\n\n<p class=\"wp-block-paragraph\">El Tribunal Electoral del Poder Judicial de la Federaci\u00f3n (TEPJF) prev\u00e9 declarar que F\u00e9lix Salgado Macedonio s\u00ed cometi\u00f3 la falta de omisi\u00f3n de informes de gastos de precampa\u00f1a, pero dejar\u00e1 que el Instituto Nacional Electoral (INE) valore si es correcta la sanci\u00f3n de la p\u00e9rdida de su registro.<\/p>\n\n\n\n<p class=\"wp-block-paragraph\">Hace unos d\u00edas, el INE determin\u00f3 cancelar el registro de Salgado Macedonio por que omiti\u00f3 entregar el reporte de sus gastos de fiscalizaci\u00f3n.<\/p>\n\n\n\n<p class=\"wp-block-paragraph\">El aspirante y senador con licencia present\u00f3 una impugnaci\u00f3n ante el Tribunal Electoral alegando que no tuvo la calidad de precandidato, ni hizo precampa\u00f1as, por lo que no present\u00f3 informes de gastos de ese periodo.<\/p>\n\n\n\n<p class=\"wp-block-paragraph\">Sin embargo, el proyecto del magistrado Reyes Rodr\u00edguez, que se prev\u00e9 someter a discusi\u00f3n y votaci\u00f3n este viernes, pretende declarar que F\u00e9lix Salgado y los otros tres precandidatos morenistas s\u00ed hicieron precampa\u00f1a, por lo que pretendieron defraudar a las autoridades electorales.<\/p>\n\n\n\n<p class=\"wp-block-paragraph\">En el caso espec\u00edfico de Salgado, acusado tambi\u00e9n por agresi\u00f3n sexual y quien obtuvo la candidatura, se pretende devolver el proyecto al INE para que califique y valore de nueva cuenta si por esa falta debe perder el registro.<\/p>\n\n\n\n<p class=\"wp-block-paragraph\">Adem\u00e1s, los magistrados instruir\u00e1n al INE para que en caso de optar por quitar el registro a F\u00e9lix Salgado Macedonio, delineen la ruta para la sustituci\u00f3n de la candidatura, pues los otros aspirantes Pablo Am\u00edlcar Sandoval Ballesteros, Luis Walton Aburto y Adela Rom\u00e1n Ocampo tampoco pueden tomar su lugar porque no presentaron informes de precampa\u00f1a.<\/p>\n\n\n\n<p class=\"wp-block-paragraph\">En el caso de Ra\u00fal Mor\u00f3n a quien el INE le retir\u00f3 la candidatura al gobierno de Michoac\u00e1n, el TEPJF prev\u00e9 un criterio distinto que est\u00e1 basada en la entrega extempor\u00e1nea del informe de precampa\u00f1a y no en su omisi\u00f3n total, por lo que podr\u00eda regresarle la candidatura.<\/p>\n\n\n\n<p class=\"wp-block-paragraph\"><em>(Informaci\u00f3n retomada en: https:\/\/www.24-horas.mx\/)<\/em><\/p>\n","protected":false},"excerpt":{"rendered":"<p>Se filtra el proyecto que se someter\u00e1 ma\u00f1ana a votaci\u00f3n en el Tribunal Electoral donde se confirma que F\u00e9lix Salgado Macedonio fue precandidato de Morena<\/p>\n","protected":false},"author":3,"featured_media":34136,"comment_status":"open","ping_status":"open","sticky":false,"template":"","format":"standard","meta":{"_monsterinsights_skip_tracking":false,"footnotes":""},"categories":[692,141],"tags":[],"class_list":["post-34135","post","type-post","status-publish","format-standard","has-post-thumbnail","category-692","category-elecciones-2020-2021"],"_links":{"self":[{"href":"https:\/\/redsemlac.com\/semmexico\/wp-json\/wp\/v2\/posts\/34135","targetHints":{"allow":["GET"]}}],"collection":[{"href":"https:\/\/redsemlac.com\/semmexico\/wp-json\/wp\/v2\/posts"}],"about":[{"href":"https:\/\/redsemlac.com\/semmexico\/wp-json\/wp\/v2\/types\/post"}],"author":[{"embeddable":true,"href":"https:\/\/redsemlac.com\/semmexico\/wp-json\/wp\/v2\/users\/3"}],"replies":[{"embeddable":true,"href":"https:\/\/redsemlac.com\/semmexico\/wp-json\/wp\/v2\/comments?post=34135"}],"version-history":[{"count":0,"href":"https:\/\/redsemlac.com\/semmexico\/wp-json\/wp\/v2\/posts\/34135\/revisions"}],"wp:featuredmedia":[{"embeddable":true,"href":"https:\/\/redsemlac.com\/semmexico\/wp-json\/wp\/v2\/media\/34136"}],"wp:attachment":[{"href":"https:\/\/redsemlac.com\/semmexico\/wp-json\/wp\/v2\/media?parent=34135"}],"wp:term":[{"taxonomy":"category","embeddable":true,"href":"https:\/\/redsemlac.com\/semmexico\/wp-json\/wp\/v2\/categories?post=34135"},{"taxonomy":"post_tag","embeddable":true,"href":"https:\/\/redsemlac.com\/semmexico\/wp-json\/wp\/v2\/tags?post=34135"}],"curies":[{"name":"wp","href":"https:\/\/api.w.org\/{rel}","templated":true}]}}