{"id":34132,"date":"2021-04-08T16:40:17","date_gmt":"2021-04-08T22:40:17","guid":{"rendered":"https:\/\/redsemlac.com\/semmexico\/?p=34132"},"modified":"2023-07-21T16:58:01","modified_gmt":"2023-07-21T21:58:01","slug":"candidato-a-diputado-federal-del-verde-ecologista-senalado-por-acoso-sexual-por-alumnas-de-la-anahuac","status":"publish","type":"post","link":"https:\/\/redsemlac.com\/semmexico\/candidato-a-diputado-federal-del-verde-ecologista-senalado-por-acoso-sexual-por-alumnas-de-la-anahuac\/","title":{"rendered":"Candidato a diputado federal del Verde Ecologista se\u00f1alado por acoso sexual  por alumnas de la An\u00e1huac"},"content":{"rendered":"\n<p class=\"wp-block-paragraph\">Presuntamente hay cinco denuncias, seg\u00fan el twitter de las estudiantes con testimonio<\/p>\n\n\n\n<p class=\"wp-block-paragraph\">Dicen que ellas tienen su propio Salgado Macedonio en&nbsp;&nbsp;la Universidad y es&nbsp;&nbsp;Isaac Ferez Esparza que compite en Veracruz<\/p>\n\n\n\n<p class=\"wp-block-paragraph\">Redacci\u00f3n<\/p>\n\n\n\n<p class=\"wp-block-paragraph\">SemM\u00e9xico, Cd. de M\u00e9xico, 8 de abril, 2021.-Isaac Ferez Esparza, candidato a diputado federal por el Partido Verde Ecologista de M\u00e9xico, tiene cinco acusaciones de&nbsp;abuso sexual&nbsp;contra alumnas de la Universidad An\u00e1huac, que son sus compa\u00f1eras en esa instituci\u00f3n educativa.<\/p>\n\n\n\n<p class=\"wp-block-paragraph\">\u201cLa An\u00e1huac tiene a su propio&nbsp;Salgado Macedonio\u201d, acusan en el perfil de Twitter Me Too An\u00e1huac, e informan que \u201cal menos cinco denuncias distintas hab\u00edan llegado a MeToo de este alumno que ahora es&nbsp;candidato&nbsp;a diputado\u201d.<\/p>\n\n\n\n<p class=\"wp-block-paragraph\">Seg\u00fan los testimonios ah\u00ed publicados, las v\u00edctimas acusan al candidato por el&nbsp;Distrito XI&nbsp;de Coatzacoalcos, Veracruz, de acosarlas o abusar sexualmente de ellas y luego amenazarlas bajo el argumento de que \u00e9l y su familia ostentan un supuesto&nbsp;poder&nbsp;pol\u00edtico.<\/p>\n\n\n\n<p class=\"wp-block-paragraph\">Presuntamente, algunas de las mujeres iniciaron procedimientos de&nbsp;denuncia&nbsp;interna en la Universidad An\u00e1huac, pero se desconoce si esa instituci\u00f3n les dio seguimiento o&nbsp;&nbsp;abri\u00f3 una investigaci\u00f3n o ya lo sancion\u00f3 de alguna manera.<\/p>\n\n\n\n<p class=\"wp-block-paragraph\"><strong>Las denuncias<\/strong><strong><\/strong><\/p>\n\n\n\n<p class=\"wp-block-paragraph\">Uno de los testimonio, de una denuncia,&nbsp;&nbsp;cuya acusaci\u00f3n fue publicada en marzo de 2020, explica que en 2019 el sujeto la&nbsp;agredi\u00f3&nbsp;y abus\u00f3 de su confianza cuando eran compa\u00f1eros de clases en la universidad. En esa ocasi\u00f3n, la invit\u00f3 a tomar una copa de vino a su departamento y ella accedi\u00f3 bajo el supuesto de que eran buenos amigos.<\/p>\n\n\n\n<p class=\"wp-block-paragraph\">Sin embargo, las cosas se pusieron raras cuando llegaron al&nbsp;domicilio&nbsp;de Esparza.<\/p>\n\n\n\n<p class=\"wp-block-paragraph\">\u201cMe dijo que vi\u00e9ramos un cap\u00edtulo de una serie de Netflix, pero me pidi\u00f3 que le diera mi celular, lo puso en el caj\u00f3n, de repente se me empez\u00f3 a insinuar y se me encim\u00f3 a quererme besar, reaccion\u00e9 dici\u00e9ndole que qu\u00e9 le pasaba\u201d.<\/p>\n\n\n\n<p class=\"wp-block-paragraph\">La mujer le pidi\u00f3 que \u201crespetara a su novia\u201d y se lo quit\u00f3 de encima \u201capret\u00e1ndolo del cuello\u201d, contin\u00faa. El sujeto le quiso revisar su celular,&nbsp;forcejearon&nbsp;y luego la encerr\u00f3 en su casa.<\/p>\n\n\n\n<p class=\"wp-block-paragraph\">&nbsp;\u201cTrat\u00e9 de salir del departamento y se vino corriendo a ponerle seguro, y lleg\u00f3 un momento donde realmente lo vi y tem\u00ed por mi vida. Ten\u00eda una cara irracional, ten\u00eda una cara de furia\u201d.<\/p>\n\n\n\n<p class=\"wp-block-paragraph\">La segunda v\u00edctima narra una situaci\u00f3n similar, pues fue a su departamento porque eran amigos. Sin embargo, aparentemente ella comenz\u00f3 a sentirse mal despu\u00e9s del primer&nbsp;trago&nbsp;de lo que estaban bebiendo, por lo que sugiere que pudo colocar alg\u00fan&nbsp;sedante&nbsp;en su vaso.<\/p>\n\n\n\n<p class=\"wp-block-paragraph\">&nbsp;\u201cDespu\u00e9s de esto quiso ver una pel\u00edcula y tuvimos relaciones de las cuales yo tengo recuerdos muy borrosos. Despu\u00e9s de esto me llev\u00f3 a mi casa y vomit\u00e9, todo sucedi\u00f3 en un lapso de tres horas, me da mucho miedo pensar que pudo haberme echado algo en la bebida\u201d.<\/p>\n\n\n\n<p class=\"wp-block-paragraph\">La tercera mujer platica que sali\u00f3 de antro con Isaac y literalmente \u201cno recuerda nada\u201d. \u201cS\u00e9 que pas\u00f3 algo&nbsp;sexual\u201d, explica la v\u00edctima, pero admite que el hombre tambi\u00e9n pudo haber colocado algo en su bebida.<\/p>\n\n\n\n<p class=\"wp-block-paragraph\">\u201cMe mand\u00f3 mensaje al d\u00eda siguiente que quer\u00eda repetirlo, lo cual me sac\u00f3 mucho de onda porque tambi\u00e9n me puse muy borracha muy r\u00e1pido, lo cual est\u00e1 muy raro, y no me acuerdo absolutamente de nada de esa noche\u201d.<\/p>\n\n\n\n<p class=\"wp-block-paragraph\">La mayor\u00eda de las v\u00edctimas narran que, supuestamente, en todos los casos el candidato actu\u00f3 de la misma forma: invitarlas a su&nbsp;departamento&nbsp;o alg\u00fan sitio social, ofrecerles algo de&nbsp;beber&nbsp;y tener relaciones&nbsp;sexuales&nbsp;con ellas sin que las mujeres recuerden c\u00f3mo ocurri\u00f3.<\/p>\n","protected":false},"excerpt":{"rendered":"<p>Presuntamente hay cinco denuncias, seg\u00fan el twitter de las estudiantes con testimonio Dicen que ellas tienen su propio Salgado Macedonio en&nbsp;&nbsp;la Universidad y es&nbsp;&nbsp;Isaac Ferez Esparza que compite en Veracruz Redacci\u00f3n SemM\u00e9xico, Cd. de M\u00e9xico, 8 de abril, 2021.-Isaac Ferez Esparza, candidato a diputado federal por el Partido Verde Ecologista de M\u00e9xico, tiene cinco acusaciones [&hellip;]<\/p>\n","protected":false},"author":3,"featured_media":34133,"comment_status":"open","ping_status":"open","sticky":false,"template":"","format":"standard","meta":{"_monsterinsights_skip_tracking":false,"footnotes":""},"categories":[692,141],"tags":[],"class_list":["post-34132","post","type-post","status-publish","format-standard","has-post-thumbnail","category-692","category-elecciones-2020-2021"],"_links":{"self":[{"href":"https:\/\/redsemlac.com\/semmexico\/wp-json\/wp\/v2\/posts\/34132","targetHints":{"allow":["GET"]}}],"collection":[{"href":"https:\/\/redsemlac.com\/semmexico\/wp-json\/wp\/v2\/posts"}],"about":[{"href":"https:\/\/redsemlac.com\/semmexico\/wp-json\/wp\/v2\/types\/post"}],"author":[{"embeddable":true,"href":"https:\/\/redsemlac.com\/semmexico\/wp-json\/wp\/v2\/users\/3"}],"replies":[{"embeddable":true,"href":"https:\/\/redsemlac.com\/semmexico\/wp-json\/wp\/v2\/comments?post=34132"}],"version-history":[{"count":0,"href":"https:\/\/redsemlac.com\/semmexico\/wp-json\/wp\/v2\/posts\/34132\/revisions"}],"wp:featuredmedia":[{"embeddable":true,"href":"https:\/\/redsemlac.com\/semmexico\/wp-json\/wp\/v2\/media\/34133"}],"wp:attachment":[{"href":"https:\/\/redsemlac.com\/semmexico\/wp-json\/wp\/v2\/media?parent=34132"}],"wp:term":[{"taxonomy":"category","embeddable":true,"href":"https:\/\/redsemlac.com\/semmexico\/wp-json\/wp\/v2\/categories?post=34132"},{"taxonomy":"post_tag","embeddable":true,"href":"https:\/\/redsemlac.com\/semmexico\/wp-json\/wp\/v2\/tags?post=34132"}],"curies":[{"name":"wp","href":"https:\/\/api.w.org\/{rel}","templated":true}]}}