{"id":34129,"date":"2021-04-08T14:57:24","date_gmt":"2021-04-08T20:57:24","guid":{"rendered":"https:\/\/redsemlac.com\/semmexico\/?p=34129"},"modified":"2023-07-21T16:58:01","modified_gmt":"2023-07-21T21:58:01","slug":"feministas-lamentan-un-asesinato-y-una-desaparicion-de-mujeres-policias-esta-semana-en-guadalajara-jalisco-y-exigen-a-las-autoridades-actuen","status":"publish","type":"post","link":"https:\/\/redsemlac.com\/semmexico\/feministas-lamentan-un-asesinato-y-una-desaparicion-de-mujeres-policias-esta-semana-en-guadalajara-jalisco-y-exigen-a-las-autoridades-actuen\/","title":{"rendered":"Feministas lamentan un asesinato y una desaparici\u00f3n de mujeres polic\u00edas esta semana en Guadalajara, Jalisco y exigen a las autoridades act\u00faen"},"content":{"rendered":"\n<p class=\"wp-block-paragraph\">En M\u00e9xico en dos a\u00f1os han asesinado a mil 422 polic\u00edas, hombres y mujeres: Causa en Com\u00fan<\/p>\n\n\n\n<p class=\"wp-block-paragraph\">CLADEM coincide: polic\u00edas vulnerables y sin apoyo, sin capacitaci\u00f3n, pocos derechos y sin seguridad social y bajos salarios<\/p>\n\n\n\n<p class=\"wp-block-paragraph\">Sara Lovera<\/p>\n\n\n\n<p class=\"wp-block-paragraph\">SemM\u00e9xico, Cd. de M\u00e9xico, 8 de abril, 2020.- Una desaparici\u00f3n y un asesinato de dos mujeres polic\u00edas constern\u00f3 a la ciudad de Guadalajara, esta semana,&nbsp;&nbsp;por lo que&nbsp;&nbsp;feministas del&nbsp;&nbsp;Comit\u00e9 de Am\u00e9rica Latina y el Caribe para la Defensa de los Derechos Humanos de las Mujeres \u2013 CLADEM&nbsp;&nbsp;&nbsp;exigieron hoy al&nbsp;&nbsp;gobierno de Jalisco y del municipio la b\u00fasqueda y aparici\u00f3n con vida de Virginia Mu\u00f1oz Andrade y la atenci\u00f3n inmediata a la familia de Victoria Isabel S\u00e1nchez Torres asesinada la noche del 5 de abril.<\/p>\n\n\n\n<p class=\"wp-block-paragraph\">Sostienen que&nbsp;&nbsp;asesinato de Victoria Isabel S\u00e1nchez Torres y&nbsp;&nbsp;la desaparici\u00f3n de Virginia Mu\u00f1oz Andrade,&nbsp;&nbsp;polic\u00edas de la capital de Jalisco,&nbsp;&nbsp;refleja el contexto de violencia e inseguridad que se vive en&nbsp;&nbsp;la entidad&nbsp;&nbsp;donde no escapan quienes&nbsp;&nbsp;se encuentran en la labor policial, y evidencia que su labor&nbsp;&nbsp;las coloca en una situaci\u00f3n de mayor riesgo y vulnerabilidad.<\/p>\n\n\n\n<p class=\"wp-block-paragraph\">Seg\u00fan la organizaci\u00f3n civil Causa en Com\u00fan&nbsp;&nbsp;&nbsp;&nbsp;2020 ha sido el a\u00f1o m\u00e1s violento para el desempe\u00f1o de la polic\u00eda,&nbsp;&nbsp;desde que se lleva el registro, con al menos, 524 asesinatos En promedio, 1.42 cada d\u00eda. Y sostiene que en los dos \u00faltimos a\u00f1os&nbsp;&nbsp;en M\u00e9xico fueron asesinados mil 422 polic\u00edas, entre hombres y mujeres.<\/p>\n\n\n\n<p class=\"wp-block-paragraph\">CLADEM pide para la familia de la polic\u00eda asesinada que el gobierno procure&nbsp;&nbsp;todos los apoyos econ\u00f3micos, psicol\u00f3gicos y otros que sean necesarios para su atenci\u00f3n&nbsp;&nbsp;considerando que se trata de victimas indirectas, especialmente&nbsp;&nbsp;su hija de 12 a\u00f1os.<\/p>\n\n\n\n<p class=\"wp-block-paragraph\">Victoria Isabel S\u00e1nchez Torres, oficial de la Polic\u00eda de Guadalajara, muri\u00f3 tras enfrentarse a tiros con dos hombres armados que desafiaron a las autoridades durante un ret\u00e9n policial en la colonia Jardines de la Paz. Por el hecho. Las autoridades informaron que ya&nbsp;&nbsp;hay un detenido.<\/p>\n\n\n\n<p class=\"wp-block-paragraph\">El crimen ocurri\u00f3 la tarde del lunes 5 de abril, alrededor de las 19&nbsp;&nbsp;horas, en el cruce de avenida Revoluci\u00f3n y Marquesa de Calder\u00f3n, donde la polic\u00eda adscrita al escuadr\u00f3n motorizado \u201cGamas\u201d, que llevaba m\u00e1s de ocho a\u00f1os en la corporaci\u00f3n, le marc\u00f3 el alto a un taxi que conduc\u00eda de manera \u201cevasiva\u201d. S\u00e1nchez Torres, ten\u00eda&nbsp;&nbsp;33 a\u00f1os, ella y sus&nbsp;&nbsp;compa\u00f1eros Cristian Bar\u00f3n y Brian Guzm\u00e1n, le hicieron la orden de alto al veh\u00edculo, pero en lugar de que el chofer se detuviera, el hombre que ahora es testigo del caso aceler\u00f3 porque, seg\u00fan su versi\u00f3n, los dos pasajeros lo iban amenazando con armas de fuego.<\/p>\n\n\n\n<p class=\"wp-block-paragraph\">Los tripulantes del taxi descendieron metros adelante de la unidad y comenzaron a disparar a los polic\u00edas, seg\u00fan el informe policial.<\/p>\n\n\n\n<p class=\"wp-block-paragraph\">CLADEM&nbsp;&nbsp;sostiene&nbsp;&nbsp;que Virginia Mu\u00f1oz Andrade, fue secuestrada y desaparecida. Se la&nbsp;&nbsp;llevaron de su&nbsp;domicilio, la noche del 3 de abril. Por ello se\u00f1ala que es necesario revisar las condiciones de seguridad y de protecci\u00f3n&nbsp;&nbsp;en que realizan su labor y especialmente, las protecciones sociales que deben recibir&nbsp;&nbsp;sus hijas e hijos A continuaci\u00f3n, se presentan los resultados m\u00e1s importantes.&nbsp;<\/p>\n\n\n\n<p class=\"wp-block-paragraph\">Causa en Com\u00fan dice que del 1 de enero de 2018 al 31 de diciembre de 2020 han asesinado, al menos, a mil&nbsp;&nbsp;422 polic\u00edas en M\u00e9xico;&nbsp;&nbsp;Durante 2018 asesinaron, al menos, a 452 polic\u00edas, en promedio, 1.24 cada d\u00eda.&nbsp;Durante 2019 asesinaron, al menos, a 446 polic\u00edas, en promedio, 1.16 cada d\u00eda.&nbsp;<\/p>\n\n\n\n<p class=\"wp-block-paragraph\">CLADEM&nbsp;&nbsp;agrega que como feministas, se&nbsp;&nbsp;solidarizan con las familias de ambas polic\u00eda,&nbsp;&nbsp;mujeres que pertenec\u00edan a la corporaci\u00f3n policiaca y se encontraban desempe\u00f1ando su labor, en donde adem\u00e1s&nbsp;&nbsp;\u201csabemos se encuentran otras mujeres polic\u00edas que como ellas, que&nbsp;&nbsp;salen todos los d\u00edas a la calle a enfrentar el dif\u00edcil contexto de violencia que se vive en Jalisco y en M\u00e9xico.<\/p>\n\n\n\n<p class=\"wp-block-paragraph\">Afirman que no descartan&nbsp;&nbsp;&nbsp;su&nbsp;&nbsp;trabajo como mujeres al interior de estos sistemas, y tampoco lo deslegitiman. La llegada de las mujeres a las corporaciones polic\u00edacas ha sido un avance&nbsp;&nbsp;en la reivindicaci\u00f3n de los derechos humanos de las mujeres, sin embargo, detallan \u201cponemos especial \u00e9nfasis en el grito feminista de \u2018La polic\u00eda no me cuida, me cuidan mis amigas\u2019, -agregan-\u201cy reconocen que hay carencias&nbsp;&nbsp;en las comisar\u00edas de infraestructura y personal. Tanto como descuido para fomentar el&nbsp;&nbsp;cambio cultural ante las din\u00e1micas patriarcales y androc\u00e9ntricas al interior de estos espacios,&nbsp;&nbsp;lo&nbsp;&nbsp;hostiles que son para las mujeres polic\u00edas.<\/p>\n\n\n\n<p class=\"wp-block-paragraph\">Por ello exigen que opere una reestructuraci\u00f3n en el sistema policiaco, con perspectiva de g\u00e9nero en todos los niveles, debido a que las polic\u00edas&nbsp;&nbsp;viven las mismas opresiones que todas las mujeres&nbsp;&nbsp;que se agudizan&nbsp;&nbsp;en&nbsp;&nbsp;un espacio lleno de machismo y&nbsp;&nbsp;misoginia.&nbsp;<\/p>\n\n\n\n<p class=\"wp-block-paragraph\">Luego&nbsp;&nbsp;reconocieron&nbsp;&nbsp;a todas las mujeres polic\u00edas,\u201d a quienes les decimos tambi\u00e9n, que en las feministas encuentran a mujeres aliadas y comprometidas con la&nbsp;&nbsp;protecci\u00f3n de los derechos humanos de todas y de todos\u201d<\/p>\n\n\n\n<p class=\"wp-block-paragraph\">\u00bfQui\u00e9n era Victoria Isabel S\u00e1nchez Torres?<\/p>\n\n\n\n<p class=\"wp-block-paragraph\">Seg\u00fan testimonios de la prensa local,&nbsp;&nbsp;desde su llegada a la corporaci\u00f3n hace 9 a\u00f1os,&nbsp;&nbsp;siempre busc\u00f3 formar parte del grupo motorizado, aunque tuviera nula experiencia conduciendo motocicletas de alta cilindrada. \u201cLe costaron varias ca\u00eddas aprender andar en la moto, se puede decir que fue de las primeras, la primera mujer en Gammas&#8230; Siempre le gust\u00f3 andar en motocicleta\u201d. Victoria Isabel era madre de una ni\u00f1a de 12 a\u00f1os.<\/p>\n\n\n\n<p class=\"wp-block-paragraph\">Causa en Com\u00fan<\/p>\n\n\n\n<p class=\"wp-block-paragraph\">Justo hoy la organizaci\u00f3n Causa en Com\u00fan present\u00f3 un informe&nbsp;&nbsp;sobre la letalidad policiaca, afirmando que cuerpos de polic\u00eda son una manifestaci\u00f3n esencial de cualquier Estado. No s\u00f3lo reflejan pol\u00edticas de seguridad, sino que constituyen una expresi\u00f3n del desarrollo institucional de una naci\u00f3n, y de las relaciones entre comunidades y autoridades.<\/p>\n\n\n\n<p class=\"wp-block-paragraph\">Sostienen que en M\u00e9xico, las polic\u00edas adolecen de m\u00faltiples insuficiencias y deficiencias resultado de un abandono institucional cr\u00f3nico, generalmente caracterizado por presupuestos insuficientes y mal ejercido; condiciones laborales abusivas; y brechas crecientes entre sus procesos de desarrollo, su realidad operativa y las leyes que los rigen. A lo anterior, se suma un amplio desprecio social a las corporaciones de polic\u00eda.<\/p>\n\n\n\n<p class=\"wp-block-paragraph\">Adem\u00e1s la polic\u00eda est\u00e1 desprotegida, mal pagada y sin suficiente equipo; est\u00e1n hombres y mujeres, abandonadas por el Estado y sus comunidades, con jornadas extenuantes y capacitaciones expr\u00e9s, las y los polic\u00edas enfrentan d\u00eda con d\u00eda un alt\u00edsimo riesgo de ser asesinados. En nuestro pa\u00eds matan en promedio a m\u00e1s de un polic\u00eda cada d\u00eda.&nbsp;&nbsp;Adem\u00e1s, la mayor\u00eda de estos asesinatos queda impune.<\/p>\n\n\n\n<p class=\"wp-block-paragraph\">Los asesinatos de polic\u00edas&nbsp;&nbsp;seg\u00fan el registro de Causa en Com\u00fan, suceden principalmente, de 2018 a la fecha, en&nbsp;&nbsp;Guanajuato (223), Estado de M\u00e9xico (109), Guerrero (107), Chihuahua (98) y Veracruz (84).<\/p>\n\n\n\n<p class=\"wp-block-paragraph\">El&nbsp;&nbsp;registro de Causa en Com\u00fan, incluye&nbsp;&nbsp;polic\u00edas municipales, estatales y federales, ya sean de tr\u00e1nsito, preventivos, ministeriales o penitenciarios.&nbsp;<\/p>\n","protected":false},"excerpt":{"rendered":"<p>En M\u00e9xico en dos a\u00f1os han asesinado a mil 422 polic\u00edas, hombres y mujeres: Causa en Com\u00fan CLADEM coincide: polic\u00edas vulnerables y sin apoyo, sin capacitaci\u00f3n, pocos derechos y sin seguridad social y bajos salarios Sara Lovera SemM\u00e9xico, Cd. de M\u00e9xico, 8 de abril, 2020.- Una desaparici\u00f3n y un asesinato de dos mujeres polic\u00edas constern\u00f3 [&hellip;]<\/p>\n","protected":false},"author":3,"featured_media":34130,"comment_status":"open","ping_status":"open","sticky":false,"template":"","format":"standard","meta":{"_monsterinsights_skip_tracking":false,"footnotes":""},"categories":[692,54],"tags":[],"class_list":["post-34129","post","type-post","status-publish","format-standard","has-post-thumbnail","category-692","category-mujeres"],"_links":{"self":[{"href":"https:\/\/redsemlac.com\/semmexico\/wp-json\/wp\/v2\/posts\/34129","targetHints":{"allow":["GET"]}}],"collection":[{"href":"https:\/\/redsemlac.com\/semmexico\/wp-json\/wp\/v2\/posts"}],"about":[{"href":"https:\/\/redsemlac.com\/semmexico\/wp-json\/wp\/v2\/types\/post"}],"author":[{"embeddable":true,"href":"https:\/\/redsemlac.com\/semmexico\/wp-json\/wp\/v2\/users\/3"}],"replies":[{"embeddable":true,"href":"https:\/\/redsemlac.com\/semmexico\/wp-json\/wp\/v2\/comments?post=34129"}],"version-history":[{"count":0,"href":"https:\/\/redsemlac.com\/semmexico\/wp-json\/wp\/v2\/posts\/34129\/revisions"}],"wp:featuredmedia":[{"embeddable":true,"href":"https:\/\/redsemlac.com\/semmexico\/wp-json\/wp\/v2\/media\/34130"}],"wp:attachment":[{"href":"https:\/\/redsemlac.com\/semmexico\/wp-json\/wp\/v2\/media?parent=34129"}],"wp:term":[{"taxonomy":"category","embeddable":true,"href":"https:\/\/redsemlac.com\/semmexico\/wp-json\/wp\/v2\/categories?post=34129"},{"taxonomy":"post_tag","embeddable":true,"href":"https:\/\/redsemlac.com\/semmexico\/wp-json\/wp\/v2\/tags?post=34129"}],"curies":[{"name":"wp","href":"https:\/\/api.w.org\/{rel}","templated":true}]}}