{"id":34126,"date":"2021-04-08T14:56:00","date_gmt":"2021-04-08T20:56:00","guid":{"rendered":"https:\/\/redsemlac.com\/semmexico\/?p=34126"},"modified":"2023-07-21T16:58:01","modified_gmt":"2023-07-21T21:58:01","slug":"ninas-y-mujeres-el-mayor-porcentaje-de-desapariciones-forzadas-en-mexico-reconocio-alejandro-encinas-frente-a-amlo","status":"publish","type":"post","link":"https:\/\/redsemlac.com\/semmexico\/ninas-y-mujeres-el-mayor-porcentaje-de-desapariciones-forzadas-en-mexico-reconocio-alejandro-encinas-frente-a-amlo\/","title":{"rendered":"Ni\u00f1as y mujeres  el mayor porcentaje de desapariciones forzadas en M\u00e9xico, reconoci\u00f3 Alejandro Encinas frente a AMLO"},"content":{"rendered":"\n<p class=\"wp-block-paragraph\">Las desapariciones son principalmente en el Estado de M\u00e9xico, Tamaulipas, Jalisco, Nuevo Le\u00f3n, Puebla y la Ciudad de M\u00e9xico<\/p>\n\n\n\n<p class=\"wp-block-paragraph\">Lizbeth \u00c1lvarez Mart\u00ednez.<\/p>\n\n\n\n<p class=\"wp-block-paragraph\">SemM\u00e9xico, Cd. de M\u00e9xico, 8 de abril, 2021.- El presidente de la Rep\u00fablica, Andr\u00e9s Manuel L\u00f3pez Obrador dijo esta ma\u00f1ana que en M\u00e9xico se han incrementado&nbsp;&nbsp;los feminicidios, porque antes no se clasificaban&nbsp;&nbsp;y que no&nbsp;&nbsp;va a evadir su responsabilidad, en donde qued\u00f3 clara la trata de ni\u00f1as y mujeres, el mayor porcentaje de desapariciones en M\u00e9xico.&nbsp;<\/p>\n\n\n\n<p class=\"wp-block-paragraph\">El presidente lo dijo as\u00ed: \u201cEn el caso de los feminicidios, que es otro delito con crecimiento, sostenemos -no es evadir nuestra responsabilidad, siempre vamos a decir la verdad- sostenemos que antes no se clasificaban de esa manera, se consideraban homicidios todas las muertes, fallecimientos de mujeres; ahora no, entonces por eso se registra un incremento\u201d, dijo el mandatario.<\/p>\n\n\n\n<p class=\"wp-block-paragraph\">Ello sucedi\u00f3 a prop\u00f3sito de la presentaci\u00f3n del plan de b\u00fasqueda de desaparecidos, y reiter\u00f3, como en todos los caso que la desaparici\u00f3n forzada \u201ces una herencia dolorosa, la cual surgi\u00f3 al decidir enfrentar la violencia con la violencia, cuando se declara la guerra y se dejan de atender las causas que originan la violencia\u201d.&nbsp;<\/p>\n\n\n\n<p class=\"wp-block-paragraph\">Sobre ello&nbsp;&nbsp;en Palacio Nacional se present\u00f3 un l informe a cargo del subsecretario de Derechos Humanos, Poblaci\u00f3n y Migraci\u00f3n, Alejandro Encinas Rodr\u00edguez, quien dijo&nbsp;&nbsp;que las ni\u00f1as y mujeres representan el mayor porcentaje de personas desaparecidas, precisamente cuando&nbsp;&nbsp;Amnist\u00eda Internacional circul\u00f3 su informe 2021 sobre la violaci\u00f3n a los derechos humanos, misma que&nbsp;&nbsp;contin\u00faa y preocupa.&nbsp;&nbsp;.&nbsp;<\/p>\n\n\n\n<p class=\"wp-block-paragraph\">Encinas inform\u00f3 que \u201cLas mujeres representan el 24.8 por ciento de las personas desaparecidas, pero si nos enfocamos en el rubro de las ni\u00f1as, adolescentes, menores de 18 a\u00f1os, estas representan el 55.65 por ciento de ellas y la mayor\u00eda de estas\u201d. Y puntualiz\u00f3 que \u201ceste es un dato que debe preocuparnos, estamos haciendo un trabajo espec\u00edfico no solamente en materia de b\u00fasqueda en vida, sino atacar el fen\u00f3meno de la trata de personas, porque el estrato de edades de las mujeres desaparecidas son fundamentalmente entre los 10 y los 19 a\u00f1os de edad\u201d,&nbsp;<\/p>\n\n\n\n<p class=\"wp-block-paragraph\">Y as\u00ed lo dijo el funcionario durante la presentaci\u00f3n del informe B\u00fasqueda e Identificaci\u00f3n de Persona Desaparecidas 2021 y&nbsp;&nbsp;asegur\u00f3 que el 62 por ciento de las ni\u00f1as adolescentes y mujeres desaparecidas se concentran en siete estados: el Estado de M\u00e9xico, Tamaulipas, Jalisco, Nuevo Le\u00f3n, Puebla y la Ciudad de M\u00e9xico.<\/p>\n\n\n\n<p class=\"wp-block-paragraph\">En su turno&nbsp;&nbsp;y ante el cuestionamiento sobre las desapariciones de mujeres en Sonora, la Comisionada Nacional de B\u00fasqueda de Personas Desaparecidas en M\u00e9xico, Karla I. Quintana Osuna, dijo que ese estado tiene el mayor \u00edndice de mujeres desaparecidas.<\/p>\n\n\n\n<p class=\"wp-block-paragraph\">\u201cS\u00ed, en relaci\u00f3n con la desaparici\u00f3n de mujeres, no s\u00f3lo en Sonora sino -como inform\u00e1bamos- en general, en todo el pa\u00eds y Sonora est\u00e1 dentro de uno de los estados con mayor \u00edndice de mujeres desaparecidas\u201d<\/p>\n\n\n\n<p class=\"wp-block-paragraph\">Tambi\u00e9n asegur\u00f3 que la desaparici\u00f3n de ni\u00f1as y mujeres est\u00e1n relacionadas a la trata de personas y que su b\u00fasqueda tiene que ser relacionada con cuestiones de g\u00e9nero.&nbsp;<\/p>\n\n\n\n<p class=\"wp-block-paragraph\">\u201cLa mayor\u00eda, como dec\u00eda el subsecretario, son adolescentes o mujeres adultas j\u00f3venes y la hip\u00f3tesis de b\u00fasqueda es sobre trata de personas. As\u00ed como todo homicidio de una mujer, toda muerte violenta de una mujer tiene que ser investigada como feminicidio est\u00e9 o no tipificado como tal, tambi\u00e9n toda desaparici\u00f3n de ni\u00f1a, adolescente o mujer tiene que ser investigada en t\u00e9rminos de b\u00fasqueda que su desaparici\u00f3n est\u00e9 relacionada con cuestiones de g\u00e9nero, como puede ser en este caso la trata de personas\u201d, expuso Quintana Osuna.&nbsp;<\/p>\n\n\n\n<p class=\"wp-block-paragraph\">Finaliz\u00f3 diciendo que se est\u00e1 trabajando no s\u00f3lo en Sonora sino en todo el pa\u00eds sobre un an\u00e1lisis concreto sobre las desapariciones de mujeres. \u201cEstamos trabajando con tambi\u00e9n con la Comisi\u00f3n Estatal de B\u00fasqueda para tratar de hacer un an\u00e1lisis de contexto concreto sobre las desapariciones de mujeres en Sonora que tambi\u00e9n, hay que decirlo, no solo por la edad, sino tambi\u00e9n f\u00edsicamente\u2026\u201d<\/p>\n","protected":false},"excerpt":{"rendered":"<p>Las desapariciones son principalmente en el Estado de M\u00e9xico, Tamaulipas, Jalisco, Nuevo Le\u00f3n, Puebla y la Ciudad de M\u00e9xico Lizbeth \u00c1lvarez Mart\u00ednez. SemM\u00e9xico, Cd. de M\u00e9xico, 8 de abril, 2021.- El presidente de la Rep\u00fablica, Andr\u00e9s Manuel L\u00f3pez Obrador dijo esta ma\u00f1ana que en M\u00e9xico se han incrementado&nbsp;&nbsp;los feminicidios, porque antes no se clasificaban&nbsp;&nbsp;y que [&hellip;]<\/p>\n","protected":false},"author":3,"featured_media":34127,"comment_status":"open","ping_status":"open","sticky":false,"template":"","format":"standard","meta":{"_monsterinsights_skip_tracking":false,"footnotes":""},"categories":[692,51],"tags":[],"class_list":["post-34126","post","type-post","status-publish","format-standard","has-post-thumbnail","category-692","category-ejecutivo"],"_links":{"self":[{"href":"https:\/\/redsemlac.com\/semmexico\/wp-json\/wp\/v2\/posts\/34126","targetHints":{"allow":["GET"]}}],"collection":[{"href":"https:\/\/redsemlac.com\/semmexico\/wp-json\/wp\/v2\/posts"}],"about":[{"href":"https:\/\/redsemlac.com\/semmexico\/wp-json\/wp\/v2\/types\/post"}],"author":[{"embeddable":true,"href":"https:\/\/redsemlac.com\/semmexico\/wp-json\/wp\/v2\/users\/3"}],"replies":[{"embeddable":true,"href":"https:\/\/redsemlac.com\/semmexico\/wp-json\/wp\/v2\/comments?post=34126"}],"version-history":[{"count":0,"href":"https:\/\/redsemlac.com\/semmexico\/wp-json\/wp\/v2\/posts\/34126\/revisions"}],"wp:featuredmedia":[{"embeddable":true,"href":"https:\/\/redsemlac.com\/semmexico\/wp-json\/wp\/v2\/media\/34127"}],"wp:attachment":[{"href":"https:\/\/redsemlac.com\/semmexico\/wp-json\/wp\/v2\/media?parent=34126"}],"wp:term":[{"taxonomy":"category","embeddable":true,"href":"https:\/\/redsemlac.com\/semmexico\/wp-json\/wp\/v2\/categories?post=34126"},{"taxonomy":"post_tag","embeddable":true,"href":"https:\/\/redsemlac.com\/semmexico\/wp-json\/wp\/v2\/tags?post=34126"}],"curies":[{"name":"wp","href":"https:\/\/api.w.org\/{rel}","templated":true}]}}