{"id":34123,"date":"2021-04-08T14:52:50","date_gmt":"2021-04-08T20:52:50","guid":{"rendered":"https:\/\/redsemlac.com\/semmexico\/?p=34123"},"modified":"2023-07-21T16:58:01","modified_gmt":"2023-07-21T21:58:01","slug":"amnistia-internacional-denuncia-al-gobierno-de-la-4t-por-la-estigmatizacion-y-fuerza-excesiva-contra-las-manifestaciones-feministas-en-2020-ano-de-la-pandemia-covid19","status":"publish","type":"post","link":"https:\/\/redsemlac.com\/semmexico\/amnistia-internacional-denuncia-al-gobierno-de-la-4t-por-la-estigmatizacion-y-fuerza-excesiva-contra-las-manifestaciones-feministas-en-2020-ano-de-la-pandemia-covid19\/","title":{"rendered":"Amnist\u00eda Internacional denuncia al gobierno de la 4T por la estigmatizaci\u00f3n y  fuerza excesiva contra las manifestaciones feministas  en 2020 a\u00f1o de la pandemia Covid19"},"content":{"rendered":"\n<p class=\"wp-block-paragraph\">Asegura que se profundiz\u00f3&nbsp;&nbsp;la violencia contra las mujeres en M\u00e9xico, siguieron las desapariciones, la tortura y la resistencia de despenalizar el aborto<\/p>\n\n\n\n<p class=\"wp-block-paragraph\">Advierte de la militarizaci\u00f3n y describe violaciones a los derechos humanos por austeridad&nbsp;<\/p>\n\n\n\n<p class=\"wp-block-paragraph\">Sara Lovera<\/p>\n\n\n\n<p class=\"wp-block-paragraph\">SemM\u00e9xico, Cd. de M\u00e9xico, 8 de abril 2021.- En M\u00e9xico la violaci\u00f3n a los derechos humanos no ha cesado; desde Palacio Nacional se estigmatiza a las feministas, se desestima el feminicidio y la violencia dentro de la familia, se ataca&nbsp;&nbsp;la libertad de expresi\u00f3n y se abusa con uso de fuerza excesiva para parar las protestas de mujeres y ambientalistas, con uso de gases con municiones ; igual continuaron&nbsp;&nbsp;las detenciones arbitrarias y hechos de tortura sostiene&nbsp;&nbsp;el informe 2021 de Amnist\u00eda Internacional AI.<\/p>\n\n\n\n<p class=\"wp-block-paragraph\">En dura descripci\u00f3n se\u00f1ala que las mujeres han recibido adem\u00e1s robo de tel\u00e9fonos m\u00f3viles, y ataques f\u00edsicos, psicol\u00f3gicos y sexuales, uso de gases entre otras violaciones de derechos humanos. Y los recortes presupuestales han significado reducci\u00f3n a programas y pol\u00edticas a favor de las mujeres. La militarizaci\u00f3n nacional las pone en peligro, tanto como a la poblaci\u00f3n migrante. Pero tambi\u00e9n hubo graves hierros en las acciones para atender la pandemia.<\/p>\n\n\n\n<p class=\"wp-block-paragraph\">El informe afirma, adem\u00e1s que la pandemia&nbsp;&nbsp;COVID-19 golpea con especial dureza a las personas atenazadas por la opresi\u00f3n como consecuencia de las desigualdades, el abandono y los abusos sufridos durante d\u00e9cadas, profundizadas&nbsp;&nbsp;en el mundo y en M\u00e9xico por la pol\u00edtica de austeridad.<\/p>\n\n\n\n<p class=\"wp-block-paragraph\">En el pre\u00e1mbulo del informe, mundial, Agn\u00e8s Callamard, nueva secretaria general de Amnist\u00eda Internacional se\u00f1ala que se ha&nbsp;&nbsp;puesto en evidencia el terrible legado de unas pol\u00edticas deliberadamente divisivas y destructivas, que perpetuaron la desigualdad, la discriminaci\u00f3n y la opresi\u00f3n y prepararon el terreno para la ruina causada por la COVID-19.<\/p>\n\n\n\n<p class=\"wp-block-paragraph\">El informe sobre la situaci\u00f3n de los derechos humanos en el mundo abarca 149 pa\u00edses y contiene un an\u00e1lisis exhaustivo de las tendencias observadas en materia de derechos humanos en todo el mundo en 2020. La organizaci\u00f3n describe en \u00e9l c\u00f3mo los grupos que figuraban ya entre los m\u00e1s marginados, como las personas refugiadas y las mujeres, sufrieron las peores consecuencias de la pandemia por culpa de pol\u00edticas discriminatorias aplicadas por decisi\u00f3n de los dirigentes mundiales que no han sabido responder a&nbsp;&nbsp;un mundo sumido en el caos.<\/p>\n\n\n\n<p class=\"wp-block-paragraph\"><strong>M\u00e9xico<\/strong><\/p>\n\n\n\n<p class=\"wp-block-paragraph\">Amnist\u00eda Internacional afirma que el gobierno reaccion\u00f3 a la pandemia de COVID-19 con recortes del gasto p\u00fablico en diversas \u00e1reas. El personal sanitario denunci\u00f3 que carec\u00eda de acceso a los equipos de protecci\u00f3n individual y las prestaciones necesarias para garantizar un entorno laboral seguro. En este periodo aumentaron las denuncias de violencia contra las mujeres.&nbsp;<\/p>\n\n\n\n<p class=\"wp-block-paragraph\">Las fuerzas de seguridad siguieron llevando a cabo detenciones arbitrarias y haciendo uso excesivo de la fuerza, lo que en ocasiones provoc\u00f3 homicidios ileg\u00edtimos.<\/p>\n\n\n\n<p class=\"wp-block-paragraph\">&nbsp;Sobre las desapariciones forzadas el presidente Andr\u00e9s Manuel L\u00f3pez Obrador&nbsp;&nbsp;estigmatiz\u00f3 en diversas ocasiones a las personas defensoras de los derechos humanos y a los medios de comunicaci\u00f3n, y minimizaba el problema de la violencia contra las mujeres.<\/p>\n\n\n\n<p class=\"wp-block-paragraph\">La informaci\u00f3n oficial se\u00f1ala -2021- que ya son m\u00e1s de&nbsp;&nbsp;2 millones de casos confirmados de COVID-19. Pero en abril, hace un a\u00f1o&nbsp;&nbsp;el gobierno aplic\u00f3 pol\u00edticas de austeridad a trav\u00e9s de un decreto que recortaba el gasto p\u00fablico salvo en programas que se consideraban prioritarios, como varios proyectos importantes de infraestructura.&nbsp;<\/p>\n\n\n\n<p class=\"wp-block-paragraph\">Se\u00f1ala Amnist\u00eda los efectos nocivos de la disoluci\u00f3n de varios fideicomisos p\u00fablicos, entre ellos los de apoyo a la protecci\u00f3n de defensores y defensoras de los derechos humanos, periodistas y v\u00edctimas de violaciones de los derechos humanos, y&nbsp;&nbsp;el cambio clim\u00e1tico. .<\/p>\n\n\n\n<p class=\"wp-block-paragraph\">&nbsp;El gobierno despleg\u00f3 m\u00e1s efectivos militares en la estrategia de seguridad p\u00fablica que las dos administraciones presidenciales anteriores, y contin\u00faan los homicidios ileg\u00edtimos.&nbsp;<\/p>\n\n\n\n<p class=\"wp-block-paragraph\">Las desapariciones forzadas, se mantienen y han sido cometidas&nbsp;&nbsp;por agentes del Estado lo que sigue siendo motivo de preocupaci\u00f3n especialmente porque en 2020 hubo&nbsp;&nbsp;6 mil 957 casos de personas desaparecidas, muchas de mujeres y ni\u00f1as.<\/p>\n\n\n\n<p class=\"wp-block-paragraph\">.&nbsp;<\/p>\n\n\n\n<p class=\"wp-block-paragraph\"><strong>Violencia contra mujeres y ni\u00f1as&nbsp;<\/strong><\/p>\n\n\n\n<p class=\"wp-block-paragraph\">AI est\u00e1 preocupada porque en 2020 se denunciaron 3 mil 752 asesinatos de mujeres, de los cuales 969 fueron investigados como feminicidios. Los estados donde esto es m\u00e1s grave son el de M\u00e9xico que&nbsp;&nbsp;registr\u00f3 la mayor cifra absoluta de feminicidios, seguido del de Veracruz. Los estados de Colima y Morelos presentaron las tasas m\u00e1s elevadas de feminicidio por cada 100.000 mujeres. Las llamadas al n\u00famero de tel\u00e9fono de emergencias 911 para denunciar actos de violencia contra las mujeres aumentaron durante el a\u00f1o, con 260 mil 67 llamadas recibidas hasta diciembre, frente a un total de 197 mil 693 en todo 2019.<\/p>\n\n\n\n<p class=\"wp-block-paragraph\">Advierte y describe que despu\u00e9s de que se produjeran importantes protestas sociales, el gobierno desisti\u00f3 de aplicar medidas de austeridad que propon\u00edan recortes en el presupuesto para las Casas de Mujeres Ind\u00edgenas y Afro mexicanas y para la Comisi\u00f3n Nacional para Prevenir y Erradicar la Violencia contra las Mujeres. Sin embargo, el Instituto Nacional de las Mujeres recort\u00f3 en julio el 75 por ciento&nbsp;&nbsp;(151 millones de pesos mexicanos) de su presupuesto operativo.<\/p>\n\n\n\n<p class=\"wp-block-paragraph\">No obstante \u201cel presidente de la Rep\u00fablica segu\u00eda minimizando el problema de la violencia contra las mujeres, cuestionando la validez de las llamadas telef\u00f3nicas realizadas a los servicios de emergencia para denunciar la violencia de g\u00e9nero en el \u00e1mbito familiar y criticando las protestas de las mujeres contra los feminicidios.<\/p>\n\n\n\n<p class=\"wp-block-paragraph\">&nbsp;Al terminar el a\u00f1o no hab\u00eda ninguna se\u00f1al de que las 21 declaraciones de Alerta de Violencia de G\u00e9nero Contra las Mujeres AVGM&nbsp;&nbsp;hubieran reducido la violencia de g\u00e9nero.<\/p>\n\n\n\n<p class=\"wp-block-paragraph\">Respecto de los Derechos Sexuales y Reproductivos, alerta AI el hecho de que&nbsp;&nbsp;la Suprema Corte de Justicia de la Naci\u00f3n desestim\u00f3 una orden que pretend\u00eda cambiar la legislaci\u00f3n que criminalizaba el aborto en el estado de Veracruz.&nbsp;&nbsp;Y en mayo, el Congreso del estado de Guanajuato rechaz\u00f3 un proyecto de ley para la despenalizaci\u00f3n del aborto en el estado.&nbsp;<\/p>\n\n\n\n<p class=\"wp-block-paragraph\">Describe el informe&nbsp;&nbsp;que continuaron las amenazas y el hostigamiento contra personas que defend\u00edan los derechos humanos y, seg\u00fan datos de organizaciones de la sociedad civil, 24 personas defensoras fueron asesinadas. La defensa&nbsp;&nbsp;de los derechos ambientales y de los pueblos ind\u00edgenas se hizo p\u00fablica, sobre todo&nbsp;&nbsp;por el megaproyecto conocido como Tren Maya. Pero el presidente reaccion\u00f3 acus\u00e1ndolos p\u00fablicamente de ser \u201cfalsos ambientalistas\u201d. Seis relatores especiales de la ONU enviaron una carta al gobierno expresando una serie de motivos de preocupaci\u00f3n sobre el proyecto del Tren Maya, algunos de ellos relacionados con el derecho de los pueblos ind\u00edgenas a la tierra y a la salud, y tambi\u00e9n con las posibles consecuencias medioambientales del proyecto, pero nada se hizo.<\/p>\n\n\n\n<p class=\"wp-block-paragraph\">Preocupa a AI los ataques a la libertad de expresi\u00f3n y de reuni\u00f3n, ya que continuaron las amenazas, el hostigamiento y los ataques contra las personas trabajadoras de medios de comunicaci\u00f3n y, seg\u00fan los datos oficiales disponibles en noviembre, al menos 19 periodistas fueron asesinados durante el a\u00f1o.&nbsp;<\/p>\n\n\n\n<p class=\"wp-block-paragraph\">Y tambi\u00e9n, dice AI las noticias de que Notimex, la agencia de noticias estatal, est\u00e9 involucrada en una campa\u00f1a difamatoria contra varios periodistas y medios de comunicaci\u00f3n que publicaban contenidos cr\u00edticos con el gobierno,&nbsp;&nbsp;campa\u00f1a inclu\u00eda una red de programas robot y cuentas falsas en las redes sociales supuestamente financiadas con fondos p\u00fablicos.<\/p>\n\n\n\n<p class=\"wp-block-paragraph\">Recoge AI una carta firmada por 650 periodistas e intelectuales, en septiembre, que&nbsp;&nbsp;acus\u00f3 al presidente de actuaciones que afectaban a la libertad de expresi\u00f3n, incluidas una serie de declaraciones p\u00fablicas que debilitaban a la prensa al favorecer un entorno propicio a la censura, sanciones administrativas y el uso indebido de la ley para intimidar a la prensa.&nbsp;<\/p>\n\n\n\n<p class=\"wp-block-paragraph\"><strong>Manifestaciones feministas<\/strong><\/p>\n\n\n\n<p class=\"wp-block-paragraph\">En 2020, las mujeres llevaron a cabo en varias ciudades manifestaciones multitudinarias contra el feminicidio y otras formas de violencia de g\u00e9nero. En varios casos, la polic\u00eda respondi\u00f3 empleando fuerza excesiva, detenciones arbitrarias, robo de tel\u00e9fonos m\u00f3viles, y ataques f\u00edsicos, psicol\u00f3gicos y sexuales, entre otras violaciones de derechos humanos. Las autoridades estatales y federales tambi\u00e9n estigmatizaron en sus declaraciones p\u00fablicas a las mujeres que se manifestaban.<\/p>\n\n\n\n<p class=\"wp-block-paragraph\">Por ejemplo en agosto, la polic\u00eda de la ciudad de Le\u00f3n (estado de Guanajuato) detuvo arbitrariamente a 22 mujeres y golpe\u00f3 y agredi\u00f3 sexualmente a varias mujeres y ni\u00f1as. En noviembre, la polic\u00eda utiliz\u00f3 armas de fuego con munici\u00f3n viva en una serie de manifestaciones, en su mayor parte pac\u00edficas, de mujeres que protestaban contra los feminicidios en Canc\u00fan.&nbsp;<\/p>\n\n\n\n<p class=\"wp-block-paragraph\"><strong>Tortura<\/strong><\/p>\n\n\n\n<p class=\"wp-block-paragraph\">Mientras contin\u00faan la tortura y otros malos mientras un programa para impedir tratos inhumanos o degradantes a\u00fan no ha&nbsp;&nbsp;hecho p\u00fablico, a pesar de que dos polic\u00edas del Estado de M\u00e9xico fueron condenados a siete a\u00f1os de prisi\u00f3n por utilizar la tortura para obtener confesiones falsas de tres mujeres sobrevivientes de la masacre de Tlatlaya en 2014. La sobreviviente de tortura sexual M\u00f3nica Esparza fue excarcelada en marzo, m\u00e1s de siete a\u00f1os despu\u00e9s de que fuera detenida arbitrariamente y torturada por la polic\u00eda en la ciudad de Torre\u00f3n (estado de Coahuila). Fue absuelta de los cargos basados en confesiones falsas obtenidas mediante tortura, pero ning\u00fan agente haba sido acusado de los delitos cometidos contra ella.&nbsp;<\/p>\n\n\n\n<p class=\"wp-block-paragraph\">Preocupa que al comenzar el a\u00f1o s agentes de la Guardia Nacional utilizaron gas lacrim\u00f3geno durante una operaci\u00f3n para detener a centenares de migrantes que atravesaron la frontera sur de M\u00e9xico y en&nbsp;&nbsp;marzo, arrastraron y golpearon a migrantes que participaban en una protesta que se celebr\u00f3 en un centro de detenci\u00f3n de migrantes en Tapachula. Y en marzo, un solicitante de asilo guatemalteco muri\u00f3 despu\u00e9s de que una protesta de migrantes detenidos que exig\u00edan ser liberados derivara en un incendio en el centro de detenci\u00f3n de Tenosique. Preocupa a AI la falta de transparencia y las deportaciones.<\/p>\n\n\n\n<p class=\"wp-block-paragraph\">Tambi\u00e9n se\u00f1alan varias personas trabajadoras de la salud&nbsp;&nbsp;que varias personas trabajadoras de la salud expresaron su preocupaci\u00f3n por las contrataciones irregulares y la falta de subsidio por enfermedad y otras prestaciones, lo que en ocasiones les acarre\u00f3 represalias.<\/p>\n\n\n\n<p class=\"wp-block-paragraph\">Amnist\u00eda Internacional exige la investigaci\u00f3n y sanci\u00f3n de responsables de violaciones de derechos humanos ocurridas durante las manifestaciones del 4 y 5 de junio en Guadalajara (comunicado de prensa, 7 de junio) 2. Las ejecuciones en Nuevo Laredo deben ser un parteaguas para frenar las violaciones de derechos humanos en M\u00e9xico (noticia, 28 de agosto) 3. La nueva Guardia Nacional de M\u00e9xico est\u00e1 rompiendo su juramento de respetar los derechos humanos (noticia, 8 de noviembre) 4. Falsas sospechas: Detenciones arbitrarias por la polic\u00eda en M\u00e9xico (AMR 41\/5340\/2017) 5. Autoridades de Guanajuato deben abstenerse de estigmatizar el derecho a la protesta (comunicado de prensa, 28 de agosto) 6. M\u00e9xico: Carta abierta (25 de agosto) 7. M\u00e9xico: Acci\u00f3n Urgente: Se niega apoyo por COVID-19 a superviviente de tortura Adri\u00e1n V\u00e1squez Lagunes (AMR 41\/2542\/2020) 8. Am\u00e9ricas: Los gobiernos deben poner fin a las detenciones peligrosas y discriminatorias de migrantes y solicitantes de asilo (noticia, 2 de abril)<\/p>\n\n\n\n<p class=\"wp-block-paragraph\"><strong>El Mundo<\/strong><\/p>\n\n\n\n<p class=\"wp-block-paragraph\">AI afirma que nos enfrentamos a un mundo sumido en el caos. A estas alturas de la pandemia, hasta los dirigentes m\u00e1s ilusos tendr\u00edan dificultades para negar que nuestros sistemas sociales, econ\u00f3micos y pol\u00edticos se han desmoronado.&nbsp;<\/p>\n\n\n\n<p class=\"wp-block-paragraph\">Sostiene que la pandemia ha amplificado decenios de desigualdad y desgaste de los servicios p\u00fablicos. Y el informe de Amnist\u00eda pone de manifiesto que, como consecuencia de las desigualdades generadas por un liderazgo t\u00f3xico ejercido durante decenios, la pandemia afect\u00f3 de manera desproporcionada a las mujeres, las poblaciones refugiadas, las personas de edad avanzada y las minor\u00edas \u00e9tnicas.<\/p>\n\n\n\n<p class=\"wp-block-paragraph\">La COVID-19 empeor\u00f3 la ya precaria situaci\u00f3n de las personas refugiadas, migrantes y solicitantes de asilo en muchos pa\u00edses, dej\u00e1ndolas en algunos casos atrapadas en miserables campos de acogida, interrumpiendo suministros vitales o provocando controles fronterizos que dejaron a muchas abandonadas a su suerte<\/p>\n\n\n\n<p class=\"wp-block-paragraph\">El informe subraya el acusado aumento de la violencia de g\u00e9nero y la violencia intrafamiliar, en el contexto del cual muchas mujeres y personas LGBTI tuvieron que afrontar mayores obst\u00e1culos para recibir protecci\u00f3n y apoyo debido a las restricciones de la libertad de circulaci\u00f3n, la falta de mecanismos confidenciales que permitieran a las v\u00edctimas denunciar la violencia mientras estaban aisladas con sus maltratadores, y la capacidad reducida o suspensi\u00f3n de los servicios.<\/p>\n\n\n\n<p class=\"wp-block-paragraph\">Quienes trabajaban en primera l\u00ednea frente a la pandemia \u2014el personal sanitario y del sector informal\u2014 sufrieron las consecuencias de unos sistemas de salud deliberadamente desatendidos y medidas p\u00e9simas de protecci\u00f3n social. En Bangladesh, muchas personas que trabajaban en el sector informal se quedaron sin ingresos o sin prestaciones sociales debido a los confinamientos y toques de queda. En Nicaragua, a principios de junio se despidi\u00f3 en s\u00f3lo dos semanas al menos a 16 profesionales de la salud que hab\u00edan expresado su preocupaci\u00f3n ante la falta de equipos de protecci\u00f3n individual y la respuesta del Estado a la pandemia.&nbsp;<\/p>\n\n\n\n<p class=\"wp-block-paragraph\">Y dice al final de la introducci\u00f3n que \u201cHemos visto toda clase de respuestas de nuestros dirigentes, tanto mediocres como enga\u00f1osas, ego\u00edstas y falaces. Algunos han intentado normalizar las autoritarias medidas de emergencia que han adoptado para combatir la COVID-19, mientras que una cepa especialmente virulenta de l\u00edderes han ido a\u00fan m\u00e1s all\u00e1 y han visto en la pandemia una oportunidad para afianzar su poder. En lugar de apoyar y proteger a la poblaci\u00f3n, se han limitado a instrumentalizar la pandemia para socavar gravemente sus derechos\u201d, dice Agn\u00e8s Callamard.<\/p>\n\n\n\n<p class=\"wp-block-paragraph\">&nbsp;\u201cNos encontramos en una encrucijada. Debemos romper las ataduras que degradan la dignidad humana. Debemos pulsar el bot\u00f3n de reinicio para construir un mundo basado en la igualdad, los derechos humanos y la humanidad. Debemos aprender de la pandemia y aunar esfuerzos con valent\u00eda y creatividad para conseguir que todas las personas sean tratadas en pie de igualdad.\u201d<\/p>\n","protected":false},"excerpt":{"rendered":"<p>Asegura que se profundiz\u00f3&nbsp;&nbsp;la violencia contra las mujeres en M\u00e9xico, siguieron las desapariciones, la tortura y la resistencia de despenalizar el aborto Advierte de la militarizaci\u00f3n y describe violaciones a los derechos humanos por austeridad&nbsp; Sara Lovera SemM\u00e9xico, Cd. de M\u00e9xico, 8 de abril 2021.- En M\u00e9xico la violaci\u00f3n a los derechos humanos no ha [&hellip;]<\/p>\n","protected":false},"author":3,"featured_media":34124,"comment_status":"open","ping_status":"open","sticky":false,"template":"","format":"standard","meta":{"_monsterinsights_skip_tracking":false,"footnotes":""},"categories":[692,47],"tags":[],"class_list":["post-34123","post","type-post","status-publish","format-standard","has-post-thumbnail","category-692","category-no-mas-impunidad"],"_links":{"self":[{"href":"https:\/\/redsemlac.com\/semmexico\/wp-json\/wp\/v2\/posts\/34123","targetHints":{"allow":["GET"]}}],"collection":[{"href":"https:\/\/redsemlac.com\/semmexico\/wp-json\/wp\/v2\/posts"}],"about":[{"href":"https:\/\/redsemlac.com\/semmexico\/wp-json\/wp\/v2\/types\/post"}],"author":[{"embeddable":true,"href":"https:\/\/redsemlac.com\/semmexico\/wp-json\/wp\/v2\/users\/3"}],"replies":[{"embeddable":true,"href":"https:\/\/redsemlac.com\/semmexico\/wp-json\/wp\/v2\/comments?post=34123"}],"version-history":[{"count":0,"href":"https:\/\/redsemlac.com\/semmexico\/wp-json\/wp\/v2\/posts\/34123\/revisions"}],"wp:featuredmedia":[{"embeddable":true,"href":"https:\/\/redsemlac.com\/semmexico\/wp-json\/wp\/v2\/media\/34124"}],"wp:attachment":[{"href":"https:\/\/redsemlac.com\/semmexico\/wp-json\/wp\/v2\/media?parent=34123"}],"wp:term":[{"taxonomy":"category","embeddable":true,"href":"https:\/\/redsemlac.com\/semmexico\/wp-json\/wp\/v2\/categories?post=34123"},{"taxonomy":"post_tag","embeddable":true,"href":"https:\/\/redsemlac.com\/semmexico\/wp-json\/wp\/v2\/tags?post=34123"}],"curies":[{"name":"wp","href":"https:\/\/api.w.org\/{rel}","templated":true}]}}