{"id":3412,"date":"2018-02-03T18:25:29","date_gmt":"2018-02-03T18:25:29","guid":{"rendered":"https:\/\/redsemlac.com\/semmexico\/?p=3412"},"modified":"2023-07-21T14:30:48","modified_gmt":"2023-07-21T19:30:48","slug":"sin-avances-reconstruccion-de-viviendas-por-sismo-del-19s","status":"publish","type":"post","link":"https:\/\/redsemlac.com\/semmexico\/sin-avances-reconstruccion-de-viviendas-por-sismo-del-19s\/","title":{"rendered":"Sin avances reconstrucci\u00f3n de viviendas por sismo del 19S"},"content":{"rendered":"\n<p class=\"wp-block-paragraph\">La gran mayor\u00eda de las personas damnificadas sigue viviendo en campamentos y albergues<\/p>\n\n\n\n<h5 class=\"wp-block-heading\"> Las autoridades no cuentan con un censo de personas afectadas.<\/h5>\n\n\n\n<p class=\"wp-block-paragraph\"><a href=\"https:\/\/semmexico.com\/gallery-post.php?id=3948#\">Olga Rosario Avenda\u00f1o<\/a><\/p>\n\n\n\n<p class=\"wp-block-paragraph\">SemM\u00e9xico. Ciudad de M\u00e9xico, 03 de febrero de 2018.- A cinco meses del sismo del 19 de septiembre los avances son pocos en la reconstrucci\u00f3n de las viviendas de diez delegaciones de esta ciudad, afirm\u00f3 uno de los integrantes e impulsor del colectivo Damnificados Unidos, H\u00e9ctor de la Cueva. Este colectivo se conform\u00f3 en la Ciudad de M\u00e9xico d\u00edas despu\u00e9s del sismo que dej\u00f3 miles de personas damnificadas, tanto aqu\u00ed como en diversas entidades del pa\u00eds y su objetivo es conformar un censo completo y confiable, pues el que presentan las autoridades \u201cpresenta muchas contradicciones\u201d. Explic\u00f3 que uno de los aportes de este Colectivo es el censo y a partir de ah\u00ed \u201clas autoridades han corregido los n\u00fameros que ten\u00edan\u201d. En este colectivo se encuentran personas damnificadas de las delegaciones Xochimilco, Tlahuac, Iztapalapa, Coyoac\u00e1n, Benito Ju\u00e1rez, Cuauht\u00e9moc, Gustavo A. Madero, entre otras. Este fin de semana este Colectivo tuvo su quinta reuni\u00f3n, a la que llegaron nuevas personas, por lo tanto los n\u00fameros del censo va cambiando d\u00eda a d\u00eda, pues algunas \u201cni siquiera existen en las cifras oficiales\u201d, dijo la antrop\u00f3loga Olivia Dom\u00ednguez Prieto, quien es la encargada de coordinar este conteo alterno. De la Cueva mencion\u00f3 que \u201cla primer pelea que hemos tenido con las autoridades, su censo y plataforma famosa no serv\u00edan, eran incompletas, contradictorias\u201d. Uno de los avances que presentaron a las personas damnificadas este fin de semana fue que logr\u00f3 abrir una mesa de di\u00e1logo con el gobierno de la ciudad a quien aportaron los nuevos datos del censo que tienen sobre las personas damnificadas y que dista mucho de las cifras que tiene el gobierno de la Ciudad de M\u00e9xico. A partir de este censo se har\u00e1n estudios estructurales, adem\u00e1s que seguir\u00e1n viendo ayuda para los pagos de renta y las demoliciones. De la Cueva dijo que la gran mayor\u00eda de las personas damnificadas sigue viviendo en campamentos y albergues, en casa de familiares y amigos, algunos han rentado alg\u00fan espacio, pero \u201cyo creo que m\u00e1s del 90% sigue fuera de sus hogares\u201d. SEM\/oa\/gr<br><\/p>\n","protected":false},"excerpt":{"rendered":"<p>La gran mayor\u00eda de las personas damnificadas sigue viviendo en campamentos y albergues Las autoridades no cuentan con un censo de personas afectadas. Olga Rosario Avenda\u00f1o SemM\u00e9xico. Ciudad de M\u00e9xico, 03 de febrero de 2018.- A cinco meses del sismo del 19 de septiembre los avances son pocos en la reconstrucci\u00f3n de las viviendas de [&hellip;]<\/p>\n","protected":false},"author":3,"featured_media":3416,"comment_status":"open","ping_status":"open","sticky":false,"template":"","format":"standard","meta":{"_monsterinsights_skip_tracking":false,"footnotes":""},"categories":[689,42],"tags":[],"class_list":["post-3412","post","type-post","status-publish","format-standard","has-post-thumbnail","category-689","category-sismos-y-reconstruccion"],"_links":{"self":[{"href":"https:\/\/redsemlac.com\/semmexico\/wp-json\/wp\/v2\/posts\/3412","targetHints":{"allow":["GET"]}}],"collection":[{"href":"https:\/\/redsemlac.com\/semmexico\/wp-json\/wp\/v2\/posts"}],"about":[{"href":"https:\/\/redsemlac.com\/semmexico\/wp-json\/wp\/v2\/types\/post"}],"author":[{"embeddable":true,"href":"https:\/\/redsemlac.com\/semmexico\/wp-json\/wp\/v2\/users\/3"}],"replies":[{"embeddable":true,"href":"https:\/\/redsemlac.com\/semmexico\/wp-json\/wp\/v2\/comments?post=3412"}],"version-history":[{"count":0,"href":"https:\/\/redsemlac.com\/semmexico\/wp-json\/wp\/v2\/posts\/3412\/revisions"}],"wp:featuredmedia":[{"embeddable":true,"href":"https:\/\/redsemlac.com\/semmexico\/wp-json\/wp\/v2\/media\/3416"}],"wp:attachment":[{"href":"https:\/\/redsemlac.com\/semmexico\/wp-json\/wp\/v2\/media?parent=3412"}],"wp:term":[{"taxonomy":"category","embeddable":true,"href":"https:\/\/redsemlac.com\/semmexico\/wp-json\/wp\/v2\/categories?post=3412"},{"taxonomy":"post_tag","embeddable":true,"href":"https:\/\/redsemlac.com\/semmexico\/wp-json\/wp\/v2\/tags?post=3412"}],"curies":[{"name":"wp","href":"https:\/\/api.w.org\/{rel}","templated":true}]}}