{"id":34089,"date":"2021-04-07T18:41:48","date_gmt":"2021-04-08T00:41:48","guid":{"rendered":"https:\/\/redsemlac.com\/semmexico\/?p=34089"},"modified":"2023-07-21T16:57:08","modified_gmt":"2023-07-21T21:57:08","slug":"la-batalla-legal-de-la-indigena-martha-lopez-para-ser-la-unica-candidata-mujer-en-chiapas","status":"publish","type":"post","link":"https:\/\/redsemlac.com\/semmexico\/la-batalla-legal-de-la-indigena-martha-lopez-para-ser-la-unica-candidata-mujer-en-chiapas\/","title":{"rendered":"La batalla legal de la ind\u00edgena Martha L\u00f3pez para ser la \u00fanica candidata mujer en Chiapas"},"content":{"rendered":"\n<ul class=\"wp-block-list\"><li><strong>L\u00f3pez S\u00e1ntiz fue v\u00edctima de violencia pol\u00edtica en raz\u00f3n de g\u00e9nero por parte del actual presidente municipal de San Juan Cancuc, quien no le asumir\u00eda el cargo de s\u00edndica por el hecho de ser mujer<\/strong><\/li><\/ul>\n\n\n\n<p class=\"wp-block-paragraph\"><strong>Isa\u00ed L\u00f3pez |\u00a0El Sol de M\u00e9xico<\/strong><\/p>\n\n\n\n<p class=\"wp-block-paragraph\">SemM\u00e9xico\/El Sol de M\u00e9xico. Tuxtla Guti\u00e9rrez. 07 de abril 2021.- &#8211; Martha L\u00f3pez S\u00e1ntiz, la mujer ind\u00edgena tseltal de San Juan Cancuc a quien le fue arrebatada la sindicatura tras las elecciones del 1 de julio del 2018, compite ahora por la presidencia municipal abanderada por el Partido Verde Ecologista de M\u00e9xico (PVEM) .<\/p>\n\n\n\n<p class=\"wp-block-paragraph\">L\u00f3pez S\u00e1ntiz fue v\u00edctima de violencia pol\u00edtica en raz\u00f3n de g\u00e9nero por parte del actual presidente municipal, Jos\u00e9 L\u00f3pez L\u00f3pez, quien no le aceptar\u00e1 el cargo de s\u00edndica por el hecho de ser mujer.<\/p>\n\n\n\n<p class=\"wp-block-paragraph\">El 2 de octubre de 2018, d\u00eda de la toma de posesi\u00f3n del cabildo de San Juan Cancuc, Martha L\u00f3pez fue agredida a golpes por un grupo de personas que no quer\u00edan que asumiera su cargo.<\/p>\n\n\n\n<p class=\"wp-block-paragraph\">En el proceso electoral local ordinario 2017-2018, Martha L\u00f3pez figur\u00f3 en la planilla para la sindicatura de San Juan Cancuc por el Partido Revolucionario Institucional (PRI).<\/p>\n\n\n\n<p class=\"wp-block-paragraph\">Sin embargo, la lucha legal de tres a\u00f1os ante los tribunales la libr\u00f3 sin el apoyo del partido del que tambi\u00e9n es militante el alcalde L\u00f3pez L\u00f3pez.<\/p>\n\n\n\n<p class=\"wp-block-paragraph\">La mujer recurri\u00f3 primero al Tribunal Electoral del Estado de Chiapas y luego a la sala Regional Xalapa del Tribunal Electoral del Poder Judicial de la Federaci\u00f3n, los cuales emitieron tres sentencias a su favor, sin embargo, ella no pudo asumir su cargo.&nbsp;En enero de este a\u00f1o, Martha L\u00f3pez S\u00e1ntiz dijo que recibi\u00f3 la oferta por parte del Ayuntamiento de San Juan Cancuc de recibir su salario \u00edntegro como s\u00edndica, pero ella respondi\u00f3 que no era su prop\u00f3sito el dinero sino que se cumpliera con las sentencias de las cortes y pudiera asumir su puesto.<\/p>\n\n\n\n<p class=\"wp-block-paragraph\">La ahora candidata del PVEM se\u00f1al\u00f3 que de ganar la elecci\u00f3n no piensa ejercer acciones de venganza, pues dice haber perdonado a todos los que impidieron que tomara posesi\u00f3n del cargo ya los que ejercieron violencia pol\u00edtica de g\u00e9nero en su contra y lament\u00f3 que no se hayan generado condiciones para que asumiera y desempe\u00f1ara el cargo de s\u00edndica que el pueblo le confiri\u00f3 en las urnas en los comicios del 2018.<\/p>\n\n\n\n<p class=\"wp-block-paragraph\">En el proceso electoral de ese a\u00f1o, al menos 30 mujeres de Chiapas renunciaron a los cargos a los que fueron electas, regidur\u00edas y diputaciones en su mayor\u00eda, para que hombres ocuparan su lugar, denunciaron varias organizaciones, incluyendo la Red Chiapas por la Paridad Efectiva (Reparar).<\/p>\n\n\n\n<p class=\"wp-block-paragraph\">Sin embargo, el esc\u00e1ndalo de las renuncias oblig\u00f3 al Instituto Electoral y de Participaci\u00f3n Ciudadana a emitir un comunicado en el que oblig\u00f3 a los partidos pol\u00edticos a sustituir a las funcionarias electas que renunciaron con mujeres.<\/p>\n\n\n\n<p class=\"wp-block-paragraph\">Repare acus\u00f3 que es pr\u00e1ctica com\u00fan en Chiapas que los partidos postulen mujeres para cubrir las cuotas de g\u00e9nero y que luego ellas renuncien para dejar que hombres asuman los cargos.<\/p>\n\n\n\n<p class=\"wp-block-paragraph\">Para los comicios del 6 de junio, Martha L\u00f3pez competir\u00e1 contra ocho candidatos: Juan Torres S\u00e1ntiz, por Chiapas Unido;&nbsp;Celina G\u00f3mez Guzm\u00e1n, de Nueva Alianza;&nbsp;Sebastiana Hern\u00e1ndez Mendoza, por el PAN;&nbsp;Nicol\u00e1s Melesio Cruz V\u00e1zquez, del PRD;&nbsp;Elena Hern\u00e1ndez Dom\u00ednguez, del PT;&nbsp;Antonia Dom\u00ednguez G\u00f3mez, del Partido Encuentro Solidario;&nbsp;Antonio Vel\u00e1zquez S\u00e1ntiz, de Morena;&nbsp;Manuel Aguilar L\u00f3pez, del PRI, y Juan L\u00f3pez Aguilar, de Redes Sociales Progresistas.<\/p>\n","protected":false},"excerpt":{"rendered":"<p>L\u00f3pez S\u00e1ntiz fue v\u00edctima de violencia pol\u00edtica en raz\u00f3n de g\u00e9nero por parte del actual presidente municipal de San Juan Cancuc, quien no le asumir\u00eda el cargo de s\u00edndica por el hecho de ser mujer<\/p>\n","protected":false},"author":3,"featured_media":34090,"comment_status":"open","ping_status":"open","sticky":false,"template":"","format":"standard","meta":{"_monsterinsights_skip_tracking":false,"footnotes":""},"categories":[692,141],"tags":[],"class_list":["post-34089","post","type-post","status-publish","format-standard","has-post-thumbnail","category-692","category-elecciones-2020-2021"],"_links":{"self":[{"href":"https:\/\/redsemlac.com\/semmexico\/wp-json\/wp\/v2\/posts\/34089","targetHints":{"allow":["GET"]}}],"collection":[{"href":"https:\/\/redsemlac.com\/semmexico\/wp-json\/wp\/v2\/posts"}],"about":[{"href":"https:\/\/redsemlac.com\/semmexico\/wp-json\/wp\/v2\/types\/post"}],"author":[{"embeddable":true,"href":"https:\/\/redsemlac.com\/semmexico\/wp-json\/wp\/v2\/users\/3"}],"replies":[{"embeddable":true,"href":"https:\/\/redsemlac.com\/semmexico\/wp-json\/wp\/v2\/comments?post=34089"}],"version-history":[{"count":0,"href":"https:\/\/redsemlac.com\/semmexico\/wp-json\/wp\/v2\/posts\/34089\/revisions"}],"wp:featuredmedia":[{"embeddable":true,"href":"https:\/\/redsemlac.com\/semmexico\/wp-json\/wp\/v2\/media\/34090"}],"wp:attachment":[{"href":"https:\/\/redsemlac.com\/semmexico\/wp-json\/wp\/v2\/media?parent=34089"}],"wp:term":[{"taxonomy":"category","embeddable":true,"href":"https:\/\/redsemlac.com\/semmexico\/wp-json\/wp\/v2\/categories?post=34089"},{"taxonomy":"post_tag","embeddable":true,"href":"https:\/\/redsemlac.com\/semmexico\/wp-json\/wp\/v2\/tags?post=34089"}],"curies":[{"name":"wp","href":"https:\/\/api.w.org\/{rel}","templated":true}]}}