{"id":34085,"date":"2021-04-07T17:24:24","date_gmt":"2021-04-07T23:24:24","guid":{"rendered":"https:\/\/redsemlac.com\/semmexico\/?p=34085"},"modified":"2023-07-21T16:57:08","modified_gmt":"2023-07-21T21:57:08","slug":"en-morelos-se-elevan-ataques-contra-comunidad-lgtbq","status":"publish","type":"post","link":"https:\/\/redsemlac.com\/semmexico\/en-morelos-se-elevan-ataques-contra-comunidad-lgtbq\/","title":{"rendered":"En Morelos se elevan ataques contra comunidad LGTBQ+"},"content":{"rendered":"\n<ul class=\"wp-block-list\"><li><strong>Suspenden &nbsp;por segundo a\u00f1o&nbsp; la Marcha de la Diversidad a consecuencia de la pandemia del covid-19.<\/strong><\/li><\/ul>\n\n\n\n<p class=\"wp-block-paragraph\"><strong>Estrella Pedroza<\/strong><\/p>\n\n\n\n<p class=\"wp-block-paragraph\">SemM\u00e9xico, Cuernavaca, Morelos, 7 de abril, 2021.- En Morelos se agudizan ataques contra la comunidad l\u00e9sbico- gay, en los primeros 3 meses de 2021 se han registrado seis &nbsp;cr\u00edmenes de odio, seg\u00fan&nbsp;han documentado colectivos LGTBIQ+.<\/p>\n\n\n\n<p class=\"wp-block-paragraph\">Isidro A\u00f1orve, activista e integrante del&nbsp;Comit\u00e9 Organizador&nbsp;de &nbsp;la Marcha por Diversidad Sexual, expres\u00f3 que entre la comunidad&nbsp;LGTBIQ+&nbsp;existe miedo debido a que los ataques contra este grupo poblacional &nbsp;van en aumento.&nbsp;<\/p>\n\n\n\n<p class=\"wp-block-paragraph\">De acuerdo a los registros del citado Comit\u00e9 los municipios con mayor n\u00famero de incidencias son Cuernavaca, Cuautla y Jiutepec.<\/p>\n\n\n\n<p class=\"wp-block-paragraph\">Incluso, destac\u00f3 que en menos de tres meses transcurridos&nbsp;en este a\u00f1o se han acumulado asesinatos de odio.&nbsp;\u00abTenemos 6 casos de personas trans asesinadas brutalmente\u00bb, dijo.&nbsp;<\/p>\n\n\n\n<p class=\"wp-block-paragraph\">Isidro A\u00f1orve, lament\u00f3 que la Fiscal\u00eda&nbsp;General Estatal (FGE) no de garant\u00eda del esclarecimiento de estos casos. \u201cHemos estado trabajando con ellos pero no hemos visto un resultado de las investigaciones de estos asesinatos\u00bb, dijo.&nbsp;<\/p>\n\n\n\n<p class=\"wp-block-paragraph\">Lo anterior,&nbsp; fue informado durante una conferencia de prensa, en donde se anunci\u00f3 que &nbsp;se suspende por segundo a\u00f1o consecutivo la Marcha de la Diversidad a consecuencia de la pandemia del covid-19.Fines de agosto, virtual<\/p>\n","protected":false},"excerpt":{"rendered":"<p>Suspenden  por segundo a\u00f1o  la Marcha de la Diversidad a consecuencia de la pandemia del covid-19.<\/p>\n","protected":false},"author":3,"featured_media":34086,"comment_status":"open","ping_status":"open","sticky":false,"template":"","format":"standard","meta":{"_monsterinsights_skip_tracking":false,"footnotes":""},"categories":[692,54],"tags":[],"class_list":["post-34085","post","type-post","status-publish","format-standard","has-post-thumbnail","category-692","category-mujeres"],"_links":{"self":[{"href":"https:\/\/redsemlac.com\/semmexico\/wp-json\/wp\/v2\/posts\/34085","targetHints":{"allow":["GET"]}}],"collection":[{"href":"https:\/\/redsemlac.com\/semmexico\/wp-json\/wp\/v2\/posts"}],"about":[{"href":"https:\/\/redsemlac.com\/semmexico\/wp-json\/wp\/v2\/types\/post"}],"author":[{"embeddable":true,"href":"https:\/\/redsemlac.com\/semmexico\/wp-json\/wp\/v2\/users\/3"}],"replies":[{"embeddable":true,"href":"https:\/\/redsemlac.com\/semmexico\/wp-json\/wp\/v2\/comments?post=34085"}],"version-history":[{"count":0,"href":"https:\/\/redsemlac.com\/semmexico\/wp-json\/wp\/v2\/posts\/34085\/revisions"}],"wp:featuredmedia":[{"embeddable":true,"href":"https:\/\/redsemlac.com\/semmexico\/wp-json\/wp\/v2\/media\/34086"}],"wp:attachment":[{"href":"https:\/\/redsemlac.com\/semmexico\/wp-json\/wp\/v2\/media?parent=34085"}],"wp:term":[{"taxonomy":"category","embeddable":true,"href":"https:\/\/redsemlac.com\/semmexico\/wp-json\/wp\/v2\/categories?post=34085"},{"taxonomy":"post_tag","embeddable":true,"href":"https:\/\/redsemlac.com\/semmexico\/wp-json\/wp\/v2\/tags?post=34085"}],"curies":[{"name":"wp","href":"https:\/\/api.w.org\/{rel}","templated":true}]}}