{"id":34072,"date":"2021-04-07T14:12:36","date_gmt":"2021-04-07T20:12:36","guid":{"rendered":"https:\/\/redsemlac.com\/semmexico\/?p=34072"},"modified":"2023-07-21T16:57:08","modified_gmt":"2023-07-21T21:57:08","slug":"amlo-conversa-con-kamala-harris-sobre-migracion-y-menores","status":"publish","type":"post","link":"https:\/\/redsemlac.com\/semmexico\/amlo-conversa-con-kamala-harris-sobre-migracion-y-menores\/","title":{"rendered":"AMLO conversa con Kamala Harris sobre migraci\u00f3n y menores"},"content":{"rendered":"\n<ul class=\"wp-block-list\"><li><strong>Grave confinamiento de familias en la frontera norte, crisis humanitaria<\/strong><\/li><\/ul>\n\n\n\n<p class=\"wp-block-paragraph\"><strong>Lizbeth \u00c1lvarez Mart\u00ednez<\/strong><\/p>\n\n\n\n<p class=\"wp-block-paragraph\">SemM\u00e9xico, Cd. de M\u00e9xico, 7 abril, 2021.- Sostuvieron esta ma\u00f1ana una conversaci\u00f3n telef\u00f3nica Kamala Devi Harris, vicepresidenta de EE.UU Harris, el presidente Andr\u00e9s Manuel L\u00f3pez Obrador y el secretario de Relaciones Exteriores, Marcelo Ebrard Casaub\u00f3n.<\/p>\n\n\n\n<p class=\"wp-block-paragraph\">El Ejecutivo Federal dijo que existe disposici\u00f3n del gobierno mexicano de sumar voluntades en el combate al tr\u00e1fico de personas y protecci\u00f3n de los derechos humanos de los migrantes, sobre todo, indic\u00f3, de menores.<\/p>\n\n\n\n<p class=\"wp-block-paragraph\">Ello, cuando todas las informaciones indican de grave confinamiento de migrantes en la frontera norte. Ni\u00f1os y ni\u00f1as sin sus familias, negativa a recibir solicitudes de visas humanitarias y de exilio pol\u00edtico.<\/p>\n\n\n\n<p class=\"wp-block-paragraph\">\u201cPlaticamos con Kamala Harris, vicepresidenta de EE.UU. y encargada de atender el asunto migratorio en Centroam\u00e9rica. Existe disposici\u00f3n de nuestra parte para sumar voluntades en el combate al tr\u00e1fico de personas y protecci\u00f3n de los derechos humanos, sobre todo de ni\u00f1as y ni\u00f1os\u201d, as\u00ed se observa el mensaje en la cuenta de Twitter del presidente L\u00f3pez Obrador.<\/p>\n\n\n\n<p class=\"wp-block-paragraph\">Cabe recordar, que tambi\u00e9n la pol\u00edtica y abogada estadounidense, es la encargada de liderar la misi\u00f3n de frenar la migraci\u00f3n irregular desde Centroam\u00e9rica y la coordinaci\u00f3n con El Salvador, Honduras y Guatemala para combatir los problemas de violencia y corrupci\u00f3n que provocan la huida de sus ciudadanos hacia el norte.<\/p>\n","protected":false},"excerpt":{"rendered":"<p>El Ejecutivo Federal dijo que existe disposici\u00f3n del gobierno mexicano de sumar voluntades en el combate al tr\u00e1fico de personas y protecci\u00f3n de los derechos humanos de los migrantes, sobre todo, indic\u00f3, de menores.<\/p>\n","protected":false},"author":3,"featured_media":34076,"comment_status":"open","ping_status":"open","sticky":false,"template":"","format":"standard","meta":{"_monsterinsights_skip_tracking":false,"footnotes":""},"categories":[692,51],"tags":[],"class_list":["post-34072","post","type-post","status-publish","format-standard","has-post-thumbnail","category-692","category-ejecutivo"],"_links":{"self":[{"href":"https:\/\/redsemlac.com\/semmexico\/wp-json\/wp\/v2\/posts\/34072","targetHints":{"allow":["GET"]}}],"collection":[{"href":"https:\/\/redsemlac.com\/semmexico\/wp-json\/wp\/v2\/posts"}],"about":[{"href":"https:\/\/redsemlac.com\/semmexico\/wp-json\/wp\/v2\/types\/post"}],"author":[{"embeddable":true,"href":"https:\/\/redsemlac.com\/semmexico\/wp-json\/wp\/v2\/users\/3"}],"replies":[{"embeddable":true,"href":"https:\/\/redsemlac.com\/semmexico\/wp-json\/wp\/v2\/comments?post=34072"}],"version-history":[{"count":0,"href":"https:\/\/redsemlac.com\/semmexico\/wp-json\/wp\/v2\/posts\/34072\/revisions"}],"wp:featuredmedia":[{"embeddable":true,"href":"https:\/\/redsemlac.com\/semmexico\/wp-json\/wp\/v2\/media\/34076"}],"wp:attachment":[{"href":"https:\/\/redsemlac.com\/semmexico\/wp-json\/wp\/v2\/media?parent=34072"}],"wp:term":[{"taxonomy":"category","embeddable":true,"href":"https:\/\/redsemlac.com\/semmexico\/wp-json\/wp\/v2\/categories?post=34072"},{"taxonomy":"post_tag","embeddable":true,"href":"https:\/\/redsemlac.com\/semmexico\/wp-json\/wp\/v2\/tags?post=34072"}],"curies":[{"name":"wp","href":"https:\/\/api.w.org\/{rel}","templated":true}]}}