{"id":34068,"date":"2021-04-07T12:02:59","date_gmt":"2021-04-07T18:02:59","guid":{"rendered":"https:\/\/redsemlac.com\/semmexico\/?p=34068"},"modified":"2023-07-21T16:57:08","modified_gmt":"2023-07-21T21:57:08","slug":"amlo-entrego-los-premios-al-merito-2021-solo-cuatro-mujeres-recibieron-el-reconocimiento","status":"publish","type":"post","link":"https:\/\/redsemlac.com\/semmexico\/amlo-entrego-los-premios-al-merito-2021-solo-cuatro-mujeres-recibieron-el-reconocimiento\/","title":{"rendered":"AMLO entreg\u00f3 los Premios al M\u00e9rito 2021, s\u00f3lo cuatro mujeres recibieron el reconocimiento"},"content":{"rendered":"\n<ul class=\"wp-block-list\"><li><strong>Reconocimiento con motivo del D\u00eda Mundial de la Salud<\/strong><\/li><\/ul>\n\n\n\n<p class=\"wp-block-paragraph\"><strong>Lizbeth \u00c1lvarez Mart\u00ednez<\/strong><\/p>\n\n\n\n<p class=\"wp-block-paragraph\">SemM\u00e9xico, Cd. de M\u00e9xico, 7 de abril, 2021.- En el D\u00eda Mundial de la Salud, el presidente&nbsp; Andr\u00e9s Manuel L\u00f3pez Obrador entreg\u00f3 este mi\u00e9rcoles en Palacio Nacional los premios al M\u00e9rito 2021, es la m\u00e1xima presea como reconocimiento al m\u00e9rito a quien haya contribuido con notables avances en las ciencias m\u00e9dicas.<\/p>\n\n\n\n<p class=\"wp-block-paragraph\">De acuerdo a la informaci\u00f3n proporcionada por parte de comunicaci\u00f3n social de presidencia, de las 12 personas premiadas s\u00f3lo cuatro fueron mujeres las que recibieron dicha menci\u00f3n.<\/p>\n\n\n\n<p class=\"wp-block-paragraph\">1.- La doctora Teresa Shamah Levy, Instituto Nacional de Salud P\u00fablica, recibi\u00f3 el premio \u00abDoctor Gerardo Varela\u00bb, es para personal profesional que labore en las dependencias y entidades del Sistema Nacional de Salud y se haya distinguido profesionalmente en el \u00e1rea de la salud p\u00fablica.<\/p>\n\n\n\n<p class=\"wp-block-paragraph\">2.- Cor. C.D. Ma. Dolores Dom\u00ednguez Rocha, Secretar\u00eda de la Defensa Nacional, Premio \u00abDoctora Margarita Chorn\u00e9 y Salazar\u00bb de Estomatolog\u00eda, reconoce a quien se haya distinguido en la actividad m\u00e9dica de odontolog\u00eda, por su contribuci\u00f3n especial a la salud bucal de la poblaci\u00f3n mexicana.<\/p>\n\n\n\n<p class=\"wp-block-paragraph\">3.- Tte. Cor. Enfermera Martha Karina Mart\u00ednez Espinoza, Secretar\u00eda de la Defensa Nacional, Premio \u00abEnfermera Refugio Esteves Reyes\u00bb, por haber prestado servicios profesionales destacados de enfermer\u00eda en zonas o circunstancias de conflicto o de desastre.<\/p>\n\n\n\n<p class=\"wp-block-paragraph\">4.- Auxiliar de Enfermer\u00eda Margarita Alvarado Gonz\u00e1lez, Secretar\u00eda de Salud de Hidalgo, Premio \u00abAuxiliar de Enfermer\u00eda Luc\u00eda Salcido\u00bb por excelente trayectoria y trascedente labor en su campo, Se otorga a quien sobresale profesionalmente por sus m\u00e9ritos en favor de la salud de pueblo mexicano, por contribuci\u00f3n relevante en las dependencias y entidades como auxiliar de enfermer\u00eda.<\/p>\n\n\n\n<p class=\"wp-block-paragraph\">En total fueron entregados 12 premios a diferentes m\u00e9dicos y enfermeras que destacaron en distintos campos, a cuya convocatoria se recibieron &nbsp;un total de 250 postulaciones.<\/p>\n\n\n\n<p class=\"wp-block-paragraph\">En su turno de exposici\u00f3n, Jos\u00e9 Ignacio Santos Preciado, secretario del Consejo de Salubridad General apunt\u00f3 que estos m\u00e9dicos y enfermeras que recibieron los premios \u201chan contribuido a un mundo m\u00e1s justo, m\u00e1s saludable.<\/p>\n","protected":false},"excerpt":{"rendered":"<p>Reconocimiento con motivo del D\u00eda Mundial de la Salud<\/p>\n","protected":false},"author":3,"featured_media":34069,"comment_status":"open","ping_status":"open","sticky":false,"template":"","format":"standard","meta":{"_monsterinsights_skip_tracking":false,"footnotes":""},"categories":[692,51],"tags":[],"class_list":["post-34068","post","type-post","status-publish","format-standard","has-post-thumbnail","category-692","category-ejecutivo"],"_links":{"self":[{"href":"https:\/\/redsemlac.com\/semmexico\/wp-json\/wp\/v2\/posts\/34068","targetHints":{"allow":["GET"]}}],"collection":[{"href":"https:\/\/redsemlac.com\/semmexico\/wp-json\/wp\/v2\/posts"}],"about":[{"href":"https:\/\/redsemlac.com\/semmexico\/wp-json\/wp\/v2\/types\/post"}],"author":[{"embeddable":true,"href":"https:\/\/redsemlac.com\/semmexico\/wp-json\/wp\/v2\/users\/3"}],"replies":[{"embeddable":true,"href":"https:\/\/redsemlac.com\/semmexico\/wp-json\/wp\/v2\/comments?post=34068"}],"version-history":[{"count":0,"href":"https:\/\/redsemlac.com\/semmexico\/wp-json\/wp\/v2\/posts\/34068\/revisions"}],"wp:featuredmedia":[{"embeddable":true,"href":"https:\/\/redsemlac.com\/semmexico\/wp-json\/wp\/v2\/media\/34069"}],"wp:attachment":[{"href":"https:\/\/redsemlac.com\/semmexico\/wp-json\/wp\/v2\/media?parent=34068"}],"wp:term":[{"taxonomy":"category","embeddable":true,"href":"https:\/\/redsemlac.com\/semmexico\/wp-json\/wp\/v2\/categories?post=34068"},{"taxonomy":"post_tag","embeddable":true,"href":"https:\/\/redsemlac.com\/semmexico\/wp-json\/wp\/v2\/tags?post=34068"}],"curies":[{"name":"wp","href":"https:\/\/api.w.org\/{rel}","templated":true}]}}