{"id":34058,"date":"2021-04-07T10:26:10","date_gmt":"2021-04-07T16:26:10","guid":{"rendered":"https:\/\/redsemlac.com\/semmexico\/?p=34058"},"modified":"2023-07-21T16:57:09","modified_gmt":"2023-07-21T21:57:09","slug":"comentario-a-tiempo-la-solidaridad-con-adriana-tavira","status":"publish","type":"post","link":"https:\/\/redsemlac.com\/semmexico\/comentario-a-tiempo-la-solidaridad-con-adriana-tavira\/","title":{"rendered":"Comentario a Tiempo: La Solidaridad con Adriana Tavira"},"content":{"rendered":"\n<p class=\"wp-block-paragraph\"><strong>Por Teodoro Renter\u00eda Arr\u00f3yave<\/strong>*<\/p>\n\n\n\n<p class=\"wp-block-paragraph\">SemM\u00e9xico\/ipuntocom. 07 de abril 2021.- Cuando estamos conscientes y m\u00e1s que afligidos que el COVID-19 ha golpeado y golpea al gremio period\u00edstico porque sus integrantes no se arredran y siguen exponiendo la vida en aras de cumplir con su deber, ante el contagio de nuestra muy querida y respetada licenciada Adriana Tavira Garc\u00eda, directora del \u201cDiario Impulso\u201d del Estado de M\u00e9xico, acertamos a decir que la colega es una guerrera y por tanto est\u00e1 en la lucha por su vida.<\/p>\n\n\n\n<p class=\"wp-block-paragraph\">En su columna \u201cEl Tintero de las Musas\u201d de la tambi\u00e9n querida Gilda Monta\u00f1o Humphrey, que titul\u00f3: \u201cMi amiga Adriana Tavira\u201d, publicada en la v\u00edspera en el diario El Sol de Toluca, nos relata lo siguiente:<\/p>\n\n\n\n<p class=\"wp-block-paragraph\">Pues como siempre, me sucedi\u00f3 por pura Serendipia. Me habl\u00f3 mi hijo muy temprano, para pedirme que como yo pudiera, ayudara a que nuestra muy querida Adriana Tavira, ingresara a un hospital, porque no pod\u00eda ya respirar bien. En ese momento, lo \u00fanico que se me ocurri\u00f3 fue escribirle a mi colectivo \u201c50+1\u201d (que ayer cumpli\u00f3 dos a\u00f1os), para pedirle su apoyo.<\/p>\n\n\n\n<p class=\"wp-block-paragraph\">Le escrib\u00ed a Martha Hilda -Gonz\u00e1lez Calder\u00f3n secretaria del Trabajo-. Y su respuesta fue muy r\u00e1pida, y luego eficaz. \u201cMi oficina est\u00e1 a sus \u00f3rdenes, para ver a d\u00f3nde la podemos llevar\u201d, dijo. Me acord\u00e9 de la espl\u00e9ndida de Lul\u00fa, su secretaria privada. A ella le habl\u00e9 luego. Le ped\u00ed su apoyo. Antes de avisarle a Martha Hilda siquiera. Ella siempre resuelve todo, pens\u00e9. Al fin luego su jefa le instruye.<\/p>\n\n\n\n<p class=\"wp-block-paragraph\">En ese inter, me escribieron Ana Lilia Herrera, la presidenta del Colectivo que les mencion\u00e9 arriba, el \u201c50+1\u201d y Carolina Alan\u00eds. Me estaban brindando todo su apoyo en este momento tan dif\u00edcil, en el que yo no sab\u00eda ni qu\u00e9 hacer.<\/p>\n\n\n\n<p class=\"wp-block-paragraph\">Le escrib\u00ed al doctor S\u00e1nchez Guadarrama, quien es el subdirector de urgencias por la tarde del hospital Adolfo L\u00f3pez Mateos, que, dicho sea de paso, es el mejor de la zona de este Estado y sus alrededores. Me dijo que la canaliciar\u00edan con el doctor Faleolo, que estaba en ese momento, en la ma\u00f1ana.<\/p>\n\n\n\n<p class=\"wp-block-paragraph\">Le llam\u00e9 tambi\u00e9n a Fernando C\u00e9sar, jefe de Asesores del secretario -de Salud-, Gabriel J. O\u2019 Shea. Siempre es muy amable. Y si hubiera tenido algo atorado, \u00e9l lo hubiera compuesto de nuevo. Yo lo s\u00e9.<\/p>\n\n\n\n<p class=\"wp-block-paragraph\">Y, as\u00ed las cosas, Lul\u00fa, la secretaria de Martha Hilda, ya se hab\u00eda movilizado para que pudieran ingresar a Adriana al L\u00f3pez Mateos. Habl\u00f3 con la doctora Yolanda Miranda que, en ese momento, estaba al frente del hospital.<\/p>\n\n\n\n<p class=\"wp-block-paragraph\">Tambi\u00e9n habl\u00f3 con Emilio Varela -pareja de Adriana-, todo el tiempo, para informarle de c\u00f3mo y con qui\u00e9n ir. El ya hab\u00eda hablado con ella, que fue su compa\u00f1era cuando la secretaria fue presidenta municipal de Toluca. Y todo esto se resolvi\u00f3 en media hora.<\/p>\n\n\n\n<p class=\"wp-block-paragraph\">Me apoy\u00e9 tambi\u00e9n en mi adorado Teodoro Renter\u00eda quien me solicit\u00f3 todos los datos de Adriana: su n\u00famero de afiliaci\u00f3n y el hospital en donde estar\u00eda, para hablarle al director.<\/p>\n\n\n\n<p class=\"wp-block-paragraph\">Ella tiene m\u00e1s de treinta a\u00f1os trabajando para diferentes medios, y ninguno la afili\u00f3 al IMSS -como ocurre y lo hemos denunciado con m\u00e1s del 95 por ciento de los periodistas a los que no se les otorga la seguridad social no obstante que es un derecho consagrado en nuestras leyes-. Sigue Gilda: \u201c\u00a1Y es directora de un diario, qu\u00e9 ser\u00e1 de los dem\u00e1s compa\u00f1eros periodistas! ((\u00a1Y yo recuerdo cuando pude afiliar a todos los voceadores de mi Estado!)).<\/p>\n\n\n\n<p class=\"wp-block-paragraph\">En este momento, gracias a Dios, ya Adriana estaba ingresada en el hospital, que es maravilloso. S\u00e9 que all\u00ed, la van a echar para adelante. Yo conozco el lugar. Y conf\u00edo ciegamente en \u00e9l y en quienes lo dirigen y lo han dirigido. Es de excelencia\u201d.<\/p>\n\n\n\n<p class=\"wp-block-paragraph\">El colega-amigo licenciado Alejandro \u00c1lvarez Manilla director general adjunto de Relaciones Interinstitucionales del Diario 24 Horas, nos ayud\u00f3 con los contactos federales. Esa es la solidaridad del gremio organizado.<\/p>\n\n\n\n<p class=\"wp-block-paragraph\">Todos confiamos en el pronto restablecimiento de la gran amiga y colega a pesar del cuadro que presenta, insistimos, Adriana Tavira, es una guerrera, siempre lo ha sido, ahora est\u00e1 en la lucha por su propia vida. El gremio est\u00e1 con ella, la sociedad mexiquense que la reconoce y los amigos y familiares que la quieren. Repetimos constantemente: \u00a1Ojala\u201d.<\/p>\n\n\n\n<ul class=\"wp-block-list\"><li><em>Periodista y escritor; Presidente del Colegio Nacional de Licenciados en Periodismo, CONALIPE; Secretario de Desarrollo Social de la Federaci\u00f3n Latinoamericana de Periodistas, FELAP; Presidente fundador y vitalicio honorario de la Federaci\u00f3n de Asociaciones de Periodistas Mexicanos, FAPERMEX, miembro del Consejo Consultivo permanente del Club Primera Plana, Doctor Honoris Causa por la Universidad Internacional y Acad\u00e9mico de N\u00famero de la Academia Nacional de Historia y Geograf\u00eda, ANHG. Agradecer\u00e9 sus comentarios y cr\u00edticas en teodororenteriaa@gmail.com Nos escuchamos en las frecuencias en toda la Rep\u00fablica de Libertas Radio. Le invitamos a visitar: www.felap.info, www.ciap-felap.org, www.fapermex.org, y www.clubprimeraplana.org, y el portal IRRADIA NOTICIAS.<\/em><\/li><\/ul>\n","protected":false},"excerpt":{"rendered":"<p> Cuando estamos conscientes y m\u00e1s que afligidos que el COVID-19 ha golpeado y golpea al gremio period\u00edstico porque sus integrantes no se arredran y siguen exponiendo la vida en aras de cumplir con su deber<\/p>\n","protected":false},"author":3,"featured_media":34059,"comment_status":"open","ping_status":"open","sticky":false,"template":"","format":"standard","meta":{"_monsterinsights_skip_tracking":false,"footnotes":""},"categories":[692,110,35],"tags":[],"class_list":["post-34058","post","type-post","status-publish","format-standard","has-post-thumbnail","category-692","category-la-opinion-columnas","category-opinion"],"_links":{"self":[{"href":"https:\/\/redsemlac.com\/semmexico\/wp-json\/wp\/v2\/posts\/34058","targetHints":{"allow":["GET"]}}],"collection":[{"href":"https:\/\/redsemlac.com\/semmexico\/wp-json\/wp\/v2\/posts"}],"about":[{"href":"https:\/\/redsemlac.com\/semmexico\/wp-json\/wp\/v2\/types\/post"}],"author":[{"embeddable":true,"href":"https:\/\/redsemlac.com\/semmexico\/wp-json\/wp\/v2\/users\/3"}],"replies":[{"embeddable":true,"href":"https:\/\/redsemlac.com\/semmexico\/wp-json\/wp\/v2\/comments?post=34058"}],"version-history":[{"count":0,"href":"https:\/\/redsemlac.com\/semmexico\/wp-json\/wp\/v2\/posts\/34058\/revisions"}],"wp:featuredmedia":[{"embeddable":true,"href":"https:\/\/redsemlac.com\/semmexico\/wp-json\/wp\/v2\/media\/34059"}],"wp:attachment":[{"href":"https:\/\/redsemlac.com\/semmexico\/wp-json\/wp\/v2\/media?parent=34058"}],"wp:term":[{"taxonomy":"category","embeddable":true,"href":"https:\/\/redsemlac.com\/semmexico\/wp-json\/wp\/v2\/categories?post=34058"},{"taxonomy":"post_tag","embeddable":true,"href":"https:\/\/redsemlac.com\/semmexico\/wp-json\/wp\/v2\/tags?post=34058"}],"curies":[{"name":"wp","href":"https:\/\/api.w.org\/{rel}","templated":true}]}}