{"id":34049,"date":"2021-04-07T09:54:22","date_gmt":"2021-04-07T15:54:22","guid":{"rendered":"https:\/\/redsemlac.com\/semmexico\/?p=34049"},"modified":"2023-07-21T16:57:09","modified_gmt":"2023-07-21T21:57:09","slug":"cuba-maternidades-y-paternidades-entre-cambios","status":"publish","type":"post","link":"https:\/\/redsemlac.com\/semmexico\/cuba-maternidades-y-paternidades-entre-cambios\/","title":{"rendered":"Cuba: Maternidades y paternidades entre cambios"},"content":{"rendered":"\n<p class=\"wp-block-paragraph\"><strong>Redacci\u00f3n<\/strong><\/p>\n\n\n\n<p class=\"wp-block-paragraph\">SemM\u00e9xico\/ SEMlac. La Habana, Cuba. 07 de abril 2021.- &nbsp;Ni\u00f1os que ya no son sumisos frente a sus padres y conocen y defienden sus derechos; padres que ya no son el paradigma del conocimiento y la sabidur\u00eda ante esa descendencia, que domina mejor las tecnolog\u00edas y familias que, sin convivir bajo el mismo techo, mantienen el v\u00ednculo son solo algunos de los cambios presentes hoy en la sociedad y que tienen un impacto en el ejercicio de las paternidades y maternidades.<\/p>\n\n\n\n<p class=\"wp-block-paragraph\">De acuerdo con la doctora en Ciencias Sicol\u00f3gicas Patricia Ar\u00e9s Muzio, estudios nacionales y for\u00e1neos se\u00f1alan que las transformaciones en la parentalidad est\u00e1n marcadas por los cambios acelerados en el contexto social, las familias y tambi\u00e9n en la infancia, adolescencia y juventud. Ello significa que se ha transformado ese \u00abcomplejo sistema relacional de pr\u00e1cticas y de modos subjetivos a trav\u00e9s del cual los seres humanos cr\u00edan a sus hijos\u00bb, dijo.<\/p>\n\n\n\n<p class=\"wp-block-paragraph\">Sobre este tema profundiz\u00f3 la especialista durante una conferencia ofrecida como parte de la octava Jornada Maternidad y Paternidad, Iguales en Derechos y Responsabilidades, transmitida a trav\u00e9s de las redes sociales del Centro Nacional de Educaci\u00f3n Sexual (Cenesex).<\/p>\n\n\n\n<p class=\"wp-block-paragraph\">Para la sic\u00f3loga, el desarrollo tecnol\u00f3gico y la interconexi\u00f3n global inciden en las percepciones de los individuos y suman elementos culturales y discursivos a la formaci\u00f3n de las nuevas generaciones, que salen del \u00e1mbito de influencia de la familia y la escuela.<\/p>\n\n\n\n<p class=\"wp-block-paragraph\">Un ejemplo de ello lo coloc\u00f3 la experta en la p\u00e9rdida de la inocencia infantil, pues \u00ablos ni\u00f1os se ponen en contacto con el sexo, la violencia y la muerte desde tempranas edades y est\u00e1n m\u00e1s expuestos a diversas fuentes de informaci\u00f3n, mediante los medios tecnol\u00f3gicos\u00bb.<\/p>\n\n\n\n<p class=\"wp-block-paragraph\">A la par, la diversidad en la composici\u00f3n del n\u00facleo familiar hace que los referentes de maternidad y paternidad adquiridos por generaciones no sean funcionales en muchos casos. A su juicio, ello tiene una arista positiva, porque \u00abel derrumbamiento de la autoridad patriarcal conduce a novedosas formas de relaci\u00f3n parental, afianzadas en una cultura que aboga por el respeto, la justicia y la equidad\u00bb.<\/p>\n\n\n\n<p class=\"wp-block-paragraph\">Sin embargo, apunt\u00f3 la doctora Ar\u00e9s Muzio, se dan otros fen\u00f3menos como la aplicaci\u00f3n de m\u00e1s de un sistema familiar, que genera conflictos por corrimientos de roles, de jerarqu\u00edas, invasi\u00f3n de espacios y dificultades para llegar a acuerdos consensuados. Todos estos elementos derivan en diversas pautas de crianza, con m\u00e1s tendencia a la inconsistencia y a la tolerancia, precis\u00f3.<\/p>\n\n\n\n<p class=\"wp-block-paragraph\">\u00abEn la familia cubana, m\u00e1s que hablar de madre y padre biol\u00f3gicos, existen sistemas parentales de crianza con presencia de los abuelos, sobre todo de la abuela materna\u00bb, explic\u00f3 la experta, quien a\u00f1ade que no todas las figuras de autoridad conviven con los hijos.<\/p>\n\n\n\n<p class=\"wp-block-paragraph\">Esto impone una nueva modalidad de padres a distancia, una realidad que ata\u00f1e al 50 por ciento de las familias cubanas, donde los padres biol\u00f3gicos no est\u00e1n presentes f\u00edsicamente en la unidad de convivencia, agreg\u00f3.<\/p>\n\n\n\n<p class=\"wp-block-paragraph\">Las madres de la naci\u00f3n caribe\u00f1a, y mujeres en general, contin\u00faan como las principales responsables de la crianza, un tema de profundas ra\u00edces culturales que genera incluso \u00abresistencias de muchas mujeres a ceder espacio al hombre en la crianza y, concomitantemente, la dificultad de muchos hombres de crearse un espacio claro para el ejercicio de una nueva paternidad\u00bb, dijo la sic\u00f3loga.<\/p>\n\n\n\n<p class=\"wp-block-paragraph\">As\u00ed lo reflejaba la Encuesta Nacional sobre Igualdad de G\u00e9nero del 2016, donde si bien se mostraba una ligera evoluci\u00f3n en cuanto a las consideraciones de si hombres y mujeres estaban en igualdad de condiciones para cuidar de los hijos, los resultados demostraron que todav\u00eda prevalec\u00eda la participaci\u00f3n femenina en los cuidados, con 25,78 por ciento, mientras los hombres exhib\u00edan 12,26 por ciento; con las mayores brechas en el apoyo escolar.<\/p>\n\n\n\n<p class=\"wp-block-paragraph\">Seg\u00fan la doctora Ar\u00e9s Muzio, estamos ante padres y madres que comparten sus funciones con muchas otras responsabilidades y, pese a las exigencias que imponen esos cambios en el entorno social, se quedan sin tiempo para las demandas de las nuevas paternidades y maternidades; de ah\u00ed que tengan que asumir renuncias que no tuvieron que hacer las generaciones anteriores.<\/p>\n\n\n\n<p class=\"wp-block-paragraph\">En este sentido, mencion\u00f3 el dejar de aspirar a ser perfectos y reconocer que no todo est\u00e1 bajo su control; tambi\u00e9n renunciar a la omnipotencia de creerse la ley para los hijos; y olvidar la pretensi\u00f3n de impedir que sufran o pasen trabajo. En relaci\u00f3n con ese \u00faltimo elemento, refiri\u00f3 que es un deseo que termina siendo negativo, pues \u00abaprender a tener tolerancia a las frustraciones es parte de la vida\u00bb, adem\u00e1s de la necesidad de criar a seres humanos aut\u00f3nomos y responsables.<\/p>\n\n\n\n<p class=\"wp-block-paragraph\">\u00abUna buena crianza, precis\u00f3 la especialista, necesita acunar, hablar, abrazar, tranquilizar, contener, validar y poner l\u00edmites adecuados\u00bb.<\/p>\n\n\n\n<p class=\"wp-block-paragraph\">Al respecto, refiri\u00f3 que son necesarios para que el ni\u00f1o se sienta seguro y amado; definen los derechos y deberes, y le brindan la oportunidad de discernir entre lo correcto y lo incorrecto.<\/p>\n\n\n\n<p class=\"wp-block-paragraph\">\u00abEl desaf\u00edo es encontrar estilos parentales no tolerantes, ni inconsistentes, ni autoritarios, ni excesivamente protectores, ni negligentes. L\u00edmites ni r\u00edgidos ni difusos; l\u00edmites firmes, consistentes\u00bb, acot\u00f3.<\/p>\n\n\n\n<p class=\"wp-block-paragraph\">Enfatiz\u00f3 en la importancia del aprendizaje a trav\u00e9s del reforzamiento de las buenas conductas y de no acudir al castigo f\u00edsico, que puede tener consecuencias sicol\u00f3gicas a largo plazo en el desarrollo sano de la personalidad.<\/p>\n\n\n\n<p class=\"wp-block-paragraph\">Los cambios demandan m\u00e1s que nunca de confianza y respeto en las relaciones con los hijos, insisti\u00f3, as\u00ed como de autoridad moral, a partir de ser un modelo o ejemplo de conducta a imitar. \u00abHay que dedicarles tiempo, crear espacios para estar juntos, preservar rituales familiares, celebraciones; que les quede claro que est\u00e1n en el n\u00famero uno de nuestras prioridades y siempre estamos disponibles emocionalmente para at<\/p>\n","protected":false},"excerpt":{"rendered":"<p>Ni\u00f1os que ya no son sumisos frente a sus padres y conocen y defienden sus derechos<\/p>\n","protected":false},"author":3,"featured_media":34050,"comment_status":"open","ping_status":"open","sticky":false,"template":"","format":"standard","meta":{"_monsterinsights_skip_tracking":false,"footnotes":""},"categories":[692,53],"tags":[],"class_list":["post-34049","post","type-post","status-publish","format-standard","has-post-thumbnail","category-692","category-internacional"],"_links":{"self":[{"href":"https:\/\/redsemlac.com\/semmexico\/wp-json\/wp\/v2\/posts\/34049","targetHints":{"allow":["GET"]}}],"collection":[{"href":"https:\/\/redsemlac.com\/semmexico\/wp-json\/wp\/v2\/posts"}],"about":[{"href":"https:\/\/redsemlac.com\/semmexico\/wp-json\/wp\/v2\/types\/post"}],"author":[{"embeddable":true,"href":"https:\/\/redsemlac.com\/semmexico\/wp-json\/wp\/v2\/users\/3"}],"replies":[{"embeddable":true,"href":"https:\/\/redsemlac.com\/semmexico\/wp-json\/wp\/v2\/comments?post=34049"}],"version-history":[{"count":0,"href":"https:\/\/redsemlac.com\/semmexico\/wp-json\/wp\/v2\/posts\/34049\/revisions"}],"wp:featuredmedia":[{"embeddable":true,"href":"https:\/\/redsemlac.com\/semmexico\/wp-json\/wp\/v2\/media\/34050"}],"wp:attachment":[{"href":"https:\/\/redsemlac.com\/semmexico\/wp-json\/wp\/v2\/media?parent=34049"}],"wp:term":[{"taxonomy":"category","embeddable":true,"href":"https:\/\/redsemlac.com\/semmexico\/wp-json\/wp\/v2\/categories?post=34049"},{"taxonomy":"post_tag","embeddable":true,"href":"https:\/\/redsemlac.com\/semmexico\/wp-json\/wp\/v2\/tags?post=34049"}],"curies":[{"name":"wp","href":"https:\/\/api.w.org\/{rel}","templated":true}]}}