{"id":34043,"date":"2021-04-06T16:01:11","date_gmt":"2021-04-06T22:01:11","guid":{"rendered":"https:\/\/redsemlac.com\/semmexico\/?p=34043"},"modified":"2023-07-21T16:57:09","modified_gmt":"2023-07-21T21:57:09","slug":"se-abrio-una-carpeta-de-investigacion-y-estan-buscando-a-la-mujer-agredida-en-coapa-leticia-ramirez","status":"publish","type":"post","link":"https:\/\/redsemlac.com\/semmexico\/se-abrio-una-carpeta-de-investigacion-y-estan-buscando-a-la-mujer-agredida-en-coapa-leticia-ramirez\/","title":{"rendered":"Se abri\u00f3 una carpeta de investigaci\u00f3n y est\u00e1n buscando a la mujer agredida en Coapa: Leticia Ram\u00edrez"},"content":{"rendered":"\n<p class=\"wp-block-paragraph\"><strong>Por: Lizbeth \u00c1lvarez Mart\u00ednez<\/strong><\/p>\n\n\n\n<p class=\"wp-block-paragraph\">SemM\u00e9xico. Cd. de M\u00e9xico. 06 de abril 2021.- Por la ma\u00f1ana de este martes desde Palacio Nacional, la directora general de Atenci\u00f3n Ciudadana, Leticia Ram\u00edrez Amaya, fue informada del video que circula a trav\u00e9s de las redes sociales sobre la brutal agresi\u00f3n que recibe una mujer por parte de un hombre en calles de Coapa, ubicada en la alcald\u00eda Coyoac\u00e1n.<\/p>\n\n\n\n<p class=\"wp-block-paragraph\">De inmediato la funcionaria solicit\u00f3 a trav\u00e9s de un mensaje de texto la intervenci\u00f3n de la Fiscal General de Justicia de la Ciudad de M\u00e9xico, Ernestina Godoy Ramos.<\/p>\n\n\n\n<p class=\"wp-block-paragraph\">Sobre el caso, las c\u00e1maras de seguridad de la Ciudad de M\u00e9xico captaron el momento en el que un hombre agredi\u00f3 brutalmente a una mujer en calles de Coapa a quien se lleva por la fuerza a bordo de un veh\u00edculo.<\/p>\n\n\n\n<p class=\"wp-block-paragraph\">En el video difundido a trav\u00e9s de las redes sociales se puede observar el momento en el que un hombre a bordo de un veh\u00edculo negro, abre la puerta del copiloto y arroja a una mujer al pavimento sobre Calzada de las Bombas, en Coapa, ubicada en la alcald\u00eda Coyoac\u00e1n.<\/p>\n\n\n\n<p class=\"wp-block-paragraph\">Tras varios segundos, el hombre baja del veh\u00edculo y se dirige a la mujer para asfixiarla por varios minutos; en otro video se puede ver a la mujer desorientada cuando se le acerca el sujeto, la jala del cabello y la tira al piso para despu\u00e9s subirla de nuevo al veh\u00edculo negro que estaba estacionado sobre la avenida.<\/p>\n\n\n\n<p class=\"wp-block-paragraph\">Los hechos ocurrieron la madrugada del domingo 4 de abril y de acuerdo a informaci\u00f3n preliminar, los vecinos presenciaron la agresi\u00f3n contra la mujer y llamaron a las autoridades, mientras que uno de ellos intent\u00f3 salir de su hogar para detener la agresi\u00f3n, sin embargo el sujeto se dio a la fuga con la mujer a bordo del veh\u00edculo.<\/p>\n\n\n\n<h2 class=\"wp-block-heading\"><strong>La Fiscal\u00eda CDMX abri\u00f3 una carpeta de investigaci\u00f3n<\/strong><\/h2>\n\n\n\n<p class=\"wp-block-paragraph\">Hasta el momento el agresor y la v\u00edctima no han sido identificados, aunque se espera que en los pr\u00f3ximos d\u00edas se d\u00e9 a conocer m\u00e1s informaci\u00f3n respecto al caso.<\/p>\n\n\n\n<p class=\"wp-block-paragraph\">Debido a esto, a trav\u00e9s de redes sociales se pidi\u00f3 compartir el video y en caso de identificar al agresor o a la mujer, denunciarlo al 911 o a la Fiscal\u00eda General de Justicia (FGJ) de la CDMX.<\/p>\n\n\n\n<figure class=\"wp-block-embed is-type-video is-provider-youtube wp-block-embed-youtube wp-embed-aspect-16-9 wp-has-aspect-ratio\"><div class=\"wp-block-embed__wrapper\">\n<iframe loading=\"lazy\" title=\"Hombre  golpea e intenta estrangular a mujer en Coyoac\u00e1n\" width=\"696\" height=\"392\" src=\"https:\/\/www.youtube.com\/embed\/78R3etn6Odo?feature=oembed\" frameborder=\"0\" allow=\"accelerometer; autoplay; clipboard-write; encrypted-media; gyroscope; picture-in-picture; web-share\" referrerpolicy=\"strict-origin-when-cross-origin\" allowfullscreen><\/iframe>\n<\/div><\/figure>\n","protected":false},"excerpt":{"rendered":"<p>Por la ma\u00f1ana de este martes desde Palacio Nacional, la directora general de Atenci\u00f3n Ciudadana, Leticia Ram\u00edrez Amaya, fue informada del video que circula a trav\u00e9s de las redes sociales sobre la brutal agresi\u00f3n que recibe una mujer por parte de un hombre en calles de Coapa<\/p>\n","protected":false},"author":3,"featured_media":34044,"comment_status":"open","ping_status":"open","sticky":false,"template":"","format":"standard","meta":{"_monsterinsights_skip_tracking":false,"footnotes":""},"categories":[692,51],"tags":[],"class_list":["post-34043","post","type-post","status-publish","format-standard","has-post-thumbnail","category-692","category-ejecutivo"],"_links":{"self":[{"href":"https:\/\/redsemlac.com\/semmexico\/wp-json\/wp\/v2\/posts\/34043","targetHints":{"allow":["GET"]}}],"collection":[{"href":"https:\/\/redsemlac.com\/semmexico\/wp-json\/wp\/v2\/posts"}],"about":[{"href":"https:\/\/redsemlac.com\/semmexico\/wp-json\/wp\/v2\/types\/post"}],"author":[{"embeddable":true,"href":"https:\/\/redsemlac.com\/semmexico\/wp-json\/wp\/v2\/users\/3"}],"replies":[{"embeddable":true,"href":"https:\/\/redsemlac.com\/semmexico\/wp-json\/wp\/v2\/comments?post=34043"}],"version-history":[{"count":0,"href":"https:\/\/redsemlac.com\/semmexico\/wp-json\/wp\/v2\/posts\/34043\/revisions"}],"wp:featuredmedia":[{"embeddable":true,"href":"https:\/\/redsemlac.com\/semmexico\/wp-json\/wp\/v2\/media\/34044"}],"wp:attachment":[{"href":"https:\/\/redsemlac.com\/semmexico\/wp-json\/wp\/v2\/media?parent=34043"}],"wp:term":[{"taxonomy":"category","embeddable":true,"href":"https:\/\/redsemlac.com\/semmexico\/wp-json\/wp\/v2\/categories?post=34043"},{"taxonomy":"post_tag","embeddable":true,"href":"https:\/\/redsemlac.com\/semmexico\/wp-json\/wp\/v2\/tags?post=34043"}],"curies":[{"name":"wp","href":"https:\/\/api.w.org\/{rel}","templated":true}]}}