{"id":3404,"date":"2019-03-20T18:22:11","date_gmt":"2019-03-20T18:22:11","guid":{"rendered":"https:\/\/redsemlac.com\/semmexico\/?p=3404"},"modified":"2023-07-21T14:47:46","modified_gmt":"2023-07-21T19:47:46","slug":"entre-las-premiadas-destaca-la-feminista-y-academica-erika-lili-diaz-cruz","status":"publish","type":"post","link":"https:\/\/redsemlac.com\/semmexico\/entre-las-premiadas-destaca-la-feminista-y-academica-erika-lili-diaz-cruz\/","title":{"rendered":"Entre las premiadas destaca la feminista y acad\u00e9mica Erika Lil\u00ed D\u00edaz Cruz."},"content":{"rendered":"\n<p class=\"wp-block-paragraph\"><a href=\"https:\/\/www.semmexico.com\/gallery-post.php?id=7627#\">Redacci\u00f3n<\/a><\/p>\n\n\n\n<p class=\"wp-block-paragraph\">SemM\u00e9xico, Oaxaca, 20 marzo 2019.- &nbsp;La diputada local Elim Antonio Aquino entreg\u00f3 a mujeres que destacan por sus aportes a la investigaci\u00f3n, el arte, la cultura y el periodismo, la medalla \u201cJuana Catalina Romero\u201d, una presea en honor a la empresaria, pol\u00edtica y diplom\u00e1tica istme\u00f1a del siglo XIX.<\/p>\n\n\n\n<p class=\"wp-block-paragraph\">Durante el acto protocolario realizado en la Sala Audiovisual del Congreso del Estado de Oaxaca, la legisladora local precis\u00f3 que la figura de Catalina Romero, conocida como Juana Cata, siempre ha sido vinculada a la vida del expresidente oaxaque\u00f1o Porfirio D\u00edaz, se\u00f1ala un comunicado de prensa.<\/p>\n\n\n\n<p class=\"wp-block-paragraph\">Sin embargo, pas\u00f3 a la historia por su incesante trabajo realizado en el Istmo de Tehuantepec, representando un ejemplo para mujeres y hombres por lo que asegur\u00f3 buscar institucionalizar este reconocimiento.<\/p>\n\n\n\n<p class=\"wp-block-paragraph\">&nbsp;\u201cMi compromiso es impulsar que desde ahora el Congreso del Estado de manera institucional inicie el camino para que se otorgue por esta y posteriores legislaturas, el reconocimiento a mujeres oaxaque\u00f1as en los \u00e1mbitos de mujer emprendedora, mujer en la ciencia y o cultura\u201d, entre otros rubros.<\/p>\n\n\n\n<p class=\"wp-block-paragraph\">Manifest\u00f3 que ya hay un proyecto para institucionalizar el evento, el cual deber\u00e1 ser analizado y aprobado por el pleno legislativo.<\/p>\n\n\n\n<p class=\"wp-block-paragraph\">A este acto acudi\u00f3 la escritora Julia Astrid Suarez, quien autora del libro \u201cJuana C. Romero, una mujer extraordinaria en la historia de M\u00e9xico\u201d, reconoci\u00f3 el esfuerzo del Poder Legislativo por impulsar estas acciones que sirven para visibilizar el trabajo del sector femenino.<\/p>\n\n\n\n<p class=\"wp-block-paragraph\">Las galardonadas fueron Isabel del Roc\u00edo Reyes M\u00e9ndez, estudiante del Centro de Atenci\u00f3n M\u00faltiple, destacada por su trabajo en las artes pl\u00e1sticas; Eva Ram\u00f3n Gallegos, profesora e investigadora quien junto a un grupo de especialistas logr\u00f3 erradicar el virus del Papiloma humano en 29 pacientes.<\/p>\n\n\n\n<p class=\"wp-block-paragraph\">De igual forma Erika Lil\u00ed D\u00edaz Cruz por su trabajo para visibilizar la violencia de g\u00e9nero en comunidades ind\u00edgenas; Nidya Delhi Mata S\u00e1nchez, quien ha destacado en el \u00e1mbito acad\u00e9mico y de la investigaci\u00f3n; y Araceli Huerta C\u00f3rdova dise\u00f1adora de arte textil oaxaque\u00f1o.<\/p>\n\n\n\n<p class=\"wp-block-paragraph\">Por su parte la comunicadora Sof\u00eda Valdivia recibi\u00f3 un merecido reconocimiento por parte de la organizadora, por su participaci\u00f3n en esta actividad.<\/p>\n\n\n\n<p class=\"wp-block-paragraph\">En este acto estuvieron presentes, el presidente de la Mesa Directiva el diputado C\u00e9sar Enrique Morales Ni\u00f1o; Laura Estrada Mauro, presidenta de la Junta de Coordinaci\u00f3n Pol\u00edtica y la legisladora, Aleida Tonelly Serrano Rosado.<\/p>\n\n\n\n<p class=\"wp-block-paragraph\">SEM\/sj<\/p>\n","protected":false},"excerpt":{"rendered":"<p>Redacci\u00f3n SemM\u00e9xico, Oaxaca, 20 marzo 2019.- &nbsp;La diputada local Elim Antonio Aquino entreg\u00f3 a mujeres que destacan por sus aportes a la investigaci\u00f3n, el arte, la cultura y el periodismo, la medalla \u201cJuana Catalina Romero\u201d, una presea en honor a la empresaria, pol\u00edtica y diplom\u00e1tica istme\u00f1a del siglo XIX. Durante el acto protocolario realizado en [&hellip;]<\/p>\n","protected":false},"author":3,"featured_media":3405,"comment_status":"open","ping_status":"open","sticky":false,"template":"","format":"standard","meta":{"_monsterinsights_skip_tracking":false,"footnotes":""},"categories":[690,50],"tags":[],"class_list":["post-3404","post","type-post","status-publish","format-standard","has-post-thumbnail","category-690","category-congreso"],"_links":{"self":[{"href":"https:\/\/redsemlac.com\/semmexico\/wp-json\/wp\/v2\/posts\/3404","targetHints":{"allow":["GET"]}}],"collection":[{"href":"https:\/\/redsemlac.com\/semmexico\/wp-json\/wp\/v2\/posts"}],"about":[{"href":"https:\/\/redsemlac.com\/semmexico\/wp-json\/wp\/v2\/types\/post"}],"author":[{"embeddable":true,"href":"https:\/\/redsemlac.com\/semmexico\/wp-json\/wp\/v2\/users\/3"}],"replies":[{"embeddable":true,"href":"https:\/\/redsemlac.com\/semmexico\/wp-json\/wp\/v2\/comments?post=3404"}],"version-history":[{"count":0,"href":"https:\/\/redsemlac.com\/semmexico\/wp-json\/wp\/v2\/posts\/3404\/revisions"}],"wp:featuredmedia":[{"embeddable":true,"href":"https:\/\/redsemlac.com\/semmexico\/wp-json\/wp\/v2\/media\/3405"}],"wp:attachment":[{"href":"https:\/\/redsemlac.com\/semmexico\/wp-json\/wp\/v2\/media?parent=3404"}],"wp:term":[{"taxonomy":"category","embeddable":true,"href":"https:\/\/redsemlac.com\/semmexico\/wp-json\/wp\/v2\/categories?post=3404"},{"taxonomy":"post_tag","embeddable":true,"href":"https:\/\/redsemlac.com\/semmexico\/wp-json\/wp\/v2\/tags?post=3404"}],"curies":[{"name":"wp","href":"https:\/\/api.w.org\/{rel}","templated":true}]}}