{"id":34035,"date":"2021-04-06T13:42:19","date_gmt":"2021-04-06T19:42:19","guid":{"rendered":"https:\/\/redsemlac.com\/semmexico\/?p=34035"},"modified":"2023-07-21T16:57:10","modified_gmt":"2023-07-21T21:57:10","slug":"manana-el-senado-podria-acordar-en-comisiones-el-sistema-nacional-de-cuidados-que-desfeminiza-una-tarea-de-toda-la-sociedad","status":"publish","type":"post","link":"https:\/\/redsemlac.com\/semmexico\/manana-el-senado-podria-acordar-en-comisiones-el-sistema-nacional-de-cuidados-que-desfeminiza-una-tarea-de-toda-la-sociedad\/","title":{"rendered":"Ma\u00f1ana el Senado podr\u00eda acordar en comisiones el Sistema Nacional de Cuidados que desfeminiza una tarea de toda la sociedad"},"content":{"rendered":"\n<ul class=\"wp-block-list\"><li><strong>En plena crisis econ\u00f3mica las mujeres tendr\u00edan el derecho al tiempo y a su dignidad laboral<\/strong><\/li><li><strong>El principal obst\u00e1culo son los costos en que el Gobierno ser\u00eda responsable, en tiempos donde no hay pol\u00edtica de g\u00e9nero, un gran paso<\/strong><\/li><\/ul>\n\n\n\n<p class=\"wp-block-paragraph\"><strong>Sara Lovera<\/strong><\/p>\n\n\n\n<p class=\"wp-block-paragraph\">SemM\u00e9xico, Cd. de M\u00e9xico, 6 de abril, 2021.- Este mi\u00e9rcoles la \u00a0Comisi\u00f3n de Puntos Constitucionales del Senado de la Rep\u00fablica, analizar\u00e1 la minuta que crea el Sistema Nacional de Cuidados, con la \u00a0minuta\u00a0que \u00a0reforma los art\u00edculos 4 y 73 de la Constituci\u00f3n, para asegurar el derecho de toda persona a un cuidado digno que sustente su vida, que le otorgue los elementos materiales y simb\u00f3licos para vivir en sociedad.\u00a0<\/p>\n\n\n\n<p class=\"wp-block-paragraph\">As\u00ed lo dio a conocer el \u00a0senador morenista Mart\u00ed Batres Guadarrama y explic\u00f3 que la reforma que podr\u00eda acordarse este mes, sin necesidad de alianzas o promociones\u00a0 dispone al Estado a \u00a0garantizar los cuidados con el principio de corresponsabilidad entre mujeres y hombres, las familias, la comunidad y el mercado. \u00a0<br><br>Tambi\u00e9n prev\u00e9 la libertad que tienen las personas para decidir si adquieren o no la obligaci\u00f3n de cuidar a quien lo requiera, y decidir sobre la distribuci\u00f3n de su tiempo, de acuerdo con sus necesidades e intereses.\u00a0Algo fundamental para todas las mujeres, a quienes hist\u00f3ricamente se les ha asignado \u00e9sta tarea que es de toda la sociedad y de los gobiernos. La iniciativa reconoce que sin un amplio sistema de cuidados, no podr\u00e1 progresar la incorporaci\u00f3n de las mujeres al mercado laboral.\u00a0<br><br>La propuesta de la C\u00e1mara de Diputados, aprobada en noviembre de 2020 busca abonar a la construcci\u00f3n del estado de bienestar, as\u00ed como a la\u00a0 igualdad entre hombres y mujeres.<\/p>\n\n\n\n<h2 class=\"wp-block-heading\"><strong>La iniciativa<\/strong><\/h2>\n\n\n\n<p class=\"wp-block-paragraph\">De esta forma, explic\u00f3, se impulsa un sistema para el cuidado de ni\u00f1as y ni\u00f1os, adultos mayores y enfermos, lo que fortalecer\u00eda el estado de bienestar social, robustecer\u00eda los derechos de los infantes y de las mujeres, ya que a ellas les permitir\u00eda incorporarse masivamente al mercado de trabajo.\u00a0<br><br>Se trata de una reforma cuyo eje es la corresponsabilidad del Estado, el mercado, la comunidad, las familias, los hombres y las mujeres para hacer efectivo el derecho a los cuidados del nacimiento a la vejez como de inter\u00e9s p\u00fablico. Empuja la importancia de que las mujeres se incorporen al mercado, se desarrollen y tengan derechos efectivos.<\/p>\n\n\n\n<p class=\"wp-block-paragraph\">La instalaci\u00f3n de un sistema nacional de cuidados puede significar un cambio de paradigma, es un asunto de trascendencia que reconoce la contribuci\u00f3n de las mujeres a la econom\u00eda, el soporte social, en toda la vida y especialmente&nbsp;&nbsp;en la crisis sanitaria, da paso la igualdad sustantiva, &nbsp;&nbsp;desfeminiza las tareas cotidianas del cuidado de ni\u00f1as, ni\u00f1os, personas mayores, discapacitadas o con necesidades espec\u00edficas,&nbsp;&nbsp;las cuidadoras de siempre&nbsp;&nbsp;podr\u00e1n tener remuneraci\u00f3n y reconocimiento.<\/p>\n\n\n\n<p class=\"wp-block-paragraph\">La reforma modifica y adiciona el art\u00edculo 4\u00ba y 73 de la Constituci\u00f3n de la Rep\u00fablica; deber\u00e1 entrar en vigor al d\u00eda siguiente de su publicaci\u00f3n y obliga a expedir una Ley General para el Sistema Nacional de Cuidados, en m\u00e1ximo 6 meses.<\/p>\n\n\n\n<p class=\"wp-block-paragraph\">Es particularmente importante en momentos en que el Covid-19 ha acrecentado las desigualdades en la carga de trabajo dom\u00e9stico y de cuidados, que recae mayoritariamente en mujeres y ni\u00f1as. Incluso antes de la pandemia, ellas pasaban tres veces m\u00e1s tiempo que los hombres realizando estas labores, subsidiando as\u00ed a toda la econom\u00eda.<\/p>\n\n\n\n<p class=\"wp-block-paragraph\">El cambio constitucional obliga al Estado a crear el sistema, una ley, pol\u00edticas p\u00fablicas y&nbsp;financiamiento para que el Sistema sea una realidad y no, como ahora, se caiga en el doble discurso del gobierno actual, que reconoce la igualdad, pero desaparece guarder\u00edas y escuelas de tiempo completo. Afecta a las m\u00e1s pobres, a las trabajadoras. Y disminuye recursos de apoyo a las trabajadoras, aunque venera a las madres.<\/p>\n\n\n\n<p class=\"wp-block-paragraph\">En el momento de la aprobaci\u00f3n en la C\u00e1mara de Diputados, las legisladoras, dijeron al apuntalar el voto un\u00e1nime, que se reconoce el derecho de todas las personas, de la infancia a la vejez, a tener cuidados, pero ahora bajo el signo de la corresponsabilidad, especialmente del Estado. Tambi\u00e9n manifestaron su temor a la demagogia y que la ley sea papel mojado.<\/p>\n\n\n\n<p class=\"wp-block-paragraph\">En el mismo sentido, Bel\u00e9n Sanz Luque, representante de ONU Mujeres en M\u00e9xico, asegur\u00f3 que desde el trabajo legislativo se tiene la oportunidad de hacer los ajustes para lograr una agenda de igualdad con justicia econ\u00f3mica, que integre un sistema de cuidados y empleos para las mujeres.&nbsp;<\/p>\n\n\n\n<p class=\"wp-block-paragraph\">Sin lugar a dudas, el tema de los cuidados se ha vuelto un tema prioritario en la agenda feminista este 2021. Por ello, una de las principales metas que se establecieron con miras al 2026 es establecer una econom\u00eda del cuidado (mediante inversiones p\u00fablicas y privadas&nbsp; y reformas legislativas y de pol\u00edtica p\u00fablica) que distribuya de manera equitativa y valorice estas labores.<\/p>\n\n\n\n<h2 class=\"wp-block-heading\">\u00a0<strong>El Sistema<\/strong><\/h2>\n\n\n\n<p class=\"wp-block-paragraph\">El Sistema, -que deber\u00e1 crearse- ser\u00e1 pionero en la regi\u00f3n latinoamericana, no requerir\u00e1 la creaci\u00f3n de un aparato burocr\u00e1tico y en cambio deber\u00e1 desarrollar pol\u00edticas p\u00fablicas, y contar con presupuesto, para que sea real, no quede en el&nbsp;papel, como dijeron la priista Mar\u00eda Mu\u00f1oz Castillo y Gloria Romero Le\u00f3n de Acci\u00f3n Nacional.<\/p>\n\n\n\n<p class=\"wp-block-paragraph\">Se reconoci\u00f3, especialmente, el apoyo y sost\u00e9n de las mujeres a la vida de las familias confinadas por la emergencia sanitaria y apareci\u00f3 claramente qu\u00e9 son los cuidados, como dijo la diputada Martha Tagle, est\u00e1n visibles. Qui\u00e9n hace las tareas de cuidado, quien elabora los alimentos, lava, plancha, cuidad enfermos, asiste a ni\u00f1as y ni\u00f1os en la educaci\u00f3n; qui\u00e9n se hace cargo de las personas mayores y siempre est\u00e1n invisibilizadas.<\/p>\n\n\n\n<h2 class=\"wp-block-heading\"><strong>Las mujeres aportan a la riqueza nacional<\/strong><\/h2>\n\n\n\n<p class=\"wp-block-paragraph\">Hoy las mujeres que realizan trabajo no remunerado de cuidado a otras y otras, aportan casi el 25 por ciento del Producto Interno Bruto PIB, en dobles y triples jornadas de trabajo, donde la de cuidados hist\u00f3ricamente no pagada, es adem\u00e1s no reconocida, y a las mujeres se les considera s\u00f3lo dentro de la familia y no como personas productivas y con derechos.<\/p>\n\n\n\n<p class=\"wp-block-paragraph\">La minuta que deber\u00e1 aprobar el Senado &nbsp;fue resultado de un an\u00e1lisis en todas las aristas, incluso aquellas que tienen que ver con el derecho humano a ser cuidado o cuidada en la infancia, la enfermedad, la edad avanzada y la discapacidad; complementa los principios de igualdad entre hombres y mujeres, el reconocimiento a \u00e9stas que son m\u00e1s que familia, con derecho a su tiempo libre y su desarrollo, sin poner en riesgo su vida y su salud e incorporarse al trabajo productivo.<\/p>\n\n\n\n<p class=\"wp-block-paragraph\">Se reforma &nbsp;el p\u00e1rrafo noveno&nbsp;&nbsp;adiciona un p\u00e1rrafo \u00faltimo al art\u00edculo 4\u00ba, y adiciona la fracci\u00f3n XXX-A al art\u00edculo 73, ambos de la Constituci\u00f3n Pol\u00edtica de los Estados Unidos Mexicanos, para quedar en los t\u00e9rminos siguientes: Toda persona tiene derecho al cuidado digno que sustente su vida y le otorgue los elementos materiales y simb\u00f3licos para vivir en sociedad a lo largo de toda su vida, as\u00ed como a cuidar. El Estado promover\u00e1 la corresponsabilidad entre mujeres y hombres en las actividades de cuidado, as\u00ed como la libertad que tienen las personas para decidir si adquieren o no como obligaci\u00f3n el cuidar a quien lo requiera, y el derecho para decidir la distribuci\u00f3n del tiempo propio acorde a sus necesidades e intereses.<\/p>\n\n\n\n<p class=\"wp-block-paragraph\">La diputada Martha Tagle Mart\u00ednez, de Movimiento Ciudadano, quien present\u00f3 una de las 7 iniciativas, sostuvo en el pleno, con reserva,&nbsp;&nbsp;que faltan algunas puntualizaciones que deben eliminar las visiones asistencialistas y dijo que el Estado debe garantizar, claramente, las condiciones necesarias para el ejercicio del derecho al cuidado digno, el reconocimiento, valoraci\u00f3n y remuneraci\u00f3n justa para quienes lo hacen.<\/p>\n\n\n\n<p class=\"wp-block-paragraph\">En M\u00e9xico aproximadamente 90 millones de personas mayores de 12 a\u00f1os realizan labores de cuidados en sus hogares sin recibir remuneraci\u00f3n; del total de las horas que son destinadas a los cuidados&nbsp; el&nbsp; 71 por ciento lo&nbsp; realizan las mujeres, afectando sus oportunidades laborales. De acuerdo con datos del INEGI, en 2018 el valor econ\u00f3mico de trabajo no remunerado en labores dom\u00e9sticas y de cuidados registr\u00f3 un valor equivalente al 23.5 por ciento del Producto Interno Bruto PIB nacional, un equivalente a mil 756 millones 829 mil pesos.<\/p>\n\n\n\n<p class=\"wp-block-paragraph\">Las mujeres por el trabajo de cuidado se ven obligadas a emplearse en la informalidad y son responsables \u00fanicas de m\u00e1s de 10 millones de ni\u00f1as y ni\u00f1os de cero a 5 a\u00f1os, quienes, en el 80 por ciento, no tienen acceso a guarder\u00edas.<\/p>\n\n\n\n<p class=\"wp-block-paragraph\">La diputada Martha Tagle Mart\u00ednez sostuvo que el Sistema Nacional de Cuidados, ser\u00e1 una respuesta al cambio en las familias mexicanas, ya que una de cada tres personas necesitan cuidados, es decir el 34.6 por ciento de la poblaci\u00f3n; el 10 por ciento de la poblaci\u00f3n tiene m\u00e1s de 75 a\u00f1os y el 75 por ciento de las mujeres son responsables de los cuidados para esta poblaci\u00f3n, s\u00f3lo en el 25 por ciento participan los hombres.<\/p>\n\n\n\n<p class=\"wp-block-paragraph\">Igualmente en el \u00e1mbito econ\u00f3mico estamos en un momento crucial de recesi\u00f3n econ\u00f3mica y que en los pr\u00f3ximos a\u00f1os la pir\u00e1mide poblacional se ver\u00e1 invertida, habr\u00e1 mucho m\u00e1s personas mayores, por lo que si se quiere tener un crecimiento productivo \u00e9ste debe venir acompa\u00f1ado del empoderamiento econ\u00f3mico de las mujeres.<\/p>\n\n\n\n<p class=\"wp-block-paragraph\">Es una reforma positiva, progresiva, que afianza y revierte todo lo que perdi\u00f3 el salario m\u00ednimo durante d\u00e9cadas.<\/p>\n\n\n\n<h2 class=\"wp-block-heading\"><strong>El \u00fanico tema en el foro Generaci\u00f3n Igualdad<\/strong><\/h2>\n\n\n\n<p class=\"wp-block-paragraph\">Las inquietudes entre diputadas, fue el tema de resumen principal de la parte mexicana del Foro Generaci\u00f3n Igualdad ,\u00a0 en donde Phumzile Mlambo-Ngcuka, Directora Ejecutiva de ONU Mujeres, hizo un llamado a filantropistas y empresarios a apoyar este esfuerzo; mientras que Bel\u00e9n Sanz Luque, Representante de ONU Mujeres en M\u00e9xico asegur\u00f3 que su organizaci\u00f3n apoyar\u00e1 el desarrollo de un Sistema Nacional de Cuidados en nuestro pa\u00eds, tanto \u00a0como el \u00a0marco legislativo y normativo que garantice el derecho a cuidar y ser cuidado, ahora a punto de acordarse en el Senado.<\/p>\n\n\n\n<p class=\"wp-block-paragraph\">Para hacerlo realidad se necesita: &nbsp;<\/p>\n\n\n\n<ol class=\"wp-block-list\" type=\"1\"><li>Llamar al trabajo colaborativo y co-responsable entre Estado, familias, comunidades y empresas para aumentar los servicios de cuidados;<\/li><li>Asegurarse de que las pol\u00edticas p\u00fablicas concilien la vida laboral con la personal y familiar;<\/li><li>Lanzar una campa\u00f1a de sensibilizaci\u00f3n que cambie la idea de que los cuidados corresponden solo a las mujeres;<\/li><li>Invertir en infraestructura social y f\u00edsica, para que los servicios atiendan las diversas necesidades en igualdad de condiciones;<\/li><li>Promover la generaci\u00f3n de datos y evidencia de los servicios de cuidado para su seguimiento y evaluaci\u00f3n;<\/li><li>Crear Bancos Globales de Buenas Pr\u00e1cticas para unificarlas y avanzar m\u00e1s r\u00e1pido;<\/li><li>Convocar a los pa\u00edses de Am\u00e9rica Latina y de todo el mundo a sumarse a esta Alianza.<\/li><\/ol>\n\n\n\n<p class=\"wp-block-paragraph\">Dijeron en el Foro que \u201ccon estas acciones, queremos romper con el estereotipo de que los cuidados son solo responsabilidad de las mujeres. Entre todos, debemos aligerar esa carga que recae desproporcionadamente en ellas. Ninguna mujer, sin importar su clase social, estado civil, origen \u00e9tnico, edad o lugar de residencia debe quedar fuera de esta pol\u00edtica\u201d<\/p>\n\n\n\n<p class=\"wp-block-paragraph\">Al d\u00eda de hoy, 740 millones de mujeres en el mundo trabajan en el sector informal, con salarios bajos e inseguridad laboral. Permitirles trabajar en igualdad de condiciones que los hombres, ayudar\u00eda a reactivar la econom\u00eda en el actual contexto de crisis. De acuerdo con cifras de la ONU, un sistema de cuidados eficiente podr\u00eda aumentar en un 3.9% anual en promedio el n\u00famero de empleos en un periodo de 5 a\u00f1os.<\/p>\n","protected":false},"excerpt":{"rendered":"<p>En plena crisis econ\u00f3mica las mujeres tendr\u00edan el derecho al tiempo y a su dignidad laboral<\/p>\n","protected":false},"author":3,"featured_media":34036,"comment_status":"open","ping_status":"open","sticky":false,"template":"","format":"standard","meta":{"_monsterinsights_skip_tracking":false,"footnotes":""},"categories":[692,50],"tags":[],"class_list":["post-34035","post","type-post","status-publish","format-standard","has-post-thumbnail","category-692","category-congreso"],"_links":{"self":[{"href":"https:\/\/redsemlac.com\/semmexico\/wp-json\/wp\/v2\/posts\/34035","targetHints":{"allow":["GET"]}}],"collection":[{"href":"https:\/\/redsemlac.com\/semmexico\/wp-json\/wp\/v2\/posts"}],"about":[{"href":"https:\/\/redsemlac.com\/semmexico\/wp-json\/wp\/v2\/types\/post"}],"author":[{"embeddable":true,"href":"https:\/\/redsemlac.com\/semmexico\/wp-json\/wp\/v2\/users\/3"}],"replies":[{"embeddable":true,"href":"https:\/\/redsemlac.com\/semmexico\/wp-json\/wp\/v2\/comments?post=34035"}],"version-history":[{"count":0,"href":"https:\/\/redsemlac.com\/semmexico\/wp-json\/wp\/v2\/posts\/34035\/revisions"}],"wp:featuredmedia":[{"embeddable":true,"href":"https:\/\/redsemlac.com\/semmexico\/wp-json\/wp\/v2\/media\/34036"}],"wp:attachment":[{"href":"https:\/\/redsemlac.com\/semmexico\/wp-json\/wp\/v2\/media?parent=34035"}],"wp:term":[{"taxonomy":"category","embeddable":true,"href":"https:\/\/redsemlac.com\/semmexico\/wp-json\/wp\/v2\/categories?post=34035"},{"taxonomy":"post_tag","embeddable":true,"href":"https:\/\/redsemlac.com\/semmexico\/wp-json\/wp\/v2\/tags?post=34035"}],"curies":[{"name":"wp","href":"https:\/\/api.w.org\/{rel}","templated":true}]}}