{"id":34033,"date":"2021-04-06T13:38:00","date_gmt":"2021-04-06T19:38:00","guid":{"rendered":"https:\/\/redsemlac.com\/semmexico\/?p=34033"},"modified":"2023-07-21T16:57:10","modified_gmt":"2023-07-21T21:57:10","slug":"la-vacuna-y-los-malditos","status":"publish","type":"post","link":"https:\/\/redsemlac.com\/semmexico\/la-vacuna-y-los-malditos\/","title":{"rendered":"La vacuna y los malditos"},"content":{"rendered":"\n<h2 class=\"wp-block-heading\"><strong>ENTRESEMANA<\/strong><\/h2>\n\n\n\n<p class=\"wp-block-paragraph\"><strong>Mois\u00e9s S\u00e1nchez Lim\u00f3n<\/strong><\/p>\n\n\n\n<p class=\"wp-block-paragraph\">SemM\u00e9xico, Cd. de M\u00e9xico, 6 de abril 2021.- A la administraci\u00f3n del licenciado Andr\u00e9s Manuel la caracteriza la impronta de encontrar enemigos hasta en la sopa; consecuencia de la inexperiencia o los cargos de conciencia.<\/p>\n\n\n\n<p class=\"wp-block-paragraph\">Una vacuna que no fue vacuna y perversamente no se aplic\u00f3 ni se explic\u00f3 de inmediato la causa del desaguisado, llev\u00f3 nuevamente a la cacer\u00eda de los malditos enemigos, los odiados conservadores, periodistas a quienes el licenciado y sus mercenarios de la primera fila acusaron de haber montado una escena que se viraliz\u00f3 y puso bajo sospecha la autenticidad de las vacunas contra el Covid.<\/p>\n\n\n\n<p class=\"wp-block-paragraph\">Un severo y grave asunto que, en todo caso, implicar\u00eda la sospecha de que el montaje o el \u201cerror\u201d fue a prop\u00f3sito, para desviar la atenci\u00f3n respecto de un asunto m\u00e1s grave en el gobierno de la 4T; de ello hay ejemplos varios.<\/p>\n\n\n\n<p class=\"wp-block-paragraph\">Pero, vaya, el punto es la vacuna que no se aplic\u00f3 y la responsable que se esfum\u00f3.<\/p>\n\n\n\n<p class=\"wp-block-paragraph\">Mire usted, este martes me corresponde el turno para aplicarme la vacuna contra el Covid-19 y lo har\u00e9 convencido de las bondades de \u00e9sta y de la estrategia &#8211;ponderada hasta por los m\u00e1s recalcitrantes cr\u00edticos de la 4T y de la administraci\u00f3n que encabeza la se\u00f1ora Claudia Sheinbaum&#8211; aplicada para vacunar a millones de chilangos, con prioridad en el sector de los llamados adultos y adultas &nbsp;mayores, comunidad a la que pertenezco a mucha honra.<\/p>\n\n\n\n<p class=\"wp-block-paragraph\">Y lo dije hace poco a mi respetable compadre AMM, quien ponder\u00f3 esa organizaci\u00f3n que ha evitado aglomeraciones para no incurrir en perjuicio de la salud de las personas &nbsp;mayores y encauzado una pulcra atenci\u00f3n m\u00e9dica, porque lo es \u00e9sta de inmunizar contra el Covid.<\/p>\n\n\n\n<p class=\"wp-block-paragraph\">Me vacunar\u00e9 y si es de esa calidad la atenci\u00f3n que, debe decirse, siempre es de obligada observancia, no dudar\u00e9 en ponderarla y reconocer que la jefa de Gobierno de la Ciudad de M\u00e9xico s\u00ed sabe c\u00f3mo hacerlo \u2013en esto de la atenci\u00f3n a la salud, no confundir&#8211;.<\/p>\n\n\n\n<p class=\"wp-block-paragraph\">No tengo motivo alguno para dudar de esa calidad y calidez con la que se atiende en los centros de vacunaci\u00f3n de la capital mexicana; reitero, he escuchado a colegas de abierta oposici\u00f3n a la 4T y cr\u00edticos de los recurrentes yerros oficiales dictados desde Palacio como ideas geniales, elogiar, s\u00ed, elogiar la atenci\u00f3n.<\/p>\n\n\n\n<p class=\"wp-block-paragraph\">Y qu\u00e9 bien; espero contarle, el jueves pr\u00f3ximo, c\u00f3mo me fue en la Arena Ciudad de M\u00e9xico, donde me aplicar\u00e1n la primera dosis de la vacuna de marras.<\/p>\n\n\n\n<p class=\"wp-block-paragraph\">Disculpe la recurrente praxis de hablar en primera persona pero es la pauta, en este caso, para demostrar que la inexperiencia, el protagonismo y los cargos de conciencia que abrazan a personajes como el propio licenciado L\u00f3pez Obrador y su tocayo Hugo L\u00f3pez-Gatell, los arrastra hacia ese perverso basurero de las culpas ajenas para encontrar responsables de yerros propios.<\/p>\n\n\n\n<p class=\"wp-block-paragraph\">Y uno de esos errores, no cabe duda, es la falta de previsi\u00f3n y, sobre todo, de reacci\u00f3n ante un problema que se puede agravar y que, por ello, deja un tufo de fabricaci\u00f3n dom\u00e9stica como fue el caso de la se\u00f1ora, a quien no identifican como enfermera sino voluntaria que incurri\u00f3 en un \u201cerror\u201d al no aplicar una vacuna, caso grave que s\u00f3lo amerit\u00f3 separarla del equipo de vacunaci\u00f3n.<\/p>\n\n\n\n<p class=\"wp-block-paragraph\">\u00bfY?<\/p>\n\n\n\n<p class=\"wp-block-paragraph\">Bueno, bueno, usted que sabe distinguir entre un error y la comisi\u00f3n de un desprop\u00f3sito a prop\u00f3sito, coincidir\u00e1 en que lo menos que demandaba ese asunto era la detenci\u00f3n de la enfermera que no era enfermera porque se trata de lo que se puede tipificar como delito grave, porque atenta contra la salud y la vida de un ser humano. \u00bfSer\u00e1 el \u00fanico caso? Pregunta obligada.<\/p>\n\n\n\n<p class=\"wp-block-paragraph\">Y en ello coincide, incluso, el doctor Hugo L\u00f3pez-Gatell, subsecretario de Prevenci\u00f3n y Promoci\u00f3n de la Salud, quien durante la conferencia de prensa para rendir el parte m\u00e9dico de la pandemia de coronavirus al inicio de semana, aludi\u00f3 expresamente al caso de la voluntaria que, por \u201cerror\u201d, solo pinch\u00f3 al brazo de un adulto mayor sin la vacuna.<\/p>\n\n\n\n<p class=\"wp-block-paragraph\">L\u00f3pez-Gatell dijo que no se descarta ninguna hip\u00f3tesis, es decir, que lo mismo pudo ser un error humano hasta un montaje, s\u00ed, un montaje como casualmente identific\u00f3 el licenciado L\u00f3pez Obrador horas antes, en a ma\u00f1anera.<\/p>\n\n\n\n<p class=\"wp-block-paragraph\">\u00bfMontaje?, \u00bfen serio as\u00ed lo considera el inquilino de Palacio?<\/p>\n\n\n\n<p class=\"wp-block-paragraph\">El doc L\u00f3pez-Gatell estim\u00f3 que este caso podr\u00eda derivar, incluso, en una sanci\u00f3n de car\u00e1cter penal. Pero\u2026<\/p>\n\n\n\n<p class=\"wp-block-paragraph\">He aqu\u00ed que, como lo hizo su jefe, en el p\u00falpito de la ma\u00f1anera, se alz\u00f3 cual Cat\u00f3n para criticar a la maldita prensa conservadora y sostuvo que pareciera que busca hacer dudar sobre la vacunaci\u00f3n en M\u00e9xico.<\/p>\n\n\n\n<p class=\"wp-block-paragraph\">Lament\u00f3, con inocultable iron\u00eda, que no estuvieran reporteros de Televisa y de El Universal o el Reforma y concluy\u00f3 que, \u00abpor alguna raz\u00f3n un evento les ha causado inquietud y lo comparan con 9 millones 407 mil aplicaciones de vacuna y parecieran querer buscar reglas generales para la preocupaci\u00f3n de un caso\u201d.<\/p>\n\n\n\n<p class=\"wp-block-paragraph\">Quiz\u00e1 el doctor L\u00f3pez-Gatell como el licenciado L\u00f3pez Obrador sufren del s\u00edndrome de Aurelio Nu\u00f1o y en lugar de leer, len. Porque el video, grabado por una familiar del se\u00f1or a quien le aplicaron un pinchazo que semej\u00f3 vacunar, se volvi\u00f3 viral en las redes sociales, no en alg\u00fan noticiario de Televisa o en la primera plana del Reforma ni en el portal de un influyente y maldito periodista que a\u00f1ora los tiempos de las vacas gordas y es financiado por neoliberales y conservadores.<\/p>\n\n\n\n<p class=\"wp-block-paragraph\"><strong>&#8212;<\/strong>Buenos d\u00edas, presidente \u2013salud\u00f3 la respetada colega Sara Pablo y no pregunt\u00f3 nada respecto de la vacuna sin vacuna, pero Andr\u00e9s Manuel aprovech\u00f3 una segunda pregunta para emprender la embestida contra los malditos opositores, la maldita prensa que lo persigue y nada perdona, \u00e9sta que sue\u00f1a con el pasado.<\/p>\n\n\n\n<p class=\"wp-block-paragraph\"><strong>\u201c(\u2026)&nbsp;<\/strong>Ahora que se est\u00e1n vacunando a los adultos mayores \u2013dio pauta Andr\u00e9s Manuel&#8211;, que es una cosa yo dir\u00eda buena, noble, es una actitud humana, los medios,&nbsp;<em>El Universal<\/em>&nbsp;y todos, la radio y la televisi\u00f3n\u2026 A ver si ma\u00f1ana sacamos un\u2026 As\u00ed como lo hicimos cuando dijeron que el aeropuerto hab\u00eda costado tres veces, resulta que hay un caso en donde est\u00e1n poniendo una inyecci\u00f3n, un caso, se han aplicado aqu\u00ed en la Ciudad de M\u00e9xico donde fue este incidente como un mill\u00f3n 200 mil vacunas. Entonces, de repente un caso lo vuelven nota nacional.<\/p>\n\n\n\n<p class=\"wp-block-paragraph\"><strong>&#8212;<\/strong>\u00bfNo le parece grave?\u2014inquiri\u00f3 la colega.<\/p>\n\n\n\n<p class=\"wp-block-paragraph\"><strong>&#8212;<\/strong>No, lo que hay que ver es si no fue montado, porque son capaces de todo. No s\u00e9 usted, pero yo conozco a un periodista y un canal de televisi\u00f3n que era especialista en montajes, entonces no les tengo confianza.<\/p>\n\n\n\n<p class=\"wp-block-paragraph\">Me llam\u00f3 a atenci\u00f3n. \u00bfNo est\u00e1 ah\u00ed la foto de la se\u00f1ora que est\u00e1n inyectando o la se\u00f1ora que est\u00e1 inyectando? Esa la difundieron que le estaban inyectando y no ten\u00eda nada.<\/p>\n\n\n\n<p class=\"wp-block-paragraph\"><strong>&#8212;<\/strong>Nada m\u00e1s meti\u00f3 la jeringa la enfermera. \u00bfNo falt\u00f3 aclarar este caso, presidente?\u2014puntualiz\u00f3 Sara Pablo.<\/p>\n\n\n\n<p class=\"wp-block-paragraph\"><strong>&#8212;<\/strong>La jeringa. No, pero sali\u00f3 en todos los medios.<\/p>\n\n\n\n<p class=\"wp-block-paragraph\">Y he aqu\u00ed que se solt\u00f3 la jaur\u00eda mercenaria. Bueno, Epigmenio Ibarra qui\u00e9n sabe de cu\u00e1l fum\u00f3 porque vio hasta a la CIA en este caso. Le comparto su twitter de las 10:45 de la ma\u00f1ana del lunes, poco despu\u00e9s de concluida la ma\u00f1anera:<\/p>\n\n\n\n<p class=\"wp-block-paragraph\">\u201cLa derecha, acostumbrada a hacer \u201ccosas repugnante\u201d como lo establece la directiva de operaciones encubiertas de la CIA; bien pudo haber organizado la falsa vacunaci\u00f3n de una persona y hacer un montaje; uno m\u00e1s de esos en los que un \u201cperiodista\u201d (\u00bfCarlos Loret de Mola?) y una televisora (\u00bfTelevisa?) tienen experiencia\u201d, escribi\u00f3 el avispado intelectual de la 4T.<\/p>\n\n\n\n<p class=\"wp-block-paragraph\">Mala estrategia porque, en lugar de abundar en las bondades de la vacunaci\u00f3n y la reconocida labor de Claudia Sheinbaum y de la propia 4T, se abri\u00f3 un debate de suyo perverso porque tiene el tufo de la cortina de humo que oculta asuntos como la crisis en Pemex y el endeudamiento sin deuda \u2013as\u00ed lo ofrecen en Hacienda y Presidencia&#8211;.<\/p>\n\n\n\n<p class=\"wp-block-paragraph\">L\u00f3pez-Gatell y un sedicente \u201cperiodista\u201d que se asume representante de millones de migrantes, en la conferencia vespertina en el Sal\u00f3n de la Tesorer\u00eda, en Palacio Nacional, con el objetivo de abrir y dejar plantada la versi\u00f3n de que fue montaje lo de la vacuna sin vacuna.<\/p>\n\n\n\n<p class=\"wp-block-paragraph\">Horas antes, hicieron lo propio el licenciado Andr\u00e9s Manuel y su l\u00ednea mercenaria, a la que pertenece la se\u00f1orita que entr\u00f3 a una cl\u00ednica de embellecimiento y amaneci\u00f3 en otra que atiende emergencias de salud pero este lunes agradeci\u00f3 al se\u00f1orpresidente la ayuda brindada en ese trance que calific\u00f3 de secuestro.<\/p>\n\n\n\n<p class=\"wp-block-paragraph\">Pero, pero\u2026 L\u00f3pez Obrador nos despach\u00f3 la siguiente reflexi\u00f3n:<\/p>\n\n\n\n<p class=\"wp-block-paragraph\">\u201cComo dicen los abogados, aceptando sin conceder de que fue real, de que se equivoc\u00f3 la se\u00f1ora, lo hizo de mala fe o quiso enga\u00f1ar, lo que haya sido, \u00bfqu\u00e9?, \u00bfesa es la gran noticia?, \u00bfno les parece una exageraci\u00f3n?\u201d<\/p>\n\n\n\n<p class=\"wp-block-paragraph\">\u00bfExageraci\u00f3n pillar la comisi\u00f3n de un delito? Por supuesto, es noticia y lo debiera saber, en todo caso, Andr\u00e9s Manuel, quien es la gran revelaci\u00f3n como periodista, reportero, editor en jefe, jefe de informaci\u00f3n y de redacci\u00f3n. Fue, es, en todo caso, una lamentable noticia que mancha la buena tarea encabezada por Claudia Sheinbaum.<\/p>\n\n\n\n<p class=\"wp-block-paragraph\">\u00bfVan a investigar a la se\u00f1ora que incurri\u00f3 en el \u201cerror de la vacuna sin vacuna\u201d?<\/p>\n\n\n\n<p class=\"wp-block-paragraph\"><strong>Dice Andr\u00e9s Manuel que, \u201cp<\/strong>ues s\u00ed; se est\u00e1 haciendo la investigaci\u00f3n, pero yo a lo que voy es qu\u00e9 precisi\u00f3n, porque como a la hora de que pas\u00f3 esto ya estaban dando hasta rueda de prensa\u201d.<\/p>\n\n\n\n<p class=\"wp-block-paragraph\"><strong>&#8212;<\/strong>Bueno, es que lo subi\u00f3 un familiar en redes sociales y se viraliz\u00f3 el video\u2014le aclar\u00f3 la colega Sara Pablo.<\/p>\n\n\n\n<p class=\"wp-block-paragraph\"><strong>&#8212;<\/strong>S\u00ed, por eso, s\u00ed \u2013coincidi\u00f3 el licenciado presidente&#8211;. Y despu\u00e9s, de acuerdo a la informaci\u00f3n que tengo, se corrigi\u00f3. Pero es un caso.<\/p>\n\n\n\n<p class=\"wp-block-paragraph\">\u00bfEntonces? Perversa la victimizaci\u00f3n. \u00bfHay delito? \u00a1Por supuesto lo hay! Pero\u2026 Digo.<\/p>\n\n\n\n<p class=\"wp-block-paragraph\"><a href=\"mailto:sanchezlimon@gmail.com\" target=\"_blank\" rel=\"noreferrer noopener\">sanchezlimon@gmail.com<\/a><\/p>\n\n\n\n<p class=\"wp-block-paragraph\"><a href=\"http:\/\/www.entresemana.mx\/\" target=\"_blank\" rel=\"noreferrer noopener\">www.entresemana.mx<\/a><\/p>\n\n\n\n<p class=\"wp-block-paragraph\"><strong>@msanchezlimon<\/strong><\/p>\n\n\n\n<p class=\"wp-block-paragraph\"><strong> @msanchezlimon1<\/strong><\/p>\n","protected":false},"excerpt":{"rendered":"<p>A la administraci\u00f3n del licenciado Andr\u00e9s Manuel la caracteriza la impronta de encontrar enemigos hasta en la sopa; consecuencia de la inexperiencia o los cargos de conciencia.<\/p>\n","protected":false},"author":3,"featured_media":15805,"comment_status":"open","ping_status":"open","sticky":false,"template":"","format":"standard","meta":{"_monsterinsights_skip_tracking":false,"footnotes":""},"categories":[692,105,83,35],"tags":[],"class_list":["post-34033","post","type-post","status-publish","format-standard","has-post-thumbnail","category-692","category-entresemana","category-moises-sanchez-limon","category-opinion"],"_links":{"self":[{"href":"https:\/\/redsemlac.com\/semmexico\/wp-json\/wp\/v2\/posts\/34033","targetHints":{"allow":["GET"]}}],"collection":[{"href":"https:\/\/redsemlac.com\/semmexico\/wp-json\/wp\/v2\/posts"}],"about":[{"href":"https:\/\/redsemlac.com\/semmexico\/wp-json\/wp\/v2\/types\/post"}],"author":[{"embeddable":true,"href":"https:\/\/redsemlac.com\/semmexico\/wp-json\/wp\/v2\/users\/3"}],"replies":[{"embeddable":true,"href":"https:\/\/redsemlac.com\/semmexico\/wp-json\/wp\/v2\/comments?post=34033"}],"version-history":[{"count":0,"href":"https:\/\/redsemlac.com\/semmexico\/wp-json\/wp\/v2\/posts\/34033\/revisions"}],"wp:featuredmedia":[{"embeddable":true,"href":"https:\/\/redsemlac.com\/semmexico\/wp-json\/wp\/v2\/media\/15805"}],"wp:attachment":[{"href":"https:\/\/redsemlac.com\/semmexico\/wp-json\/wp\/v2\/media?parent=34033"}],"wp:term":[{"taxonomy":"category","embeddable":true,"href":"https:\/\/redsemlac.com\/semmexico\/wp-json\/wp\/v2\/categories?post=34033"},{"taxonomy":"post_tag","embeddable":true,"href":"https:\/\/redsemlac.com\/semmexico\/wp-json\/wp\/v2\/tags?post=34033"}],"curies":[{"name":"wp","href":"https:\/\/api.w.org\/{rel}","templated":true}]}}