{"id":34030,"date":"2021-04-06T13:35:14","date_gmt":"2021-04-06T19:35:14","guid":{"rendered":"https:\/\/redsemlac.com\/semmexico\/?p=34030"},"modified":"2023-07-21T16:57:10","modified_gmt":"2023-07-21T21:57:10","slug":"excepcional-que-en-puebla-por-canales-oficiales-se-discuta-el-tema-del-aborto-en-parlamento-abierto","status":"publish","type":"post","link":"https:\/\/redsemlac.com\/semmexico\/excepcional-que-en-puebla-por-canales-oficiales-se-discuta-el-tema-del-aborto-en-parlamento-abierto\/","title":{"rendered":"Excepcional que en Puebla, por canales oficiales, se discuta el tema del aborto en Parlamento Abierto"},"content":{"rendered":"\n<ul class=\"wp-block-list\"><li><strong>Acuerdo entre &nbsp;colectivas feministas e integrantes del Congreso de Puebla<\/strong><\/li><li><strong>Buscan &nbsp;la aprobaci\u00f3n de ley para la Interrupci\u00f3n Legal del Embarazo y respeto a los derechos sexuales y reproductivos<\/strong><\/li><\/ul>\n\n\n\n<p class=\"wp-block-paragraph\"><strong>Elda Montiel<\/strong><\/p>\n\n\n\n<p class=\"wp-block-paragraph\">SemM\u00e9xico, Cd. de M\u00e9xico. 6 de abril 2021.- Hablar &nbsp;abiertamente del aborto legal y que sea en el Congreso del Estado es una coyuntura excepcional, que nunca se hab\u00eda dado en Puebla coincidieron Natalia Arias del Centro de An\u00e1lisis, Formaci\u00f3n e Iniciativa Social (Cafis, a.c.), y la activista Mar\u00eda Luisa \u201cGuichita\u201d Mercedes Galicia Morales, de la Red de Artistas Brujas Puebla. Se trata de canales oficiales, lo cual es a\u00fan m\u00e1s importante.<\/p>\n\n\n\n<p class=\"wp-block-paragraph\">Ambas participan en el Parlamento Abierto sobre derechos sexuales y reproductivos para la eventual discusi\u00f3n de la despenalizaci\u00f3n del aborto convocado por el Congreso de Puebla y que inici\u00f3 este lunes 5 de abril. &nbsp;<\/p>\n\n\n\n<p class=\"wp-block-paragraph\">El Parlamento Abierto surge del acuerdo logrado por los colectivos feministas &nbsp;con los l\u00edderes legislativos de la Junta de Gobierno y Coordinaci\u00f3n Pol\u00edtica de la LX Legislatura. Como se recordar\u00e1 las feministas que tomaron el palacio legislativo en diciembre pasado.<\/p>\n\n\n\n<p class=\"wp-block-paragraph\">Sin embargo, Natalia Arias est\u00e1 consciente que ya no est\u00e1n los diputados que tomaron el acuerdo porque se fueron a hacer campa\u00f1a, pero es alentador que la convocatoria haya tenido una gran aceptaci\u00f3n ya que se inscribieron m\u00e1s de 100 participantes entre acad\u00e9micas, organizaciones y colectivos de feministas y tambi\u00e9n de asociaciones pro vida que presentaran hasta el 27 de abril sus diversas posiciones.<\/p>\n\n\n\n<p class=\"wp-block-paragraph\">Tambi\u00e9n record\u00f3 que el acuerdo para que los l\u00edderes parlamentarios pudieran recobrar el control de la sede del Congreso, era discutir en el pleno la interrupci\u00f3n legal del embarazo (ILE) y la descriminalizaci\u00f3n de las mujeres en sesi\u00f3n extraordinaria durante la primera quincena del mes de abril de 2021, \u201cellos pusieron los tiempos\u201d acot\u00f3.<\/p>\n\n\n\n<p class=\"wp-block-paragraph\">Se comprometieron, los grupos y representaciones legislativas, a no poner obst\u00e1culos para que el tema pasara al pleno del Congreso, por lo que las organizaciones feministas van a presionar para que se presente al pleno por lo menos una de las iniciativas que ya se han presentado para la Interrupci\u00f3n Legal del Embarazo, una de ellas en 2019 y otra en 2020.<\/p>\n\n\n\n<p class=\"wp-block-paragraph\">Por otra parte, Mar\u00eda Luisa \u201cGuichita\u201d que particip\u00f3 en la primera mesa sobre \u201cDerechos sexuales, Derechos reproductivos, y aborto legal: su importancia como derechos humanos\u201d, dio testimonio al igual que Samanta P\u00e1ez Guzm\u00e1n, de Campa\u00f1a por el Aborto Legal, Seguro y Gratuito en Puebla, del aborto que realizaron, cada una, respectivamente, y a los diversos estigmas que se expusieron como la criminalizaci\u00f3n.<\/p>\n\n\n\n<p class=\"wp-block-paragraph\">Samanta lament\u00f3 que en Puebla no se haya legalizado el aborto, y muchas mujeres acuden a otro lugar para abortar de manera segura. \u201cHoy les digo que nunca tuve miedo de abortar, eso me hizo sentir que eso era adecuado y hoy les puede confirmar que s\u00ed lo es, aunque tuve miedo de ir a la c\u00e1rcel porque en Puebla no est\u00e1 despenalizado\u201d.<\/p>\n\n\n\n<p class=\"wp-block-paragraph\">Convencida Mar\u00eda Luisa de seguir en la lucha ha observado que la gente de mayor edad es la que presenta mayor resistencia a estos temas, mientras que las m\u00e1s j\u00f3venes y con educaci\u00f3n visibilizan el derecho de las mujeres a decidir sobre su cuerpo. \u201cNo queremos m\u00e1s ni\u00f1as que sean madres, que las mujeres que abortan no sean estigmatizadas\u201d, afirma. Se muestra confiada en que si se logre la despenalizaci\u00f3n del aborto.<\/p>\n\n\n\n<p class=\"wp-block-paragraph\">Su colectiva est\u00e1 integrada de forma multidisciplinaria por artistas, ella es bailarina, y desde ah\u00ed realizan sus manifestaciones, a veces frente al Congreso u otros espacios. Luchan tambi\u00e9n por la diversidad, y la comunidad LGBTI. Pero advierte que ahorita la lucha central es por la legalizaci\u00f3n del aborto.<\/p>\n\n\n\n<p class=\"wp-block-paragraph\">La presidenta de la Comisi\u00f3n de Derechos Humanos, la diputada Estefan\u00eda Rodr\u00edguez Sandoval modero la Primera Mesa y resalt\u00f3 que este ejercicio tiene la intenci\u00f3n de intercambiar ideas y escuchar todas las posturas de temas como derechos sexuales, de reproducci\u00f3n y aborto legal, que dividen a la sociedad y son de importancia para la ciudadan\u00eda.<\/p>\n\n\n\n<p class=\"wp-block-paragraph\">Tambi\u00e9n participo la doctora Gloria Ram\u00edrez coordinadora de la Catedra UNESCO de Derechos Humanos de la UNAM, quien expres\u00f3 que los derechos no se negocian, pero es cuesti\u00f3n de leyes. \u201cNo es una cosa s\u00ed me parece o no, o si est\u00e1 en acuerdo con mi religi\u00f3n, los derechos humanos son de todas y todos; vale la pena que lean la Constituci\u00f3n\u201d.<\/p>\n\n\n\n<p class=\"wp-block-paragraph\">Tambi\u00e9n exhort\u00f3 a que el Congreso cumpla con las leyes y convenios internacionales a los que est\u00e1 adjudicado M\u00e9xico, que exigen garantizar&nbsp;el acceso de todas las mujeres a todos los servicios de salud y describen los graves resultados de no hacerlo.<\/p>\n\n\n\n<p class=\"wp-block-paragraph\">En los d\u00edas siguientes se discutir\u00e1n los temas de Derechos sexuales y reproductivos en la familia y la ni\u00f1ez; Criminalizaci\u00f3n de las mujeres; Aborto desde el \u00e1mbito de la salud, y la Interrupci\u00f3n Legal del Embarazo, una aproximaci\u00f3n jur\u00eddica, y las mesas ser\u00e1n conducidas por diputados de las Comisiones de Procuraci\u00f3n y Administraci\u00f3n de Justicia, de la Familia y de los Derechos de la Ni\u00f1ez, Salud e Igualdad de G\u00e9nero.<\/p>\n","protected":false},"excerpt":{"rendered":"<p>Acuerdo entre  colectivas feministas e integrantes del Congreso de Puebla<\/p>\n","protected":false},"author":3,"featured_media":34031,"comment_status":"open","ping_status":"open","sticky":false,"template":"","format":"standard","meta":{"_monsterinsights_skip_tracking":false,"footnotes":""},"categories":[692,54],"tags":[],"class_list":["post-34030","post","type-post","status-publish","format-standard","has-post-thumbnail","category-692","category-mujeres"],"_links":{"self":[{"href":"https:\/\/redsemlac.com\/semmexico\/wp-json\/wp\/v2\/posts\/34030","targetHints":{"allow":["GET"]}}],"collection":[{"href":"https:\/\/redsemlac.com\/semmexico\/wp-json\/wp\/v2\/posts"}],"about":[{"href":"https:\/\/redsemlac.com\/semmexico\/wp-json\/wp\/v2\/types\/post"}],"author":[{"embeddable":true,"href":"https:\/\/redsemlac.com\/semmexico\/wp-json\/wp\/v2\/users\/3"}],"replies":[{"embeddable":true,"href":"https:\/\/redsemlac.com\/semmexico\/wp-json\/wp\/v2\/comments?post=34030"}],"version-history":[{"count":0,"href":"https:\/\/redsemlac.com\/semmexico\/wp-json\/wp\/v2\/posts\/34030\/revisions"}],"wp:featuredmedia":[{"embeddable":true,"href":"https:\/\/redsemlac.com\/semmexico\/wp-json\/wp\/v2\/media\/34031"}],"wp:attachment":[{"href":"https:\/\/redsemlac.com\/semmexico\/wp-json\/wp\/v2\/media?parent=34030"}],"wp:term":[{"taxonomy":"category","embeddable":true,"href":"https:\/\/redsemlac.com\/semmexico\/wp-json\/wp\/v2\/categories?post=34030"},{"taxonomy":"post_tag","embeddable":true,"href":"https:\/\/redsemlac.com\/semmexico\/wp-json\/wp\/v2\/tags?post=34030"}],"curies":[{"name":"wp","href":"https:\/\/api.w.org\/{rel}","templated":true}]}}