{"id":34027,"date":"2021-04-06T13:31:51","date_gmt":"2021-04-06T19:31:51","guid":{"rendered":"https:\/\/redsemlac.com\/semmexico\/?p=34027"},"modified":"2023-07-21T16:57:10","modified_gmt":"2023-07-21T21:57:10","slug":"acosan-e-intimidan-a-mujeres-oaxaquenas-que-acuden-a-la-clinica-de-salud-sexual-y-reproductiva-marie-stopes-en-oaxaca","status":"publish","type":"post","link":"https:\/\/redsemlac.com\/semmexico\/acosan-e-intimidan-a-mujeres-oaxaquenas-que-acuden-a-la-clinica-de-salud-sexual-y-reproductiva-marie-stopes-en-oaxaca\/","title":{"rendered":"Acosan e intimidan a mujeres oaxaque\u00f1as que acuden a la cl\u00ednica de salud sexual y reproductiva Marie Stopes en Oaxaca"},"content":{"rendered":"\n<ul class=\"wp-block-list\"><li><strong>Se ponen en peligro los derechos y servicios hoy limitados por la pandemia denuncia la Fundaci\u00f3n<\/strong><\/li><li><strong>M\u00e1s de&nbsp; 300 asociaciones &nbsp;de mujeres y de salud exigen a las autoridades que cese el acoso &nbsp;y se ponga un alto a grupos religiosos<\/strong><\/li><\/ul>\n\n\n\n<p class=\"wp-block-paragraph\"><strong>Libertad L\u00f3pez<\/strong><\/p>\n\n\n\n<p class=\"wp-block-paragraph\">SemM\u00e9xico, Cd. de M\u00e9xico, 6 de abril 2021.- Fundaci\u00f3n Marie Stopes M\u00e9xico y 318 personas y colectivos de mujeres e instituciones &nbsp;exigi\u00f3 que se ponga un alto a&nbsp; catervas religiosas que acosan a mujeres y hombres que asisten a su cl\u00ednica en Oaxaca y se\u00f1al\u00f3&nbsp; que se trata de una campa\u00f1a intimidatoria sistem\u00e1tica desde hace dos a\u00f1os, en un entidad donde la Interrupci\u00f3n Legal del Embarazo es legal.<\/p>\n\n\n\n<p class=\"wp-block-paragraph\">En una denuncia p\u00fablica, apoyada por decenas de personas, y que circula por todo el&nbsp; pa\u00eds, la organizaci\u00f3n advierte que trabaja en el marco de la legalidad mexicana y da un servicio, que en tiempos de pandemia ha sido fundamental, puesto que las autoridades han reconocido que hay escasa distribuci\u00f3n de anticonceptivos y se redujeron los servicios de salud sexual y reproductiva, por la reconversi\u00f3n de los hospitales.<\/p>\n\n\n\n<p class=\"wp-block-paragraph\">Marie Stopes es una&nbsp; organizaci\u00f3n no gubernamental l\u00edder en salud sexual y reproductiva con m\u00e1s de 40 a\u00f1os de experiencia en el mundo y m\u00e1s de 21 a\u00f1os de presencia en M\u00e9xico.<\/p>\n\n\n\n<p class=\"wp-block-paragraph\">La Fundaci\u00f3n Marie Stopes llega a Oaxaca en septiembre de 2020, un a\u00f1o despu\u00e9s de que las oaxaque\u00f1as&nbsp; hicieron posible el acceso a la interrupci\u00f3n legal del embarazo en la entidad, con el objetivo de ser una opci\u00f3n c\u00e1lida, emp\u00e1tica y accesible para mujeres y hombres que deseen acceder a planificaci\u00f3n familiar, interrupci\u00f3n legal del embarazo o a pruebas de detecci\u00f3n de infecciones de transmisi\u00f3n sexual.<\/p>\n\n\n\n<p class=\"wp-block-paragraph\">Narra que desde su llegada&nbsp; a Oaxaca, grupos religiosos se han dado a la tarea de hostigar y violentar a las personas que acuden por un servicio de salud.<\/p>\n\n\n\n<p class=\"wp-block-paragraph\">Advirti\u00f3 que en&nbsp; 2021 el acoso se increment\u00f3 a tal grado que estos manifestantes religiosos impiden el libre ingreso a la cl\u00ednica a las personas que buscan servicios de salud, cercando la entrada principal con pancartas y personas que rodean a las mujeres, las persiguen hasta la entrada o hasta la esquina de la calle, las violentan verbalmente e invaden su espacio personal.<\/p>\n\n\n\n<p class=\"wp-block-paragraph\">&nbsp;Sostuvo que el acoso y hostigamiento de estos manifestantes religiosos impide y vulnera el libre ejercicio de los derechos sexuales y reproductivos de las mujeres.<\/p>\n\n\n\n<p class=\"wp-block-paragraph\">&nbsp;La salud y los derechos sexuales y reproductivos son un importante problema de salud p\u00fablica que requiere de atenci\u00f3n particular durante las pandemias, por ello ponemos mucho m\u00e1s \u00e9nfasis debido a la pandemia por el coronavirus, que ha limitado el acceso a la salud sexual y reproductiva a mujeres y hombres en M\u00e9xico.<\/p>\n\n\n\n<p class=\"wp-block-paragraph\">&nbsp;Describe que este tipo de manifestaciones, en las cuales personas religiosas se aglomeran frente a nuestro centro, intimidan a las y los oaxaque\u00f1os para acceder a estos servicios de salud que son esenciales y, adem\u00e1s, pone en riesgo su salud al exponerse a la concentraci\u00f3n de estos manifestantes religiosos.<\/p>\n\n\n\n<h2 class=\"wp-block-heading\"><strong>&nbsp;Declaraci\u00f3n<\/strong><\/h2>\n\n\n\n<p class=\"wp-block-paragraph\">Consideramos que este tipo de actos resultan intimidantes hacia las mujeres y hombres que se acercan a nosotros y violentan los derechos humanos de las mujeres que buscan ejercer su derecho a decidir en t\u00e9rminos de planificaci\u00f3n familiar lo cual se contempla en el art\u00edculo 4to de la Constituci\u00f3n Pol\u00edtica de los Estados Unidos Mexicanos que se\u00f1ala que \u201ctoda persona tiene derecho a decidir de manera libre, responsable e informada sobre el n\u00famero y el espaciamiento de sus hijos\u201d.<\/p>\n\n\n\n<p class=\"wp-block-paragraph\">&nbsp;Por otro lado, si bien el art\u00edculo 24 de la Constituci\u00f3n Pol\u00edtica de los Estados Unidos Mexicanos reconoce el derecho de las personas a la libertad de convicciones \u00e9ticas, de conciencia y de religi\u00f3n, la ley reglamentaria de este art\u00edculo establece la obligaci\u00f3n de las Asociaciones religiosas de sujetarse a las leyes, respetar los cultos y doctrinas ajenos a su religi\u00f3n y propiciar y asegurar el respeto integral de los derechos humanos de las personas.<\/p>\n\n\n\n<p class=\"wp-block-paragraph\">&nbsp;Por lo anterior, con la intenci\u00f3n de continuar con nuestra labor social y apoyar a hombres y mujeres durante esta contingencia; as\u00ed como proteger la integridad del equipo que conforma Fundaci\u00f3n Marie Stopes M\u00e9xico, solicitamos apoyo y respaldo para garantizar que los derechos de las personas no sean violados y puedan acceder a estos servicios de salud esencial.<\/p>\n\n\n\n<p class=\"wp-block-paragraph\">Firmas de&nbsp; apoyo a Fundaci\u00f3n Marie Stopes y sus actividades a favor de los derechos sexuales y reproductivos de las mujeres mexicanas:<\/p>\n\n\n\n<ol class=\"wp-block-list\" type=\"1\"><li>\u25cf&nbsp;&nbsp;&nbsp;&nbsp;&nbsp;&nbsp;&nbsp;&nbsp; Voces de Mujeres en Acci\u00f3n A.C.<\/li><li>\u25cf&nbsp;&nbsp;&nbsp;&nbsp;&nbsp;&nbsp;&nbsp;&nbsp; B\u00e1rbara P\u00e9rez<\/li><li>\u25cf&nbsp;&nbsp;&nbsp;&nbsp;&nbsp;&nbsp;&nbsp;&nbsp; Sandra H. Cardona Alan\u00eds<\/li><li>\u25cf&nbsp;&nbsp;&nbsp;&nbsp;&nbsp;&nbsp;&nbsp;&nbsp; Red Necesito Abortar<\/li><li>\u25cf&nbsp;&nbsp;&nbsp;&nbsp;&nbsp;&nbsp;&nbsp;&nbsp; Vanessa Jim\u00e9nez Rubalcaba<\/li><li>\u25cf&nbsp;&nbsp;&nbsp;&nbsp;&nbsp;&nbsp;&nbsp;&nbsp; Las Consejeras Oax<\/li><li>\u25cf&nbsp;&nbsp;&nbsp;&nbsp;&nbsp;&nbsp;&nbsp;&nbsp; Dyadha ZH. Morga<\/li><li>\u25cf&nbsp;&nbsp;&nbsp;&nbsp;&nbsp;&nbsp;&nbsp;&nbsp; Colectivo Guendaracane<\/li><li>\u25cf&nbsp;&nbsp;&nbsp;&nbsp;&nbsp;&nbsp;&nbsp;&nbsp; Mexfam Ixtaltepec<\/li><li>\u25cf&nbsp;&nbsp;&nbsp;&nbsp;&nbsp;&nbsp;&nbsp;&nbsp; Samantha Cruz Gordillo<\/li><li>\u25cf&nbsp;&nbsp;&nbsp;&nbsp;&nbsp;&nbsp;&nbsp;&nbsp; Valentina Jaso<\/li><li>\u25cf&nbsp;&nbsp;&nbsp;&nbsp;&nbsp;&nbsp;&nbsp;&nbsp; Campa\u00f1a Estatal por el Derecho al Aborto Legal Seguro y Gratuito Chiapas<\/li><li>\u25cf&nbsp;&nbsp;&nbsp;&nbsp;&nbsp;&nbsp;&nbsp;&nbsp; Red Libre y Sororaria<\/li><li>\u25cf&nbsp;&nbsp;&nbsp;&nbsp;&nbsp;&nbsp;&nbsp;&nbsp; Alejandra Mu\u00f1oz<\/li><li>\u25cf&nbsp;&nbsp;&nbsp;&nbsp;&nbsp;&nbsp;&nbsp;&nbsp; Sexualidades Subversivas<\/li><li>\u25cf&nbsp;&nbsp;&nbsp;&nbsp;&nbsp;&nbsp;&nbsp;&nbsp; Alma Diaz Rojo<\/li><li>\u25cf&nbsp;&nbsp;&nbsp;&nbsp;&nbsp;&nbsp;&nbsp;&nbsp; Itzel Naomi Cortez Hern\u00e1ndez<\/li><li>\u25cf&nbsp;&nbsp;&nbsp;&nbsp;&nbsp;&nbsp;&nbsp;&nbsp; Celia Margarita Cruz<\/li><li>\u25cf&nbsp;&nbsp;&nbsp;&nbsp;&nbsp;&nbsp;&nbsp;&nbsp; Diana Ver\u00f3nica Olmedo Ch\u00e1vez<\/li><li>\u25cf&nbsp;&nbsp;&nbsp;&nbsp;&nbsp;&nbsp;&nbsp;&nbsp; Alan Ariel Ortiz Cece\u00f1a<\/li><li>\u25cf&nbsp;&nbsp;&nbsp;&nbsp;&nbsp;&nbsp;&nbsp;&nbsp; Azahar Hern\u00e1ndez Enr\u00edquez<\/li><li>\u25cf&nbsp;&nbsp;&nbsp;&nbsp;&nbsp;&nbsp;&nbsp;&nbsp; Manuel de Jes\u00fas Solana Salmor\u00e1n<\/li><li>\u25cf&nbsp;&nbsp;&nbsp;&nbsp;&nbsp;&nbsp;&nbsp;&nbsp; Ernesto Uriel Mart\u00ednez Alc\u00e1ntara<\/li><li>\u25cf&nbsp;&nbsp;&nbsp;&nbsp;&nbsp;&nbsp;&nbsp;&nbsp; Adriana Toledano Kolteniuk<\/li><li>\u25cf&nbsp;&nbsp;&nbsp;&nbsp;&nbsp;&nbsp;&nbsp;&nbsp; Sof\u00eda Lozano Snively<\/li><li>\u25cf&nbsp;&nbsp;&nbsp;&nbsp;&nbsp;&nbsp;&nbsp;&nbsp; Colectiva de profesora feminista IMPRUUV<\/li><li>\u25cf&nbsp;&nbsp;&nbsp;&nbsp;&nbsp;&nbsp;&nbsp;&nbsp; Las Marx M\u00e9xico<\/li><li>\u25cf&nbsp;&nbsp;&nbsp;&nbsp;&nbsp;&nbsp;&nbsp;&nbsp; Socorristas y Acompa\u00f1amiento LATAM<\/li><li>\u25cf&nbsp;&nbsp;&nbsp;&nbsp;&nbsp;&nbsp;&nbsp;&nbsp; Las libres, revista<\/li><li>\u25cf&nbsp;&nbsp;&nbsp;&nbsp;&nbsp;&nbsp;&nbsp;&nbsp; Bertha Miranda Rodr\u00edguez<\/li><li>\u25cf&nbsp;&nbsp;&nbsp;&nbsp;&nbsp;&nbsp;&nbsp;&nbsp; Mam\u00e1 Feminista<\/li><li>\u25cf&nbsp;&nbsp;&nbsp;&nbsp;&nbsp;&nbsp;&nbsp;&nbsp; Lorena Guti\u00e9rrez Rangel<\/li><li>\u25cf&nbsp;&nbsp;&nbsp;&nbsp;&nbsp;&nbsp;&nbsp;&nbsp; Mariela Castro Flores<\/li><li>\u25cf&nbsp;&nbsp;&nbsp;&nbsp;&nbsp;&nbsp;&nbsp;&nbsp; Magdalena Velarde Tepoz<\/li><li>\u25cf&nbsp;&nbsp;&nbsp;&nbsp;&nbsp;&nbsp;&nbsp;&nbsp; Lidia Florencio Guerrero<\/li><li>\u25cf&nbsp;&nbsp;&nbsp;&nbsp;&nbsp;&nbsp;&nbsp;&nbsp; Silvia Vargas Velasco<\/li><li>\u25cf&nbsp;&nbsp;&nbsp;&nbsp;&nbsp;&nbsp;&nbsp;&nbsp; Jes\u00fas Quintana Vega<\/li><li>\u25cf&nbsp;&nbsp;&nbsp;&nbsp;&nbsp;&nbsp;&nbsp;&nbsp; Roberto S\u00e1nchez<\/li><li>\u25cf&nbsp;&nbsp;&nbsp;&nbsp;&nbsp;&nbsp;&nbsp;&nbsp; Leocadia Mart\u00ednez Berm\u00fadez<\/li><li>\u25cf&nbsp;&nbsp;&nbsp;&nbsp;&nbsp;&nbsp;&nbsp;&nbsp; Priscila Alvarado Solana<\/li><li>\u25cf&nbsp;&nbsp;&nbsp;&nbsp;&nbsp;&nbsp;&nbsp;&nbsp; Pamela Alvarado Solana<\/li><li>\u25cf&nbsp;&nbsp;&nbsp;&nbsp;&nbsp;&nbsp;&nbsp;&nbsp; Patricia Alvarado Solana<\/li><li>\u25cf&nbsp;&nbsp;&nbsp;&nbsp;&nbsp;&nbsp;&nbsp;&nbsp; Socorristas IMPRUUV<\/li><li>\u25cf&nbsp;&nbsp;&nbsp;&nbsp;&nbsp;&nbsp;&nbsp;&nbsp; Misoamoras<\/li><li>\u25cf&nbsp;&nbsp;&nbsp;&nbsp;&nbsp;&nbsp;&nbsp;&nbsp; Alternativas Pac\u00edficas A.C.<\/li><li>\u25cf&nbsp;&nbsp;&nbsp;&nbsp;&nbsp;&nbsp;&nbsp;&nbsp; Michell Herrera Elizondo<\/li><li>\u25cf&nbsp;&nbsp;&nbsp;&nbsp;&nbsp;&nbsp;&nbsp;&nbsp; Ana Cecila Cant\u00fa Carlos<\/li><li>\u25cf&nbsp;&nbsp;&nbsp;&nbsp;&nbsp;&nbsp;&nbsp;&nbsp; Mujeres Libres COLEM AC,<\/li><li>\u25cf&nbsp;&nbsp;&nbsp;&nbsp;&nbsp;&nbsp;&nbsp;&nbsp; Grupo de Mujeres de San Crist\u00f3bal Las Casas AC<\/li><li>\u25cf&nbsp;&nbsp;&nbsp;&nbsp;&nbsp;&nbsp;&nbsp;&nbsp; Martha Figueroa Mier<\/li><li>\u25cf&nbsp;&nbsp;&nbsp;&nbsp;&nbsp;&nbsp;&nbsp;&nbsp; Nancy Elguezabal<\/li><li>\u25cf&nbsp;&nbsp;&nbsp;&nbsp;&nbsp;&nbsp;&nbsp;&nbsp; Elizabeth S\u00e1nchez Gonz\u00e1lez,&nbsp; Casa Com\u00fan A.C<\/li><li>\u25cf&nbsp;&nbsp;&nbsp;&nbsp;&nbsp;&nbsp;&nbsp;&nbsp; Lizeth G\u00e1mez Grijalva<\/li><li>\u25cf&nbsp;&nbsp;&nbsp;&nbsp;&nbsp;&nbsp;&nbsp;&nbsp; Zedxi Vel\u00e1zquez Fiallo, ddeser Chiapas<\/li><li>\u25cf&nbsp;&nbsp;&nbsp;&nbsp;&nbsp;&nbsp;&nbsp;&nbsp; Kaya Gonz\u00e1lez<\/li><li>\u25cf&nbsp;&nbsp;&nbsp;&nbsp;&nbsp;&nbsp;&nbsp;&nbsp; Magaly Jim\u00e9nez S\u00e1nchez<\/li><li>\u25cf&nbsp;&nbsp;&nbsp;&nbsp;&nbsp;&nbsp;&nbsp;&nbsp; Socialis A. C<\/li><li>\u25cf&nbsp;&nbsp;&nbsp;&nbsp;&nbsp;&nbsp;&nbsp;&nbsp; Edmundo Arana Estrada, Democracia y Sexualidad. A. C<\/li><li>\u25cf&nbsp;&nbsp;&nbsp;&nbsp;&nbsp;&nbsp;&nbsp;&nbsp; Areli Alexandra Serrano Alta<\/li><li>\u25cf&nbsp;&nbsp;&nbsp;&nbsp;&nbsp;&nbsp;&nbsp;&nbsp; Carlos Miguel Mel\u00e9ndez Garc\u00eda<\/li><li>\u25cf&nbsp;&nbsp;&nbsp;&nbsp;&nbsp;&nbsp;&nbsp;&nbsp; Indira Lyzbeth Rivera Hern\u00e1ndez<\/li><li>\u25cf&nbsp;&nbsp;&nbsp;&nbsp;&nbsp;&nbsp;&nbsp;&nbsp; Karina Mu\u00f1oz Tapia, CDMX<\/li><li>\u25cf&nbsp;&nbsp;&nbsp;&nbsp;&nbsp;&nbsp;&nbsp;&nbsp; AborTam Tamaulipas Aborta<\/li><li>\u25cf&nbsp;&nbsp;&nbsp;&nbsp;&nbsp;&nbsp;&nbsp;&nbsp; Marea Verde Tamaulipas<\/li><li>\u25cf&nbsp;&nbsp;&nbsp;&nbsp;&nbsp;&nbsp;&nbsp;&nbsp; Colectiva FeMiztli (Tamaulipas)<\/li><li>\u25cf&nbsp;&nbsp;&nbsp;&nbsp;&nbsp;&nbsp;&nbsp;&nbsp; Roselia Guti\u00e9rrez L.<\/li><li>\u25cf&nbsp;&nbsp;&nbsp;&nbsp;&nbsp;&nbsp;&nbsp;&nbsp; Danae D\u00edaz Cruz<\/li><li>\u25cf&nbsp;&nbsp;&nbsp;&nbsp;&nbsp;&nbsp;&nbsp;&nbsp; Julia Escalante De Haro<\/li><li>\u25cf&nbsp;&nbsp;&nbsp;&nbsp;&nbsp;&nbsp;&nbsp;&nbsp; Clara Santos Melo, CDMX<\/li><li>\u25cf&nbsp;&nbsp;&nbsp;&nbsp;&nbsp;&nbsp;&nbsp;&nbsp; RA\u00cdCES, An\u00e1lisis de G\u00e9nero para el Desarrollo, A.C<\/li><li>\u25cf&nbsp;&nbsp;&nbsp;&nbsp;&nbsp;&nbsp;&nbsp;&nbsp; Comit\u00e9 de Am\u00e9rica Latina y el Caribe para la Defensa de los Derechos de las Mujeres, CLADEM.<\/li><li>\u25cf&nbsp;&nbsp;&nbsp;&nbsp;&nbsp;&nbsp;&nbsp;&nbsp; Colectiva Marea Verde Jur\u00eddica<\/li><li>\u25cf&nbsp;&nbsp;&nbsp;&nbsp;&nbsp;&nbsp;&nbsp;&nbsp; Oralia Torres de la Pe\u00f1a<\/li><li>\u25cf&nbsp;&nbsp;&nbsp;&nbsp;&nbsp;&nbsp;&nbsp;&nbsp; Aborto Seguro Sonora<\/li><li>\u25cf&nbsp;&nbsp;&nbsp;&nbsp;&nbsp;&nbsp;&nbsp;&nbsp; Marea Verde Sonora<\/li><li>\u25cf&nbsp;&nbsp;&nbsp;&nbsp;&nbsp;&nbsp;&nbsp;&nbsp; Ni\u00f1as Feministas MX<\/li><li>\u25cf&nbsp;&nbsp;&nbsp;&nbsp;&nbsp;&nbsp;&nbsp;&nbsp; Las de abajo<\/li><li>\u25cf&nbsp;&nbsp;&nbsp;&nbsp;&nbsp;&nbsp;&nbsp;&nbsp; Des\u00e9rticas Films<\/li><li>\u25cf&nbsp;&nbsp;&nbsp;&nbsp;&nbsp;&nbsp;&nbsp;&nbsp; Mi \u00datero Feliz A.C.<\/li><li>\u25cf&nbsp;&nbsp;&nbsp;&nbsp;&nbsp;&nbsp;&nbsp;&nbsp; X\u00f3chitl V. Mart\u00ednez Arango, Ags., Ags.<\/li><li>\u25cf&nbsp;&nbsp;&nbsp;&nbsp;&nbsp;&nbsp;&nbsp;&nbsp; Paola C\u00e1rdenas Rubalcaba. Le\u00f3n, Guanajuato.<\/li><li>\u25cf&nbsp;&nbsp;&nbsp;&nbsp;&nbsp;&nbsp;&nbsp;&nbsp; Laura Rosario Dorado Olivas<\/li><li>\u25cf&nbsp;&nbsp;&nbsp;&nbsp;&nbsp;&nbsp;&nbsp;&nbsp; Marea Verde Guerrero<\/li><li>\u25cf&nbsp;&nbsp;&nbsp;&nbsp;&nbsp;&nbsp;&nbsp;&nbsp; Colectivo Buena vida y poca verg\u00fcenza<\/li><li>\u25cf&nbsp;&nbsp;&nbsp;&nbsp;&nbsp;&nbsp;&nbsp;&nbsp; Soledad Ureiro Bruno<\/li><li>\u25cf&nbsp;&nbsp;&nbsp;&nbsp;&nbsp;&nbsp;&nbsp;&nbsp; Ligia Itzel Granados Orozco<\/li><li>\u25cf&nbsp;&nbsp;&nbsp;&nbsp;&nbsp;&nbsp;&nbsp;&nbsp; R. Patricia<\/li><li>\u25cf&nbsp;&nbsp;&nbsp;&nbsp;&nbsp;&nbsp;&nbsp;&nbsp; Rebeca Olivas V\u00e1zquez, Chihuahua, Chih<\/li><li>\u25cf&nbsp;&nbsp;&nbsp;&nbsp;&nbsp;&nbsp;&nbsp;&nbsp; Alma Celia San Mart\u00edn Cruz OCNF VERACRUZ<\/li><li>\u25cf&nbsp;&nbsp;&nbsp;&nbsp;&nbsp;&nbsp;&nbsp;&nbsp; Martha Mendoza Parissi, acad\u00e9mica feminista<\/li><li>\u25cf&nbsp;&nbsp;&nbsp;&nbsp;&nbsp;&nbsp;&nbsp;&nbsp; Josefina Aranda, Oaxaca<\/li><li>\u25cf&nbsp;&nbsp;&nbsp;&nbsp;&nbsp;&nbsp;&nbsp;&nbsp; JENNY ALHEL\u00cd G\u00d3MEZ ROSAS<\/li><li>\u25cf&nbsp;&nbsp;&nbsp;&nbsp;&nbsp;&nbsp;&nbsp;&nbsp; Marcela Castro Flores, Chihuahua, chih.<\/li><li>\u25cf&nbsp;&nbsp;&nbsp;&nbsp;&nbsp;&nbsp;&nbsp;&nbsp; ANDREA TENORIO JIM\u00c9NEZ<\/li><li>\u25cf&nbsp;&nbsp;&nbsp;&nbsp;&nbsp;&nbsp;&nbsp;&nbsp; Elsy Betsa Caballero Cruz Oaxaca de Ju\u00e1rez<\/li><li>\u25cf&nbsp;&nbsp;&nbsp;&nbsp;&nbsp;&nbsp;&nbsp;&nbsp; KAREN ALONDRA CHAVEZ ARANA, Chihuahua, Chih.<\/li><li>\u25cf&nbsp;&nbsp;&nbsp;&nbsp;&nbsp;&nbsp;&nbsp;&nbsp; Mariana Libertad Espinoza<\/li><li>\u25cf&nbsp;&nbsp;&nbsp;&nbsp;&nbsp;&nbsp;&nbsp;&nbsp; Perla Bel\u00e9n Torres Trujillo<\/li><li>\u25cf&nbsp;&nbsp;&nbsp;&nbsp;&nbsp;&nbsp;&nbsp;&nbsp; Azucena Palma Mena<\/li><li>\u25cf&nbsp;&nbsp;&nbsp;&nbsp;&nbsp;&nbsp;&nbsp;&nbsp; Est\u00e9fany Cuevas Ram\u00edrez<\/li><li>\u25cf&nbsp;&nbsp;&nbsp;&nbsp;&nbsp;&nbsp;&nbsp;&nbsp; Dania Estefan\u00eda Sim\u00f3n Salvador<\/li><li>\u25cf&nbsp;&nbsp;&nbsp;&nbsp;&nbsp;&nbsp;&nbsp;&nbsp; Evelyn Due\u00f1as Guti\u00e9rrez<\/li><li>\u25cf&nbsp;&nbsp;&nbsp;&nbsp;&nbsp;&nbsp;&nbsp;&nbsp; Beatriz Adriana Salazar Rivas<\/li><li>\u25cf&nbsp;&nbsp;&nbsp;&nbsp;&nbsp;&nbsp;&nbsp;&nbsp; \u00c1ureas Mx<\/li><li>\u25cf&nbsp;&nbsp;&nbsp;&nbsp;&nbsp;&nbsp;&nbsp;&nbsp; Cada Gaviota AC&nbsp;<\/li><li>\u25cf&nbsp;&nbsp;&nbsp;&nbsp;&nbsp;&nbsp;&nbsp;&nbsp; Edith Lima B\u00e1ez<\/li><li>\u25cf&nbsp;&nbsp;&nbsp;&nbsp;&nbsp;&nbsp;&nbsp;&nbsp; Betzab\u00e9 Hern\u00e1ndez Miguel<\/li><li>\u25cf&nbsp;&nbsp;&nbsp;&nbsp;&nbsp;&nbsp;&nbsp;&nbsp; Samantha B\u00e1ez<\/li><li>\u25cf&nbsp;&nbsp;&nbsp;&nbsp;&nbsp;&nbsp;&nbsp;&nbsp; Colectiva Nueva Leona Radical.<\/li><li>\u25cf&nbsp;&nbsp;&nbsp;&nbsp;&nbsp;&nbsp;&nbsp;&nbsp; Viridiana Campos de Ags.<\/li><li>\u25cf&nbsp;&nbsp;&nbsp;&nbsp;&nbsp;&nbsp;&nbsp;&nbsp; Juan Andrade, Ags.<\/li><li>\u25cf&nbsp;&nbsp;&nbsp;&nbsp;&nbsp;&nbsp;&nbsp;&nbsp; Libertad Flores Mart\u00ednez, Le\u00f3n, Gto.<\/li><li>\u25cf&nbsp;&nbsp;&nbsp;&nbsp;&nbsp;&nbsp;&nbsp;&nbsp; Vanesa Gonz\u00e1lez-Rizzo Krasniansky. Derechos, Autonom\u00edas y Sexualidades AC (DAS Canc\u00fan)<\/li><li>\u25cf&nbsp;&nbsp;&nbsp;&nbsp;&nbsp;&nbsp;&nbsp;&nbsp; Colectiva Diosas del hilo Oaxaca<\/li><li>\u25cf&nbsp;&nbsp;&nbsp;&nbsp;&nbsp;&nbsp;&nbsp;&nbsp; Meraki: Tejiendo Comunidad A.C.<\/li><li>\u25cf&nbsp;&nbsp;&nbsp;&nbsp;&nbsp;&nbsp;&nbsp;&nbsp; Karla Karina Castellanos Cortaza<\/li><li>\u25cf&nbsp;&nbsp;&nbsp;&nbsp;&nbsp;&nbsp;&nbsp;&nbsp; Jezabel Berenice P\u00e9rez S\u00e1nchez<\/li><li>\u25cf&nbsp;&nbsp;&nbsp;&nbsp;&nbsp;&nbsp;&nbsp;&nbsp; Cinayini Carrasco Colotla<\/li><li>\u25cf&nbsp;&nbsp;&nbsp;&nbsp;&nbsp;&nbsp;&nbsp;&nbsp; Odesyr, A.C.<\/li><li>\u25cf&nbsp;&nbsp;&nbsp;&nbsp;&nbsp;&nbsp;&nbsp;&nbsp; Yesica Azucena D\u00edaz Cruz&nbsp;<\/li><li>\u25cf&nbsp;&nbsp;&nbsp;&nbsp;&nbsp;&nbsp;&nbsp;&nbsp; Dayse Melissa Mart\u00ednez Silva<\/li><li>\u25cf&nbsp;&nbsp;&nbsp;&nbsp;&nbsp;&nbsp;&nbsp;&nbsp; Catalina Rivera Guerrero<\/li><li>\u25cf&nbsp;&nbsp;&nbsp;&nbsp;&nbsp;&nbsp;&nbsp;&nbsp; Florinda Guerrero Hern\u00e1ndez<\/li><li>\u25cf&nbsp;&nbsp;&nbsp;&nbsp;&nbsp;&nbsp;&nbsp;&nbsp; Dalias Colectiva de Feministas Universitarias (Chiapas)<\/li><li>\u25cf&nbsp;&nbsp;&nbsp;&nbsp;&nbsp;&nbsp;&nbsp;&nbsp; Hadad Astrid Aguirre L\u00f3pez<\/li><li>\u25cf&nbsp;&nbsp;&nbsp;&nbsp;&nbsp;&nbsp;&nbsp;&nbsp; Carolina Roc\u00edo Garc\u00eda Hern\u00e1ndez<\/li><li>\u25cf&nbsp;&nbsp;&nbsp;&nbsp;&nbsp;&nbsp;&nbsp;&nbsp; Laura Mar\u00eda Kavanagh<\/li><li>\u25cf&nbsp;&nbsp;&nbsp;&nbsp;&nbsp;&nbsp;&nbsp;&nbsp; Frente por los Derechos Sexuales y Reproductivos en Oaxaca<\/li><li>\u25cf&nbsp;&nbsp;&nbsp;&nbsp;&nbsp;&nbsp;&nbsp;&nbsp; Ver\u00f3nica Itzel Luna de Le\u00f3n<\/li><li>\u25cf&nbsp;&nbsp;&nbsp;&nbsp;&nbsp;&nbsp;&nbsp;&nbsp; Nadia L\u00f3pez Velasco&nbsp;<\/li><li>\u25cf&nbsp;&nbsp;&nbsp;&nbsp;&nbsp;&nbsp;&nbsp;&nbsp; Paulina Casta\u00f1eda Morante<\/li><li>\u25cf&nbsp;&nbsp;&nbsp;&nbsp;&nbsp;&nbsp;&nbsp;&nbsp; Grupo de estudios sobre la mujer Rosario Castellanos A.C.<\/li><li>\u25cf&nbsp;&nbsp;&nbsp;&nbsp;&nbsp;&nbsp;&nbsp;&nbsp; Marea Verde Oaxaca<\/li><li>\u25cf&nbsp;&nbsp;&nbsp;&nbsp;&nbsp;&nbsp;&nbsp;&nbsp; Ximena Avellaneda<\/li><li>\u25cf&nbsp;&nbsp;&nbsp;&nbsp;&nbsp;&nbsp;&nbsp;&nbsp; Rosario Mart\u00ednez<\/li><li>\u25cf&nbsp;&nbsp;&nbsp;&nbsp;&nbsp;&nbsp;&nbsp;&nbsp; Tania Melchor<\/li><li>\u25cf&nbsp;&nbsp;&nbsp;&nbsp;&nbsp;&nbsp;&nbsp;&nbsp; Ang\u00e9lica Ayala Ortiz.<\/li><li>\u25cf&nbsp;&nbsp;&nbsp;&nbsp;&nbsp;&nbsp;&nbsp;&nbsp; Alma Patricia Ram\u00edrez L\u00f3pez<\/li><li>\u25cf&nbsp;&nbsp;&nbsp;&nbsp;&nbsp;&nbsp;&nbsp;&nbsp; Lizeth Mejorada<\/li><li>\u25cf&nbsp;&nbsp;&nbsp;&nbsp;&nbsp;&nbsp;&nbsp;&nbsp; Puebla Vigila A.C<\/li><li>\u25cf&nbsp;&nbsp;&nbsp;&nbsp;&nbsp;&nbsp;&nbsp;&nbsp; Jocelyne Guadalupe Hern\u00e1ndez<\/li><li>\u25cf&nbsp;&nbsp;&nbsp;&nbsp;&nbsp;&nbsp;&nbsp;&nbsp; Mar\u00edas Aborteras del diablo<\/li><li>\u25cf&nbsp;&nbsp;&nbsp;&nbsp;&nbsp;&nbsp;&nbsp;&nbsp; Aborto Legal EdoMex Ya<\/li><li>\u25cf&nbsp;&nbsp;&nbsp;&nbsp;&nbsp;&nbsp;&nbsp;&nbsp; Alejandra Rivas Huitr\u00f3n<\/li><li>\u25cf&nbsp;&nbsp;&nbsp;&nbsp;&nbsp;&nbsp;&nbsp;&nbsp; Apoyo psicol\u00f3gico Gotitas de Cielo<\/li><li>\u25cf&nbsp;&nbsp;&nbsp;&nbsp;&nbsp;&nbsp;&nbsp;&nbsp; Jessica Ortega \u00c1vila<\/li><li>\u25cf&nbsp;&nbsp;&nbsp;&nbsp;&nbsp;&nbsp;&nbsp;&nbsp; Jessica Karen Mart\u00ednez Rodr\u00edguez<\/li><li>\u25cf&nbsp;&nbsp;&nbsp;&nbsp;&nbsp;&nbsp;&nbsp;&nbsp; Andrea Mariana Nicol\u00e1s Granados<\/li><li>\u25cf&nbsp;&nbsp;&nbsp;&nbsp;&nbsp;&nbsp;&nbsp;&nbsp; Escuela de Formaci\u00f3n Feminista, Granero Violeta generaci\u00f3n 20-21<\/li><li>\u25cf&nbsp;&nbsp;&nbsp;&nbsp;&nbsp;&nbsp;&nbsp;&nbsp; Lupita Ru\u00edz Couti\u00f1o<\/li><li>\u25cf&nbsp;&nbsp;&nbsp;&nbsp;&nbsp;&nbsp;&nbsp;&nbsp; Adriana Elias de la Mora<\/li><li>\u25cf&nbsp;&nbsp;&nbsp;&nbsp;&nbsp;&nbsp;&nbsp;&nbsp; Perla Dalila S\u00e1nchez Dom\u00ednguez<\/li><li>\u25cf&nbsp;&nbsp;&nbsp;&nbsp;&nbsp;&nbsp;&nbsp;&nbsp; Alejandra Peralta Santos,&nbsp; Orizaba Veracruz<\/li><li>\u25cf&nbsp;&nbsp;&nbsp;&nbsp;&nbsp;&nbsp;&nbsp;&nbsp; Argentina Mendiola, Chiapas<\/li><li>\u25cf&nbsp;&nbsp;&nbsp;&nbsp;&nbsp;&nbsp;&nbsp;&nbsp; Cinthia Viridiana Hern\u00e1ndez Contreras, Oaxaca<\/li><li>\u25cf&nbsp;&nbsp;&nbsp;&nbsp;&nbsp;&nbsp;&nbsp;&nbsp; Viridiana Garc\u00eda<\/li><li>\u25cf&nbsp;&nbsp;&nbsp;&nbsp;&nbsp;&nbsp;&nbsp;&nbsp; Estefan\u00eda Silva<\/li><li>\u25cf&nbsp;&nbsp;&nbsp;&nbsp;&nbsp;&nbsp;&nbsp;&nbsp; B\u00e1rbara Reymundo<\/li><li>\u25cf&nbsp;&nbsp;&nbsp;&nbsp;&nbsp;&nbsp;&nbsp;&nbsp; Aleida Candiani<\/li><li>\u25cf&nbsp;&nbsp;&nbsp;&nbsp;&nbsp;&nbsp;&nbsp;&nbsp; Fabiola Orihuela Cort\u00e9s<\/li><li>\u25cf&nbsp;&nbsp;&nbsp;&nbsp;&nbsp;&nbsp;&nbsp;&nbsp; REDefine Guerrero<\/li><li>\u25cf&nbsp;&nbsp;&nbsp;&nbsp;&nbsp;&nbsp;&nbsp;&nbsp; L\u00ednea Aborto Chiapas<\/li><li>\u25cf&nbsp;&nbsp;&nbsp;&nbsp;&nbsp;&nbsp;&nbsp;&nbsp; Isabel P\u00e9rez, Nuevo Le\u00f3n<\/li><li>\u25cf&nbsp;&nbsp;&nbsp;&nbsp;&nbsp;&nbsp;&nbsp;&nbsp; Mar\u00eda Fernanda Carballo<\/li><li>\u25cf&nbsp;&nbsp;&nbsp;&nbsp;&nbsp;&nbsp;&nbsp;&nbsp; Isidora Reyes M\u00e1rquez, Guerrero.<\/li><li>\u25cf&nbsp;&nbsp;&nbsp;&nbsp;&nbsp;&nbsp;&nbsp;&nbsp; Mirza Tello<\/li><li>\u25cf&nbsp;&nbsp;&nbsp;&nbsp;&nbsp;&nbsp;&nbsp;&nbsp; Centro de Estudios y Fortalecimiento Comunitario Mano Vuelta A.C<\/li><li>\u25cf&nbsp;&nbsp;&nbsp;&nbsp;&nbsp;&nbsp;&nbsp;&nbsp; Montserrat Rodr\u00edguez Brizuela<\/li><li>\u25cf&nbsp;&nbsp;&nbsp;&nbsp;&nbsp;&nbsp;&nbsp;&nbsp; Naxhielli Arreola<\/li><li>\u25cf&nbsp;&nbsp;&nbsp;&nbsp;&nbsp;&nbsp;&nbsp;&nbsp; Entre Amigas Sororas.<\/li><li>\u25cf&nbsp;&nbsp;&nbsp;&nbsp;&nbsp;&nbsp;&nbsp;&nbsp; Letra Verde A.C.<\/li><li>\u25cf&nbsp;&nbsp;&nbsp;&nbsp;&nbsp;&nbsp;&nbsp;&nbsp; Laura Susana Ch\u00eda P\u00e9rez<\/li><li>\u25cf&nbsp;&nbsp;&nbsp;&nbsp;&nbsp;&nbsp;&nbsp;&nbsp; Ana Mar\u00eda Hern\u00e1ndez C\u00e1rdenas<\/li><li>\u25cf&nbsp;&nbsp;&nbsp;&nbsp;&nbsp;&nbsp;&nbsp;&nbsp; Tan\u00eda Lorena Galv\u00e1n Garc\u00eda<\/li><li>\u25cf&nbsp;&nbsp;&nbsp;&nbsp;&nbsp;&nbsp;&nbsp;&nbsp; Lizbeth Avenda\u00f1o M.<\/li><li>\u25cf&nbsp;&nbsp;&nbsp;&nbsp;&nbsp;&nbsp;&nbsp;&nbsp; Denisse Barrientos Reyes, Coatlicue SiempreViva<\/li><li>\u25cf&nbsp;&nbsp;&nbsp;&nbsp;&nbsp;&nbsp;&nbsp;&nbsp; Tanairi del Roc\u00edo Cortes Loyola<\/li><li>\u25cf&nbsp;&nbsp;&nbsp;&nbsp;&nbsp;&nbsp;&nbsp;&nbsp; Lol Canul, activista independiente<\/li><li>\u25cf&nbsp;&nbsp;&nbsp;&nbsp;&nbsp;&nbsp;&nbsp;&nbsp; Soledad Jarqu\u00edn Edgar<\/li><li>\u25cf&nbsp;&nbsp;&nbsp;&nbsp;&nbsp;&nbsp;&nbsp;&nbsp; Anacahuitas, las t\u00edas feministas<\/li><li>\u25cf&nbsp;&nbsp;&nbsp;&nbsp;&nbsp;&nbsp;&nbsp;&nbsp; Diana Paola Valencia G\u00f3mez<\/li><li>\u25cf&nbsp;&nbsp;&nbsp;&nbsp;&nbsp;&nbsp;&nbsp;&nbsp; Cat\u00f3licas por el Derecho a Decidir A.C.<\/li><li>\u25cf&nbsp;&nbsp;&nbsp;&nbsp;&nbsp;&nbsp;&nbsp;&nbsp; Yasm\u00edn Mariche Morales<\/li><li>\u25cf&nbsp;&nbsp;&nbsp;&nbsp;&nbsp;&nbsp;&nbsp;&nbsp; Aborto en Casa Nuevo Le\u00f3n<\/li><li>\u25cf&nbsp;&nbsp;&nbsp;&nbsp;&nbsp;&nbsp;&nbsp;&nbsp; Consorcio Para el Di\u00e1logo Parlamentario y Equidad Oaxaca<\/li><li>\u25cf&nbsp;&nbsp;&nbsp;&nbsp;&nbsp;&nbsp;&nbsp;&nbsp; Leticia Brise\u00f1o Maas<\/li><li>\u25cf&nbsp;&nbsp;&nbsp;&nbsp;&nbsp;&nbsp;&nbsp;&nbsp; Ana Maria Hern\u00e1ndez C\u00e1rdenas<\/li><li>\u25cf&nbsp;&nbsp;&nbsp;&nbsp;&nbsp;&nbsp;&nbsp;&nbsp; Yesica S\u00e1nchez Maya<\/li><li>\u25cf&nbsp;&nbsp;&nbsp;&nbsp;&nbsp;&nbsp;&nbsp;&nbsp; Pilar Muriedas Ju\u00e1rez<\/li><li>\u25cf&nbsp;&nbsp;&nbsp;&nbsp;&nbsp;&nbsp;&nbsp;&nbsp; Patricia Ortega (Guadalajara)<\/li><li>\u25cf&nbsp;&nbsp;&nbsp;&nbsp;&nbsp;&nbsp;&nbsp;&nbsp; Estefan\u00eda Serrato V\u00e1zquez<\/li><li>\u25cf&nbsp;&nbsp;&nbsp;&nbsp;&nbsp;&nbsp;&nbsp;&nbsp; Ajal Yaakun Colectiva Feminista<\/li><li>\u25cf&nbsp;&nbsp;&nbsp;&nbsp;&nbsp;&nbsp;&nbsp;&nbsp; Maria Cristina Montejo Brice\u00f1o<\/li><li>\u25cf&nbsp;&nbsp;&nbsp;&nbsp;&nbsp;&nbsp;&nbsp;&nbsp; Evelin Godinez<\/li><li>\u25cf&nbsp;&nbsp;&nbsp;&nbsp;&nbsp;&nbsp;&nbsp;&nbsp; Frida Moreno<\/li><li>\u25cf&nbsp;&nbsp;&nbsp;&nbsp;&nbsp;&nbsp;&nbsp;&nbsp; Tania Lizeth Cifuentes Santiago<\/li><li>\u25cf&nbsp;&nbsp;&nbsp;&nbsp;&nbsp;&nbsp;&nbsp;&nbsp; Suzanne Veldhuis<\/li><li>\u25cf&nbsp;&nbsp;&nbsp;&nbsp;&nbsp;&nbsp;&nbsp;&nbsp; Gloria P Garc\u00eda Rodr\u00edguez<\/li><li>\u25cf&nbsp;&nbsp;&nbsp;&nbsp;&nbsp;&nbsp;&nbsp;&nbsp; Colectiva Ta&#8217; Taj\u00ed<\/li><li>\u25cf&nbsp;&nbsp;&nbsp;&nbsp;&nbsp;&nbsp;&nbsp;&nbsp; Mariana Aguirre Gonz\u00e1lez (Guadalajara)<\/li><li>\u25cf&nbsp;&nbsp;&nbsp;&nbsp;&nbsp;&nbsp;&nbsp;&nbsp; Eimy Surennath Cajero Hern\u00e1ndez (Oaxaca)<\/li><li>\u25cf&nbsp;&nbsp;&nbsp;&nbsp;&nbsp;&nbsp;&nbsp;&nbsp; Cecilia Olmedo L\u00f3pez (Oaxaca)<\/li><li>\u25cf&nbsp;&nbsp;&nbsp;&nbsp;&nbsp;&nbsp;&nbsp;&nbsp; Colectiva RADFEM Ovarios en Revoluci\u00f3n (Oaxaca)<\/li><li>\u25cf&nbsp;&nbsp;&nbsp;&nbsp;&nbsp;&nbsp;&nbsp;&nbsp; Karla Laureano Rodr\u00edguez<\/li><li>\u25cf&nbsp;&nbsp;&nbsp;&nbsp;&nbsp;&nbsp;&nbsp;&nbsp; Marissa Altamirano D\u00edaz (Guadalajara)<\/li><li>\u25cf&nbsp;&nbsp;&nbsp;&nbsp;&nbsp;&nbsp;&nbsp;&nbsp; Karina Esmeralda Gallegos Ba\u00f1uelos (Gdl)<\/li><li>\u25cf&nbsp;&nbsp;&nbsp;&nbsp;&nbsp;&nbsp;&nbsp;&nbsp; Rub\u00ed Alejandra Gallegos Ba\u00f1uelos (Gdl)<\/li><li>\u25cf&nbsp;&nbsp;&nbsp;&nbsp;&nbsp;&nbsp;&nbsp;&nbsp; Maria del Refugio Ba\u00f1uelos Ayar (Gdl)<\/li><li>\u25cf&nbsp;&nbsp;&nbsp;&nbsp;&nbsp;&nbsp;&nbsp;&nbsp; Lidia Iliana Jim\u00e9nez Rasgado<\/li><li>\u25cf&nbsp;&nbsp;&nbsp;&nbsp;&nbsp;&nbsp;&nbsp;&nbsp; Beatriz Arely Cruz (Oaxaca)<\/li><li>\u25cf&nbsp;&nbsp;&nbsp;&nbsp;&nbsp;&nbsp;&nbsp;&nbsp; Charlynne Curiel (Oaxaca)<\/li><li>\u25cf&nbsp;&nbsp;&nbsp;&nbsp;&nbsp;&nbsp;&nbsp;&nbsp; Dunia C\u00e1rcamo (Oaxaca)<\/li><li>\u25cf&nbsp;&nbsp;&nbsp;&nbsp;&nbsp;&nbsp;&nbsp;&nbsp; Red Aborto Seguro Saltilo (Saltillo)<\/li><li>\u25cf&nbsp;&nbsp;&nbsp;&nbsp;&nbsp;&nbsp;&nbsp;&nbsp; Dulce Maria Cortes Reyna<\/li><li>\u25cf&nbsp;&nbsp;&nbsp;&nbsp;&nbsp;&nbsp;&nbsp;&nbsp; Laura Anah\u00ed Salgado Espinosa<\/li><li>\u25cf&nbsp;&nbsp;&nbsp;&nbsp;&nbsp;&nbsp;&nbsp;&nbsp; Red P\u00farpura. Sororidad para trascender. (Saltillo)<\/li><li>\u25cf&nbsp;&nbsp;&nbsp;&nbsp;&nbsp;&nbsp;&nbsp;&nbsp; Defensoras Digitales Coahuila<\/li><li>\u25cf&nbsp;&nbsp;&nbsp;&nbsp;&nbsp;&nbsp;&nbsp;&nbsp; Consultor\u00eda SALESP (Saltillo)<\/li><li>\u25cf&nbsp;&nbsp;&nbsp;&nbsp;&nbsp;&nbsp;&nbsp;&nbsp; Francisca Duarte Ahumada Zvezda Ninel Castillo Romero<\/li><li>\u25cf&nbsp;&nbsp;&nbsp;&nbsp;&nbsp;&nbsp;&nbsp;&nbsp; Xochiqu\u00e9tzal. Bienestar, Sexualidad y Derechos, A.C.<\/li><li>\u25cf&nbsp;&nbsp;&nbsp;&nbsp;&nbsp;&nbsp;&nbsp;&nbsp; Beatriz Hern\u00e1ndez Bautista<\/li><li>\u25cf&nbsp;&nbsp;&nbsp;&nbsp;&nbsp;&nbsp;&nbsp;&nbsp; Zenaida P\u00e9rez Guti\u00e9rrez<\/li><li>\u25cf&nbsp;&nbsp;&nbsp;&nbsp;&nbsp;&nbsp;&nbsp;&nbsp; Mirelle Rosales S\u00e1nchez<\/li><li>\u25cf&nbsp;&nbsp;&nbsp;&nbsp;&nbsp;&nbsp;&nbsp;&nbsp; Reyna Gabriela Hern\u00e1ndez Hern\u00e1ndez, CDMX<\/li><li>\u25cf&nbsp;&nbsp;&nbsp;&nbsp;&nbsp;&nbsp;&nbsp;&nbsp; Aborta Libre, M\u00e9rida, Yucat\u00e1n<\/li><li>\u25cf&nbsp;&nbsp;&nbsp;&nbsp;&nbsp;&nbsp;&nbsp;&nbsp; Paola Castillo Soriano<\/li><li>\u25cf&nbsp;&nbsp;&nbsp;&nbsp;&nbsp;&nbsp;&nbsp;&nbsp; Hened Musalem Aquino. Casa de Partos Luna Maya Chiapas<\/li><li>\u25cf&nbsp;&nbsp;&nbsp;&nbsp;&nbsp;&nbsp;&nbsp;&nbsp; Jamil M\u00e1rquez<\/li><li>\u25cf&nbsp;&nbsp;&nbsp;&nbsp;&nbsp;&nbsp;&nbsp;&nbsp; Viridiana Bautista<\/li><li>\u25cf&nbsp;&nbsp;&nbsp;&nbsp;&nbsp;&nbsp;&nbsp;&nbsp; Daniela G\u00f3mez (Guadalajara, Jal.)<\/li><li>\u25cf&nbsp;&nbsp;&nbsp;&nbsp;&nbsp;&nbsp;&nbsp;&nbsp; Oralia Armandina Llanes Esquivel<\/li><li>\u25cf&nbsp;&nbsp;&nbsp;&nbsp;&nbsp;&nbsp;&nbsp;&nbsp; Sexualidades A.C.<\/li><li>\u25cf&nbsp;&nbsp;&nbsp;&nbsp;&nbsp;&nbsp;&nbsp;&nbsp; Katya Becerra Ruiz<\/li><li>\u25cf&nbsp;&nbsp;&nbsp;&nbsp;&nbsp;&nbsp;&nbsp;&nbsp; Mar\u00eda del Pilar Gonz\u00e1lez Barreda<\/li><li>\u25cf&nbsp;&nbsp;&nbsp;&nbsp;&nbsp;&nbsp;&nbsp;&nbsp; M\u00f3nica Santiago Pe\u00f1a<\/li><li>\u25cf&nbsp;&nbsp;&nbsp;&nbsp;&nbsp;&nbsp;&nbsp;&nbsp; Rosa Maria Trejo Villalobos&nbsp; CDMX<\/li><li>\u25cf&nbsp;&nbsp;&nbsp;&nbsp;&nbsp;&nbsp;&nbsp;&nbsp; Francisca Duarte Ahumada<\/li><li>\u25cf&nbsp;&nbsp;&nbsp;&nbsp;&nbsp;&nbsp;&nbsp;&nbsp; Fundaci\u00f3n Papachoa A.C.<\/li><li>\u25cf&nbsp;&nbsp;&nbsp;&nbsp;&nbsp;&nbsp;&nbsp;&nbsp; Monserrat Zarahut Garc\u00eda<\/li><li>\u25cf&nbsp;&nbsp;&nbsp;&nbsp;&nbsp;&nbsp;&nbsp;&nbsp; Jezabel Berenice P\u00e9rez S\u00e1nchez<\/li><li>\u25cf&nbsp;&nbsp;&nbsp;&nbsp;&nbsp;&nbsp;&nbsp;&nbsp; Emma Cer\u00f3n D\u00edaz<\/li><li>\u25cf&nbsp;&nbsp;&nbsp;&nbsp;&nbsp;&nbsp;&nbsp;&nbsp; Mar\u00eda Cristina Solano Picazo<\/li><li>\u25cf&nbsp;&nbsp;&nbsp;&nbsp;&nbsp;&nbsp;&nbsp;&nbsp; Niz Yamille G\u00f3mez Hern\u00e1ndez<\/li><li>\u25cf&nbsp;&nbsp;&nbsp;&nbsp;&nbsp;&nbsp;&nbsp;&nbsp; Perla Krisol Medinilla Dom\u00ednguez<\/li><li>\u25cf&nbsp;&nbsp;&nbsp;&nbsp;&nbsp;&nbsp;&nbsp;&nbsp; Magali del Roc\u00edo Sandoval Gonz\u00e1lez<\/li><li>\u25cf&nbsp;&nbsp;&nbsp;&nbsp;&nbsp;&nbsp;&nbsp;&nbsp; Karla Ir\u00e1n G\u00f3mez Quintero<\/li><li>\u25cf&nbsp;&nbsp;&nbsp;&nbsp;&nbsp;&nbsp;&nbsp;&nbsp; Anah\u00ed Sarmiento P\u00e9rez<\/li><li>\u25cf&nbsp;&nbsp;&nbsp;&nbsp;&nbsp;&nbsp;&nbsp;&nbsp; Stephany Adriana Chac\u00f3n Villarreal<\/li><li>\u25cf&nbsp;&nbsp;&nbsp;&nbsp;&nbsp;&nbsp;&nbsp;&nbsp; Ivonne I. Mendoza Salazar<\/li><li>\u25cf&nbsp;&nbsp;&nbsp;&nbsp;&nbsp;&nbsp;&nbsp;&nbsp; Melisa Ag\u00fcero P\u00e9rez<\/li><li>\u25cf&nbsp;&nbsp;&nbsp;&nbsp;&nbsp;&nbsp;&nbsp;&nbsp; Red de Artistas Brujas<\/li><li>\u25cf&nbsp;&nbsp;&nbsp;&nbsp;&nbsp;&nbsp;&nbsp;&nbsp; Casa Com\u00fan A.C<\/li><li>\u25cf&nbsp;&nbsp;&nbsp;&nbsp;&nbsp;&nbsp;&nbsp;&nbsp; Asamblea Feminista de San Crist\u00f3bal de Las Casas, Chiapas<\/li><li>\u25cf&nbsp;&nbsp;&nbsp;&nbsp;&nbsp;&nbsp;&nbsp;&nbsp; Colectiva Las Borders (Mexicali, Baja California)<\/li><li>\u25cf&nbsp;&nbsp;&nbsp;&nbsp;&nbsp;&nbsp;&nbsp;&nbsp; Perla Mart\u00ednez Reynoso<\/li><li>\u25cf&nbsp;&nbsp;&nbsp;&nbsp;&nbsp;&nbsp;&nbsp;&nbsp; Ana Diaz<\/li><li>\u25cf&nbsp;&nbsp;&nbsp;&nbsp;&nbsp;&nbsp;&nbsp;&nbsp; Red de Feministas Peninsulares<\/li><li>\u25cf&nbsp;&nbsp;&nbsp;&nbsp;&nbsp;&nbsp;&nbsp;&nbsp; Ko\u00b4ox tsikbal, colectiva feminista peninsular<\/li><li>\u25cf&nbsp;&nbsp;&nbsp;&nbsp;&nbsp;&nbsp;&nbsp;&nbsp; Hienas de Aline CFU<\/li><li>\u25cf&nbsp;&nbsp;&nbsp;&nbsp;&nbsp;&nbsp;&nbsp;&nbsp; Wendy Berenice Reyes Santiago (@Beral)<\/li><li>\u25cf&nbsp;&nbsp;&nbsp;&nbsp;&nbsp;&nbsp;&nbsp;&nbsp; Aborto Seguro Chihuahua<\/li><li>\u25cf&nbsp;&nbsp;&nbsp;&nbsp;&nbsp;&nbsp;&nbsp;&nbsp; Andrea Correa Villa<\/li><li>\u25cf&nbsp;&nbsp;&nbsp;&nbsp;&nbsp;&nbsp;&nbsp;&nbsp; Coatlicue Siempreviva (Puebla)<\/li><li>\u25cf&nbsp;&nbsp;&nbsp;&nbsp;&nbsp;&nbsp;&nbsp;&nbsp; Miriam Pascual Jim\u00e9nez, abogada defensora de ddhh<\/li><li>\u25cf&nbsp;&nbsp;&nbsp;&nbsp;&nbsp;&nbsp;&nbsp;&nbsp; Coordinadora Feminista Puebla<\/li><li>\u25cf&nbsp;&nbsp;&nbsp;&nbsp;&nbsp;&nbsp;&nbsp;&nbsp; Centro de Estudios para los DDHH y la Justicia Ambiental YURENI A.C.<\/li><li>\u25cf&nbsp;&nbsp;&nbsp;&nbsp;&nbsp;&nbsp;&nbsp;&nbsp; Asamblea de Mujeres Universitarias BUAP (Puebla)<\/li><li>\u25cf&nbsp;&nbsp;&nbsp;&nbsp;&nbsp;&nbsp;&nbsp;&nbsp; Telma Ferrer.<\/li><li>\u25cf&nbsp;&nbsp;&nbsp;&nbsp;&nbsp;&nbsp;&nbsp;&nbsp; Metzeri I. \u00c1vila San Mart\u00edn<\/li><li>\u25cf&nbsp;&nbsp;&nbsp;&nbsp;&nbsp;&nbsp;&nbsp;&nbsp; Frente Veracruzano por la vida y los derechos de las mujeres<\/li><li>\u25cf&nbsp;&nbsp;&nbsp;&nbsp;&nbsp;&nbsp;&nbsp;&nbsp; Laura Hern\u00e1ndez Esquivel<\/li><li>\u25cf&nbsp;&nbsp;&nbsp;&nbsp;&nbsp;&nbsp;&nbsp;&nbsp; Aborto Legal M\u00e9xico<\/li><li>\u25cf&nbsp;&nbsp;&nbsp;&nbsp;&nbsp;&nbsp;&nbsp;&nbsp; Aborto Legal Guanajuato<\/li><li>\u25cf&nbsp;&nbsp;&nbsp;&nbsp;&nbsp;&nbsp;&nbsp;&nbsp; Marea Verde Tabasque\u00f1a<\/li><li>\u25cf&nbsp;&nbsp;&nbsp;&nbsp;&nbsp;&nbsp;&nbsp;&nbsp; Monserrat D\u00edaz<\/li><li>\u25cf&nbsp;&nbsp;&nbsp;&nbsp;&nbsp;&nbsp;&nbsp;&nbsp; Colectivo Feminista de Xalapa, AC<\/li><li>\u25cf&nbsp;&nbsp;&nbsp;&nbsp;&nbsp;&nbsp;&nbsp;&nbsp; Acompa\u00f1antes Laguna<\/li><li>\u25cf&nbsp;&nbsp;&nbsp;&nbsp;&nbsp;&nbsp;&nbsp;&nbsp; Colectivo puerto violeta Frontera, Tabasco.<\/li><li>\u25cf&nbsp;&nbsp;&nbsp;&nbsp;&nbsp;&nbsp;&nbsp;&nbsp; Alejandra Cisneros<\/li><li>\u25cf&nbsp;&nbsp;&nbsp;&nbsp;&nbsp;&nbsp;&nbsp;&nbsp; Claudia Tovilla Borraz<\/li><li>\u25cf&nbsp;&nbsp;&nbsp;&nbsp;&nbsp;&nbsp;&nbsp;&nbsp; Alejandra Villalobos (Jalisco)<\/li><li>\u25cf&nbsp;&nbsp;&nbsp;&nbsp;&nbsp;&nbsp;&nbsp;&nbsp; Mayra Luciano Capetillo (Guanajuato)<\/li><li>\u25cf&nbsp;&nbsp;&nbsp;&nbsp;&nbsp;&nbsp;&nbsp;&nbsp; Jimena Mancera Gonz\u00e1lez (Chihuaha)<\/li><li>\u25cf&nbsp;&nbsp;&nbsp;&nbsp;&nbsp;&nbsp;&nbsp;&nbsp; M\u00e1 del Carmen Garc\u00eda Garc\u00eda<\/li><li>\u25cf&nbsp;&nbsp;&nbsp;&nbsp;&nbsp;&nbsp;&nbsp;&nbsp; Colectivo Mujeres Tierra AC, (Mexicali)<\/li><li>\u25cf&nbsp;&nbsp;&nbsp;&nbsp;&nbsp;&nbsp;&nbsp;&nbsp; Tania Mitzi Gallaga Hern\u00e1ndez (Mexicali)<\/li><li>\u25cf&nbsp;&nbsp;&nbsp;&nbsp;&nbsp;&nbsp;&nbsp;&nbsp; Siria Garibay Marr\u00f3n, () Mexicali)<\/li><li>\u25cf&nbsp;&nbsp;&nbsp;&nbsp;&nbsp;&nbsp;&nbsp;&nbsp; Rosa Evangelina L\u00f3pez L\u00f3pez (Monterrey)<\/li><li>\u25cf&nbsp;&nbsp;&nbsp;&nbsp;&nbsp;&nbsp;&nbsp;&nbsp; Siemprevivas: Red de Acompa\u00f1amiento Aut\u00f3nomo (Ensenada, B. C.)<\/li><li>\u25cf&nbsp;&nbsp;&nbsp;&nbsp;&nbsp;&nbsp;&nbsp;&nbsp; Comunidad Circular AC, (Ensenada)<\/li><li>\u25cf&nbsp;&nbsp;&nbsp;&nbsp;&nbsp;&nbsp;&nbsp;&nbsp; M\u00e1 del Carmen Garc\u00eda Garc\u00eda.<\/li><li>\u25cf&nbsp;&nbsp;&nbsp;&nbsp;&nbsp;&nbsp;&nbsp;&nbsp; Comit\u00e9 de Derechos Humanos de Colima No Gubernamental AC<\/li><li>\u25cf&nbsp;&nbsp;&nbsp;&nbsp;&nbsp;&nbsp;&nbsp;&nbsp; Araceli Calder\u00f3n Cisneros<\/li><li>\u25cf&nbsp;&nbsp;&nbsp;&nbsp;&nbsp;&nbsp;&nbsp;&nbsp; Marla Estrada Sol\u00eds<\/li><li>\u25cf&nbsp;&nbsp;&nbsp;&nbsp;&nbsp;&nbsp;&nbsp;&nbsp; Graciela Abril Hinojosa Cruz<\/li><li>\u25cf&nbsp;&nbsp;&nbsp;&nbsp;&nbsp;&nbsp;&nbsp;&nbsp; Brenda Pamela Sol\u00eds Hern\u00e1ndez<\/li><li>\u25cf&nbsp;&nbsp;&nbsp;&nbsp;&nbsp;&nbsp;&nbsp;&nbsp; X\u00f3chitl Julissa Flores Isabel, (San Luis Potos\u00ed).<\/li><li>\u25cf&nbsp;&nbsp;&nbsp;&nbsp;&nbsp;&nbsp;&nbsp;&nbsp; Sashenka Fierro Res\u00e9ndiz (Ensenada).<\/li><li>\u25cf&nbsp;&nbsp;&nbsp;&nbsp;&nbsp;&nbsp;&nbsp;&nbsp; Silvia Res\u00e9ndiz Flores (Ensenada).<\/li><li>\u25cf&nbsp;&nbsp;&nbsp;&nbsp;&nbsp;&nbsp;&nbsp;&nbsp; CAFIS A.C.<\/li><li>\u25cf&nbsp;&nbsp;&nbsp;&nbsp;&nbsp;&nbsp;&nbsp;&nbsp; ARKALI Espacio Cultural, AC<\/li><li>\u25cf&nbsp;&nbsp;&nbsp;&nbsp;&nbsp;&nbsp;&nbsp;&nbsp; HABLEMOS DE ABORTO (Monterrey)<\/li><li>\u25cf&nbsp;&nbsp;&nbsp;&nbsp;&nbsp;&nbsp;&nbsp;&nbsp; Oreandy Maldonado G. (Mexicali)<\/li><li>\u25cf&nbsp;&nbsp;&nbsp;&nbsp;&nbsp;&nbsp;&nbsp;&nbsp; Leticia Garc\u00eda Villanueva<\/li><li>\u25cf&nbsp;&nbsp;&nbsp;&nbsp;&nbsp;&nbsp;&nbsp;&nbsp; Yosselin Islas Flores<\/li><li>\u25cf&nbsp;&nbsp;&nbsp;&nbsp;&nbsp;&nbsp;&nbsp;&nbsp; Jey Fern\u00e1ndez, activista,&nbsp; Ensenada, Baja California<\/li><li>\u25cf&nbsp;&nbsp;&nbsp;&nbsp;&nbsp;&nbsp;&nbsp;&nbsp; UNE- Ensenada Red, Observatorio del Feminicidio<\/li><li>\u25cf&nbsp;&nbsp;&nbsp;&nbsp;&nbsp;&nbsp;&nbsp;&nbsp; La Necesidad, salud mental feminista e incluyente.<\/li><li>\u25cf&nbsp;&nbsp;&nbsp;&nbsp;&nbsp;&nbsp;&nbsp;&nbsp; (Monterrey)<\/li><li>\u25cf&nbsp;&nbsp;&nbsp;&nbsp;&nbsp;&nbsp;&nbsp;&nbsp; Daniela T\u00e9llez Del Valle, Hidalgo<\/li><li>\u25cf&nbsp;&nbsp;&nbsp;&nbsp;&nbsp;&nbsp;&nbsp;&nbsp; Brenda Patricia Caba\u00f1as Monter, Hidalgo<\/li><li>\u25cf&nbsp;&nbsp;&nbsp;&nbsp;&nbsp;&nbsp;&nbsp;&nbsp; Mirelle Daniela Rosales S\u00e1nchez, Hidalgo<\/li><li>\u25cf&nbsp;&nbsp;&nbsp;&nbsp;&nbsp;&nbsp;&nbsp;&nbsp; Danya Gonz\u00e1lez Hern\u00e1ndez, Hidalgo<\/li><li>\u25cf&nbsp;&nbsp;&nbsp;&nbsp;&nbsp;&nbsp;&nbsp;&nbsp; Roxana Judith Mancilla Hern\u00e1ndez, Hidalgo<\/li><li>\u25cf&nbsp;&nbsp;&nbsp;&nbsp;&nbsp;&nbsp;&nbsp;&nbsp; Axel Enrique Vargas Hinojosa, Hidalgo<\/li><li>\u25cf&nbsp;&nbsp;&nbsp;&nbsp;&nbsp;&nbsp;&nbsp;&nbsp; Di RAMONA AC<\/li><li>\u25cf&nbsp;&nbsp;&nbsp;&nbsp;&nbsp;&nbsp;&nbsp;&nbsp; Marea Verde Hidalgo<\/li><li>\u25cf&nbsp;&nbsp;&nbsp;&nbsp;&nbsp;&nbsp;&nbsp;&nbsp; Agua y Vida: Mujeres, Derechos y Ambiente AC<\/li><\/ol>\n","protected":false},"excerpt":{"rendered":"<p>Se ponen en peligro los derechos y servicios hoy limitados por la pandemia denuncia la Fundaci\u00f3n<\/p>\n","protected":false},"author":3,"featured_media":34028,"comment_status":"open","ping_status":"open","sticky":false,"template":"","format":"standard","meta":{"_monsterinsights_skip_tracking":false,"footnotes":""},"categories":[692,54],"tags":[],"class_list":["post-34027","post","type-post","status-publish","format-standard","has-post-thumbnail","category-692","category-mujeres"],"_links":{"self":[{"href":"https:\/\/redsemlac.com\/semmexico\/wp-json\/wp\/v2\/posts\/34027","targetHints":{"allow":["GET"]}}],"collection":[{"href":"https:\/\/redsemlac.com\/semmexico\/wp-json\/wp\/v2\/posts"}],"about":[{"href":"https:\/\/redsemlac.com\/semmexico\/wp-json\/wp\/v2\/types\/post"}],"author":[{"embeddable":true,"href":"https:\/\/redsemlac.com\/semmexico\/wp-json\/wp\/v2\/users\/3"}],"replies":[{"embeddable":true,"href":"https:\/\/redsemlac.com\/semmexico\/wp-json\/wp\/v2\/comments?post=34027"}],"version-history":[{"count":0,"href":"https:\/\/redsemlac.com\/semmexico\/wp-json\/wp\/v2\/posts\/34027\/revisions"}],"wp:featuredmedia":[{"embeddable":true,"href":"https:\/\/redsemlac.com\/semmexico\/wp-json\/wp\/v2\/media\/34028"}],"wp:attachment":[{"href":"https:\/\/redsemlac.com\/semmexico\/wp-json\/wp\/v2\/media?parent=34027"}],"wp:term":[{"taxonomy":"category","embeddable":true,"href":"https:\/\/redsemlac.com\/semmexico\/wp-json\/wp\/v2\/categories?post=34027"},{"taxonomy":"post_tag","embeddable":true,"href":"https:\/\/redsemlac.com\/semmexico\/wp-json\/wp\/v2\/tags?post=34027"}],"curies":[{"name":"wp","href":"https:\/\/api.w.org\/{rel}","templated":true}]}}