{"id":34024,"date":"2021-04-06T11:32:13","date_gmt":"2021-04-06T17:32:13","guid":{"rendered":"https:\/\/redsemlac.com\/semmexico\/?p=34024"},"modified":"2023-07-21T16:57:10","modified_gmt":"2023-07-21T21:57:10","slug":"cuba-campana-desnaturaliza-violencias-en-infancia-y-adolescencia","status":"publish","type":"post","link":"https:\/\/redsemlac.com\/semmexico\/cuba-campana-desnaturaliza-violencias-en-infancia-y-adolescencia\/","title":{"rendered":"Cuba: Campa\u00f1a desnaturaliza violencias en infancia y adolescencia"},"content":{"rendered":"\n<p class=\"wp-block-paragraph\"><strong>Por Lirians Gordillo Pi\u00f1a<\/strong><\/p>\n\n\n\n<p class=\"wp-block-paragraph\">SemM\u00e9xico\/ SEMlac. La Habana, Cuba. 06 de abril 2021.- Diversas formas de maltrato suelen pasar inadvertidas, a tal punto que se incorporan a la vida cotidiana, la crianza de ni\u00f1as y ni\u00f1os, las relaciones entre adolescentes y la cultura popular en Cuba.<\/p>\n\n\n\n<p class=\"wp-block-paragraph\">Para reconocerlas y transformarlas, una nueva campa\u00f1a de comunicaci\u00f3n propone reflexionar sobre las diferentes formas de maltrato y escenarios en los que tienen lugar.<\/p>\n\n\n\n<p class=\"wp-block-paragraph\">\u00abM\u00eddete\u00bb es el nombre de esta iniciativa, que impulsa la oficina de Unicef en Cuba y cont\u00f3 con la participaci\u00f3n de ni\u00f1as, ni\u00f1os y adolescentes en el proceso creativo. Su objetivo principal es \u00abpotenciar la reflexi\u00f3n cr\u00edtica de las pr\u00e1cticas diarias de ni\u00f1os, ni\u00f1as y adolescentes, familiares y redes de apoyo sobre crianza positiva, equidad de g\u00e9nero y uso de redes sociales\u00bb.<\/p>\n\n\n\n<p class=\"wp-block-paragraph\">La estrategia de comunicaci\u00f3n fue presentada a especialistas y profesionales de los medios durante un taller virtual, el pasado 30 de marzo.<\/p>\n\n\n\n<p class=\"wp-block-paragraph\">Durante el encuentro, que reuni\u00f3 a 29 participantes, entre ellos integrantes del equipo creativo y adolescentes, se compartieron experiencias, vivencias y referencias sobre distintas formas de violencias.<\/p>\n\n\n\n<p class=\"wp-block-paragraph\">El acoso sexual callejero, el abuso sexual infantil, el bullying escolar, el maltrato relacionado con formas de crianza autoritarias y violentas y las violencias que se suceden en el \u00e1mbito de las redes sociales virtuales fueron algunas de las manifestaciones m\u00e1s reiteradas durante el intercambio.<\/p>\n\n\n\n<p class=\"wp-block-paragraph\">\u00abA m\u00ed me dijeron por mucho tiempo lesbiana, por andar con mi mejor amiga\u00bb, coment\u00f3 una de las participantes.<\/p>\n\n\n\n<p class=\"wp-block-paragraph\">\u00abMi vecina les grita a sus hijos todos los problemas que presenta, tanto en su vida laboral como privada, para rega\u00f1arlos y como un m\u00e9todo de ense\u00f1anza, ya que dice que deber\u00edan agradecerle porque no les da golpes\u00bb, agreg\u00f3 una adolescente.<\/p>\n\n\n\n<p class=\"wp-block-paragraph\">\u00abEn la escuela me maltrataban de manera psicol\u00f3gica, pues nunca me hicieron da\u00f1o f\u00edsico\u00bb, rememor\u00f3 otro.<\/p>\n\n\n\n<p class=\"wp-block-paragraph\">Cada recuerdo, relato o reflexi\u00f3n tuvo, entre sus puntos comunes, la naturalizaci\u00f3n de las diversas y complejas formas de violencia que afectan a infantes y adolescentes en el pa\u00eds.<\/p>\n\n\n\n<p class=\"wp-block-paragraph\">A la pregunta de qu\u00e9 productos naturalizan el maltrato, las opiniones apuntaron al humor, la cultura popular y, m\u00e1s recientemente, los memes en las redes sociales.<\/p>\n\n\n\n<p class=\"wp-block-paragraph\">\u00abHay formas de violencia que est\u00e1n totalmente naturalizadas y legitimadas como mecanismos efectivos de crianza, incluso por generaciones diversas. A pesar de todo lo que se ha producido sobre lo nefasto de la violencia en la educaci\u00f3n, todav\u00eda sigue siendo un mecanismo efectivo de crianza; pues se considera, falsamente, que es valiosa\u00bb, alerta Lisy Alina Jorge M\u00e9ndez, jurista y oficial de protecci\u00f3n de Unicef en Cuba.<\/p>\n\n\n\n<p class=\"wp-block-paragraph\">Para llamar la atenci\u00f3n sobre este problema, la campa\u00f1a \u00abM\u00eddete\u00bb tendr\u00e1 como p\u00fablico principal a padres, madres y cuidadores; adolescentes y redes de apoyo; adem\u00e1s del conjunto de adultos que interact\u00faa con ni\u00f1os, ni\u00f1as y adolescentes fuera del entorno familiar, como el profesorado, el vecindario, comunidades de fe, l\u00edderes comunitarios, profesionales de la Psicolog\u00eda y el Derecho, entre otros.<\/p>\n\n\n\n<p class=\"wp-block-paragraph\">Cada vez es m\u00e1s recurrente la apuesta por la comunicaci\u00f3n p\u00fablica para llamar la atenci\u00f3n social sobre problem\u00e1ticas diversas, en particular las violencias generadas por distintas formas de discriminaci\u00f3n, como el machismo, la homofobia, la transfobia y el racismo.<\/p>\n\n\n\n<p class=\"wp-block-paragraph\">En los \u00faltimos a\u00f1os tambi\u00e9n se identifican anuncios, programas televisivos, dramatizados, mensajes en redes sociales y publicaciones que alertan y denuncian las violencias que sufren ni\u00f1as, ni\u00f1os y adolescentes.<\/p>\n\n\n\n<p class=\"wp-block-paragraph\">El paso de este debate de los espacios especializados a la opini\u00f3n p\u00fablica no ha sido lineal ni sencillo y ha estado acompa\u00f1ado de silencios, incomprensiones y resistencias, aseguran especialistas.<\/p>\n\n\n\n<p class=\"wp-block-paragraph\">Para la periodista Mariana Camejo, reportera de la revista Bohemia y coordinadora de la publicaci\u00f3n digital Contexto Magazine, \u00abla comunicaci\u00f3n y el periodismo siempre tienen un rol de utilidad p\u00fablica y podr\u00edan tener mucho poder para la prevenci\u00f3n, pero a\u00fan falta conciencia y osad\u00eda\u00bb.<\/p>\n\n\n\n<p class=\"wp-block-paragraph\">\u00abAhora el reto es pensar procesos y productos comunicativos que le hablen a cada grupo poblacional en un lenguaje que pueda generar reflexi\u00f3n y transformaci\u00f3n. Por eso aplaudo esta experiencia\u00bb, opin\u00f3 Jes\u00fas Mu\u00f1oz, periodista deportivo especializado en g\u00e9nero.<\/p>\n\n\n\n<p class=\"wp-block-paragraph\">Entre los materiales de la campa\u00f1a se incluyen anuncios para televisi\u00f3n y redes sociales, infograf\u00edas y carteles, adem\u00e1s de otras acciones y actividades concebidas para cada p\u00fablico.<\/p>\n\n\n\n<p class=\"wp-block-paragraph\">Lisy Alina Jorge M\u00e9ndez opina que \u00abM\u00eddete\u00bb, adem\u00e1s de ser la primera campa\u00f1a que desde Unicef habla sobre las violencias, puede apoyar otras urgencias, como la generaci\u00f3n de datos e informaci\u00f3n sobre el maltrato que sufren las infancias y adolescencias en el pa\u00eds; la redacci\u00f3n y aprobaci\u00f3n de normas espec\u00edficas que les protejan; la ampliaci\u00f3n de los servicios de atenci\u00f3n a menores v\u00edctimas de maltrato; as\u00ed como la reflexi\u00f3n sobre la utilidad de una entidad que coordine a nivel nacional un sistema de protecci\u00f3n de la infancia.<\/p>\n\n\n\n<p class=\"wp-block-paragraph\">Cuba es reconocida internacionalmente por su voluntad pol\u00edtica y resultados en la protecci\u00f3n de la infancia, aunque no es ajena a una pandemia mundial como las violencias machistas y el maltrato a menores de edad, el abuso infantil, la trata de personas y otros delitos y vulneraci\u00f3n de derechos.<\/p>\n\n\n\n<p class=\"wp-block-paragraph\">Para la jurista y oficial de protecci\u00f3n de Unicef en la naci\u00f3n caribe\u00f1a, el pa\u00eds se encuentra en un momento donde hay m\u00e1s apertura y comprensi\u00f3n para hablar de estos problemas, existen m\u00e1s experiencias positivas, instituciones y organizaciones comprometidas, alianzas que pueden contribuir a avanzar en un problema tan delicado y doloroso.<\/p>\n","protected":false},"excerpt":{"rendered":"<p> Diversas formas de maltrato suelen pasar inadvertidas, a tal punto que se incorporan a la vida cotidiana, la crianza de ni\u00f1as y ni\u00f1os, las relaciones entre adolescentes y la cultura popular en Cuba.<\/p>\n","protected":false},"author":3,"featured_media":34025,"comment_status":"open","ping_status":"open","sticky":false,"template":"","format":"standard","meta":{"_monsterinsights_skip_tracking":false,"footnotes":""},"categories":[692,53],"tags":[],"class_list":["post-34024","post","type-post","status-publish","format-standard","has-post-thumbnail","category-692","category-internacional"],"_links":{"self":[{"href":"https:\/\/redsemlac.com\/semmexico\/wp-json\/wp\/v2\/posts\/34024","targetHints":{"allow":["GET"]}}],"collection":[{"href":"https:\/\/redsemlac.com\/semmexico\/wp-json\/wp\/v2\/posts"}],"about":[{"href":"https:\/\/redsemlac.com\/semmexico\/wp-json\/wp\/v2\/types\/post"}],"author":[{"embeddable":true,"href":"https:\/\/redsemlac.com\/semmexico\/wp-json\/wp\/v2\/users\/3"}],"replies":[{"embeddable":true,"href":"https:\/\/redsemlac.com\/semmexico\/wp-json\/wp\/v2\/comments?post=34024"}],"version-history":[{"count":0,"href":"https:\/\/redsemlac.com\/semmexico\/wp-json\/wp\/v2\/posts\/34024\/revisions"}],"wp:featuredmedia":[{"embeddable":true,"href":"https:\/\/redsemlac.com\/semmexico\/wp-json\/wp\/v2\/media\/34025"}],"wp:attachment":[{"href":"https:\/\/redsemlac.com\/semmexico\/wp-json\/wp\/v2\/media?parent=34024"}],"wp:term":[{"taxonomy":"category","embeddable":true,"href":"https:\/\/redsemlac.com\/semmexico\/wp-json\/wp\/v2\/categories?post=34024"},{"taxonomy":"post_tag","embeddable":true,"href":"https:\/\/redsemlac.com\/semmexico\/wp-json\/wp\/v2\/tags?post=34024"}],"curies":[{"name":"wp","href":"https:\/\/api.w.org\/{rel}","templated":true}]}}