{"id":34003,"date":"2021-04-05T11:40:58","date_gmt":"2021-04-05T17:40:58","guid":{"rendered":"https:\/\/redsemlac.com\/semmexico\/?p=34003"},"modified":"2023-07-21T16:57:11","modified_gmt":"2023-07-21T21:57:11","slug":"en-oaxaca-uno-de-cada-tres-procedimientos-sancionadores-llega-a-un-tribunal","status":"publish","type":"post","link":"https:\/\/redsemlac.com\/semmexico\/en-oaxaca-uno-de-cada-tres-procedimientos-sancionadores-llega-a-un-tribunal\/","title":{"rendered":"En Oaxaca, uno de cada tres procedimientos sancionadores llega a un tribunal"},"content":{"rendered":"\n<ul class=\"wp-block-list\"><li><strong>Autoridades municipales quienes m\u00e1s actos de violencia pol\u00edtica en raz\u00f3n de g\u00e9nero cometen<\/strong><\/li><\/ul>\n\n\n\n<ul class=\"wp-block-list\"><li><strong>Cinco autoridades en la \u201clista negra\u201d por violentar derechos pol\u00edticos<\/strong><\/li><\/ul>\n\n\n\n<p class=\"wp-block-paragraph\"><strong>Soledad Jarqu\u00edn Edgar<\/strong><\/p>\n\n\n\n<p class=\"wp-block-paragraph\">SemM\u00e9xico, Oaxaca, 5 de abril, 2021.- En Oaxaca el Instituto Estatal Electoral y de Participaci\u00f3n Ciudadana (IEEPCO) recibi\u00f3 entre julio del 2020 y hasta el 31 de marzo pasado un total de 23 procedimientos especiales sancionadores (PES) por violencia pol\u00edtica en raz\u00f3n de g\u00e9nero, solo una tercera parte llega ante un tribunal electoral.<\/p>\n\n\n\n<p class=\"wp-block-paragraph\">De acuerdo con documentos p\u00fablicos de la Comisi\u00f3n de Quejas y Denuncias o Procedimiento Contencioso Electoral del IEEPCO, de los 23 PES, ocho fueron remitidos al Tribunal Estatal Electoral de Oaxaca, cuatro fueron sobrese\u00eddos, cuatro se realizan investigaciones complementarias, dos fueron desechados y cinco est\u00e1n en investigaci\u00f3n preliminar o inicial.<\/p>\n\n\n\n<p class=\"wp-block-paragraph\">El IEEPCO refiri\u00f3 en un bolet\u00edn, reciente, sobre los informes correspondientes a los expedientes de investigaci\u00f3n por presuntas violaciones a la ley electoral que, de los siete expedientes con que cuenta correspondientes al a\u00f1o anterior, seis son por presuntos actos de violencia pol\u00edtica contra las mujeres en raz\u00f3n de g\u00e9nero, y de los 90 expedientes de este a\u00f1o solo dos son por esa raz\u00f3n, es decir, en total ocho fueron enviados ante un tribunal.<\/p>\n\n\n\n<p class=\"wp-block-paragraph\">Es esta instancia d\u00f3nde las mujeres acuden a denunciar la violencia pol\u00edtica en raz\u00f3n de g\u00e9nero y buscan que los casos no queden en impunidad. Ivonne Gallegos Carre\u00f1o interpuso una queja el 19 de marzo, un d\u00eda despu\u00e9s fue asesinada muy cerca de la poblaci\u00f3n de Ocotl\u00e1n de Morelos donde ser\u00eda candidata del PAN a la alcald\u00eda.<\/p>\n\n\n\n<p class=\"wp-block-paragraph\">En la mayor\u00eda de las veces la violencia pol\u00edtica en raz\u00f3n de g\u00e9nero es cometida contra presidentas municipales y regidoras, una diputada federal y servidoras p\u00fablicas, por parte de presidentes municipales, miembros de su cabildo y funcionarios municipales, adem\u00e1s de personas de la comunidad junto con autoridades municipales, corporaciones de seguridad, diputados, partidos pol\u00edticos y medios de comunicaci\u00f3n.<\/p>\n\n\n\n<p class=\"wp-block-paragraph\">De los casos que reporta el IEEPCO no todos fueron sancionados en contra de los denunciados por parte del Tribunal Electoral de Oaxaca (TEEO), cuyas decisiones, en ocasiones fueron revocadas por la Sala Xalapa o por la Sala Superior del Tribunal Electoral del Poder Judicial de la Federaci\u00f3n (TEPJF).<\/p>\n\n\n\n<p class=\"wp-block-paragraph\">Un caso concreto fue el PES que present\u00f3 Jaquelina Mariana Escamilla Villanueva el 28 de junio de 2020 y que hoy a nueve meses espera una resoluci\u00f3n de la Suprema Corte de Justicia de la Naci\u00f3n, por un recurso de inconstitucionalidad interpuesto por su presunto agresor, el presidente municipal de Oaxaca de Ju\u00e1rez.<\/p>\n\n\n\n<p class=\"wp-block-paragraph\">El PES fue inicialmente desechado por el IEEPCO, la Sala Xalapa determin\u00f3 que deber\u00eda ser resuelto por el TEEO instancia que determin\u00f3 la violencia pol\u00edtica en raz\u00f3n de g\u00e9nero, pero el presidente municipal de Oaxaca, Oswaldo Garc\u00eda Jarqu\u00edn impugn\u00f3 y la sala Xalapa del Tribunal Electoral del Poder Judicial Federal (TEPJF) asegur\u00f3 que hab\u00eda violencia pol\u00edtica pero no en raz\u00f3n de g\u00e9nero y posteriormente la Sala Superior del TEPJF lo desech\u00f3 por no considerarlo de inter\u00e9s superior, aunque qued\u00f3 firme la sentencia por violencia pol\u00edtica y orden\u00f3 restituir a Escamilla Villanueva en su cargo como directora del Instituto Municipal de las Mujeres, el pago de sus sueldos y reparaci\u00f3n del da\u00f1o.<\/p>\n\n\n\n<p class=\"wp-block-paragraph\">Garc\u00eda Jarqu\u00edn por su parte interpuso un recurso de inconstitucionalidad ante la Suprema Corte de Justicia de la Naci\u00f3n, argumentando que los tribunales se extralimitaron y violaron la autonom\u00eda municipal, al considerar que son estas autoridades quienes determinan a sus empleados, al respecto Escamilla Villanueva virtual candidata a diputada local por Fuerza M\u00e9xico se\u00f1al\u00f3 que espera que la SCJN sea justa en su resoluci\u00f3n, que solo dio tiempo al mun\u00edcipe morenista de Oaxaca de Ju\u00e1rez quien pretend\u00eda ser reelecto.<\/p>\n\n\n\n<p class=\"wp-block-paragraph\">Se\u00f1al\u00f3 que est\u00e1 claro que la resoluci\u00f3n en su caso no ha sido cumplida y apel\u00f3 a que este tipo de v\u00edas sean m\u00e1s \u00e1giles.<\/p>\n\n\n\n<h3 class=\"wp-block-heading\"><strong>Registro de personas sancionadas en materia de VP<\/strong><\/h3>\n\n\n\n<p class=\"wp-block-paragraph\">Por otra parte, el IEEPCO public\u00f3 el Registro de Personas Sancionadas en Materia de Violencia Pol\u00edtica contra las Mujeres en Raz\u00f3n de G\u00e9nero. El primero es el hoy presidente municipal de Santa Luc\u00eda del Camino, Dante Monta\u00f1o Montero, quien se habr\u00eda disculpado \u201cpero no sab\u00eda por qu\u00e9\u201d con la regidora de Equidad de G\u00e9nero y Grupos Vulnerables, Nayeli Ortiz Jim\u00e9nez.<\/p>\n\n\n\n<p class=\"wp-block-paragraph\">Sigue la presidenta municipal de Santa Cruz Amilpas, Natividad Mat\u00edas Morales, por haber marginado y aislado a la regidora Adriana Risue\u00f1o Mat\u00edas.<\/p>\n\n\n\n<p class=\"wp-block-paragraph\">Timonteo Valencia V\u00e1squez, presidente municipal de Santa Catalina Quier\u00ed, por omisiones al derecho a la salud reproductiva de una regidora suplente, quien se ausent\u00f3 por maternidad y al volver se obstruy\u00f3 el acceso a las oficinas y le exigi\u00f3 firmara su renuncia, adem\u00e1s de que entregara las llaves y omiti\u00f3 el pago de sus dietas. Por este mismo caso tambi\u00e9n se encuentra en la lista la regidora Alejandrina Herrera M\u00e9ndez.<\/p>\n\n\n\n<p class=\"wp-block-paragraph\">En tanto la presienta municipal de San Juan Cacahuatepec, Pedro Abelardo Ba\u00f1os, est\u00e1 en la lista por la comisi\u00f3n de violencia simb\u00f3lica e institucional, en virtud de haber sido invisibilizada la regidora de Ecolog\u00eda, que la llev\u00f3 a presentar su licencia y posteriormente su renuncia.<\/p>\n\n\n\n<h3 class=\"wp-block-heading\"><strong>Los que tienen desvirtuada la presunci\u00f3n del modo honesto de vivir<\/strong><\/h3>\n\n\n\n<p class=\"wp-block-paragraph\">La misma instituci\u00f3n cuenta con un Registro de Personas que tienen Desvirtuada la Presunci\u00f3n de tener un Modo Honesto de Vivir, se trata de seis autoridades municipales, cuatro de ellos electos por sistemas normativos ind\u00edgenas y dos por partidos pol\u00edticos, en este caso no fueron sentenciado por violencia contra las mujeres, pero \u00e9stas derivaron de denuncias por violencia de pol\u00edtica en raz\u00f3n de g\u00e9nero.<\/p>\n","protected":false},"excerpt":{"rendered":"<p>Cinco autoridades en la \u201clista negra\u201d por violentar derechos pol\u00edticos<\/p>\n","protected":false},"author":3,"featured_media":34006,"comment_status":"open","ping_status":"open","sticky":false,"template":"","format":"standard","meta":{"_monsterinsights_skip_tracking":false,"footnotes":""},"categories":[692,141],"tags":[],"class_list":["post-34003","post","type-post","status-publish","format-standard","has-post-thumbnail","category-692","category-elecciones-2020-2021"],"_links":{"self":[{"href":"https:\/\/redsemlac.com\/semmexico\/wp-json\/wp\/v2\/posts\/34003","targetHints":{"allow":["GET"]}}],"collection":[{"href":"https:\/\/redsemlac.com\/semmexico\/wp-json\/wp\/v2\/posts"}],"about":[{"href":"https:\/\/redsemlac.com\/semmexico\/wp-json\/wp\/v2\/types\/post"}],"author":[{"embeddable":true,"href":"https:\/\/redsemlac.com\/semmexico\/wp-json\/wp\/v2\/users\/3"}],"replies":[{"embeddable":true,"href":"https:\/\/redsemlac.com\/semmexico\/wp-json\/wp\/v2\/comments?post=34003"}],"version-history":[{"count":0,"href":"https:\/\/redsemlac.com\/semmexico\/wp-json\/wp\/v2\/posts\/34003\/revisions"}],"wp:featuredmedia":[{"embeddable":true,"href":"https:\/\/redsemlac.com\/semmexico\/wp-json\/wp\/v2\/media\/34006"}],"wp:attachment":[{"href":"https:\/\/redsemlac.com\/semmexico\/wp-json\/wp\/v2\/media?parent=34003"}],"wp:term":[{"taxonomy":"category","embeddable":true,"href":"https:\/\/redsemlac.com\/semmexico\/wp-json\/wp\/v2\/categories?post=34003"},{"taxonomy":"post_tag","embeddable":true,"href":"https:\/\/redsemlac.com\/semmexico\/wp-json\/wp\/v2\/tags?post=34003"}],"curies":[{"name":"wp","href":"https:\/\/api.w.org\/{rel}","templated":true}]}}