{"id":34001,"date":"2021-04-05T11:37:04","date_gmt":"2021-04-05T17:37:04","guid":{"rendered":"https:\/\/redsemlac.com\/semmexico\/?p=34001"},"modified":"2023-07-21T16:57:11","modified_gmt":"2023-07-21T21:57:11","slug":"detienen-a-dos-implicados-en-feminicidios-en-quintana-roo","status":"publish","type":"post","link":"https:\/\/redsemlac.com\/semmexico\/detienen-a-dos-implicados-en-feminicidios-en-quintana-roo\/","title":{"rendered":"Detienen a dos implicados en feminicidios en Quintana Roo"},"content":{"rendered":"\n<ul class=\"wp-block-list\"><li><strong>El primero quiso pasar el asesinato violento de su pareja como suicidio<\/strong><\/li><\/ul>\n\n\n\n<ul class=\"wp-block-list\"><li><strong> Fiscal\u00eda de Quintana Roo inform\u00f3 de otro detenido por asesinato en diciembre pasado<\/strong><\/li><\/ul>\n\n\n\n<p class=\"wp-block-paragraph\"><strong>\u00c1ngeles G\u00f3mez<\/strong><\/p>\n\n\n\n<p class=\"wp-block-paragraph\">SemM\u00e9xico, Benito Ju\u00e1rez, Quintana Roo, 5 de abril, 2021.- Dos hombres fueron detenidos, por separado, por elementos de la Fiscal\u00eda General de la entidad por su presunta participaci\u00f3n en dos feminicidios, uno ocurrido el viernes y otro en diciembre pasado.<\/p>\n\n\n\n<p class=\"wp-block-paragraph\">En el primer caso, se detuvo a Jonathan N, quien habr\u00eda reportado el \u201csuicidio\u201d de su pareja, sin embargo, trabajos periciales emprendidos por especialistas de distintas disciplinas como criminal\u00edstica, de dactiloscop\u00eda, antropolog\u00eda y de fotograf\u00eda, permitieron identificar que era un feminicidio en la zona conocida como regi\u00f3n 222.<\/p>\n\n\n\n<p class=\"wp-block-paragraph\">Las primeras investigaciones indican que durante la noche del viernes, se report\u00f3 una llamada al n\u00famero de emergencias por el supuesto suicidio de una mujer en el fraccionamiento Los H\u00e9roes. No obstante, al arribar, peritos de diversas especialidades procesaron el lugar y recabaron evidencias que permitieron sustentar la relaci\u00f3n del sujeto con el fallecimiento de la mujer, pues el imputado intent\u00f3 aparentar que la v\u00edctima se hab\u00eda quitado la vida.<\/p>\n\n\n\n<p class=\"wp-block-paragraph\">Fiscales y polic\u00edas de investigaci\u00f3n entrevistaron a la pareja sentimental de la mujer, quien cay\u00f3 en diversas contradicciones sobre lo sucedido y al reunir todas las evidencias en el lugar, las autoridades ministeriales permitieron fundamentar cient\u00edfica y jur\u00eddicamente la probable participaci\u00f3n de Jonathan N en el acto il\u00edcito.<\/p>\n\n\n\n<p class=\"wp-block-paragraph\">Los dos hijos menores de edad de la pareja, fueron puestos a disposici\u00f3n del Grupo Especial a V\u00edctimas de Violencia Familiar.<\/p>\n\n\n\n<p class=\"wp-block-paragraph\">En el municipio de Oth\u00f3n P. Blanco fue detenido Aar\u00f3n \u201cR\u201d por el delito de feminicidio en grado de tentativa y violencia familiar, hechos ocurridos en diciembre pasado en la poblaci\u00f3n de Ucum, al sur de esta entidad. El inculpado se encuentra a disposici\u00f3n del juez de control.<\/p>\n\n\n\n<p class=\"wp-block-paragraph\">La Fiscal\u00eda inform\u00f3 que Polic\u00edas de Investigaci\u00f3n adscritos a la Fiscal\u00eda Especializada para la Atenci\u00f3n de Delitos contra la Mujer y por Razones de G\u00e9nero cumplimentaron orden de captura girada por un juez de control en contra de Aar\u00f3n \u201cR\u201d por los delitos de feminicidio en grado de tentativa y violencia familiar en agravio de una persona de identidad reservada, relacionado con la carpeta administrativa&nbsp; 165\/2021.<\/p>\n\n\n\n<p class=\"wp-block-paragraph\">Las primeras investigaciones&nbsp;&nbsp; establecen que el implicado en el caso, en diciembre del a\u00f1o 2020, en un domicilio del poblado de Ucum, probablemente incurri\u00f3 en los delitos que se le atribuyen al agredir a la v\u00edctima con un arma de fuego y amenazarla con privarla de la vida.<\/p>\n\n\n\n<p class=\"wp-block-paragraph\">El detenido fue trasladado al Centro de Reinserci\u00f3n Social de Chetumal en donde qued\u00f3 a disposici\u00f3n del \u00f3rgano jurisdiccional que lo solicit\u00f3.<\/p>\n\n\n\n<p class=\"wp-block-paragraph\">SEM\/ag\/<\/p>\n","protected":false},"excerpt":{"rendered":"<p> Fiscal\u00eda de Quintana Roo inform\u00f3 de otro detenido por asesinato en diciembre pasado<\/p>\n","protected":false},"author":3,"featured_media":23156,"comment_status":"open","ping_status":"open","sticky":false,"template":"","format":"standard","meta":{"_monsterinsights_skip_tracking":false,"footnotes":""},"categories":[692,51],"tags":[],"class_list":["post-34001","post","type-post","status-publish","format-standard","has-post-thumbnail","category-692","category-ejecutivo"],"_links":{"self":[{"href":"https:\/\/redsemlac.com\/semmexico\/wp-json\/wp\/v2\/posts\/34001","targetHints":{"allow":["GET"]}}],"collection":[{"href":"https:\/\/redsemlac.com\/semmexico\/wp-json\/wp\/v2\/posts"}],"about":[{"href":"https:\/\/redsemlac.com\/semmexico\/wp-json\/wp\/v2\/types\/post"}],"author":[{"embeddable":true,"href":"https:\/\/redsemlac.com\/semmexico\/wp-json\/wp\/v2\/users\/3"}],"replies":[{"embeddable":true,"href":"https:\/\/redsemlac.com\/semmexico\/wp-json\/wp\/v2\/comments?post=34001"}],"version-history":[{"count":0,"href":"https:\/\/redsemlac.com\/semmexico\/wp-json\/wp\/v2\/posts\/34001\/revisions"}],"wp:featuredmedia":[{"embeddable":true,"href":"https:\/\/redsemlac.com\/semmexico\/wp-json\/wp\/v2\/media\/23156"}],"wp:attachment":[{"href":"https:\/\/redsemlac.com\/semmexico\/wp-json\/wp\/v2\/media?parent=34001"}],"wp:term":[{"taxonomy":"category","embeddable":true,"href":"https:\/\/redsemlac.com\/semmexico\/wp-json\/wp\/v2\/categories?post=34001"},{"taxonomy":"post_tag","embeddable":true,"href":"https:\/\/redsemlac.com\/semmexico\/wp-json\/wp\/v2\/tags?post=34001"}],"curies":[{"name":"wp","href":"https:\/\/api.w.org\/{rel}","templated":true}]}}