{"id":33989,"date":"2021-04-05T10:57:17","date_gmt":"2021-04-05T16:57:17","guid":{"rendered":"https:\/\/redsemlac.com\/semmexico\/?p=33989"},"modified":"2023-07-21T16:57:11","modified_gmt":"2023-07-21T21:57:11","slug":"esa-no-soy-yo-de-selfies-y-filtros-a-dismorfia-corporal","status":"publish","type":"post","link":"https:\/\/redsemlac.com\/semmexico\/esa-no-soy-yo-de-selfies-y-filtros-a-dismorfia-corporal\/","title":{"rendered":"Esa no soy yo: de selfies y filtros a dismorfia corporal"},"content":{"rendered":"\n<ul class=\"wp-block-list\"><li><strong><em>\u00abSon tres personas diferentes, porque soy yo que me veo as\u00ed en el espejo, es la persona que se ve como en mi feed de Instagram, que ya tiene m\u00e1s blush y es la persona que se ve\u00eda con los filtros de Snapchat, que no mam*s \u00bfqui\u00e9n es? Yo no la reconozco\u201d,<\/em> se r\u00ede Osiris mientras nos observamos a trav\u00e9s de otra pantalla.<\/strong><\/li><\/ul>\n\n\n\n<p class=\"wp-block-paragraph\"><strong>Mariana Herrera L\u00f3pez<\/strong><\/p>\n\n\n\n<p class=\"wp-block-paragraph\">SemM\u00e9xico\/Testigo P\u00farpura, Veracruz, Ver, 5 de abril, 2021.-Con el pasar de los a\u00f1os y entre m\u00e1s nos adentramos en la vida digital, se ha vuelto parte de nuestra rutina compartir nuestra persona en redes sociales; desde el desayuno diario hasta una fotograf\u00eda nuestra en cualquier momento. Hemos aprendido a forjar nuestra identidad alrededor de estos c\u00edrculos y a adoptar un <em>\u201cyo digital\u201d; y <\/em>esta actividad tiene una relaci\u00f3n directa con la manera en la que nos percibimos a nosotros y nuestro lugar en el mundo.<\/p>\n\n\n\n<p class=\"wp-block-paragraph\">Una pr\u00e1ctica tan usual, e incluso autom\u00e1tica como la de autorretratarse o tomarse una <em>selfie, <\/em>podr\u00eda resultar insignificante hasta el punto de ser considerado un h\u00e1bito, pero un estudio realizado en <a href=\"https:\/\/pubmed.ncbi.nlm.nih.gov\/26311205\/\">2015<\/a> por investigadoras estadounidenses arroj\u00f3 que existe relaci\u00f3n entre las selfies editadas y cargadas de filtros con el descontento con el propio cuerpo.<\/p>\n\n\n\n<p class=\"wp-block-paragraph\">De acuerdo con la psic\u00f3loga Amanda Perkins, este exceso de filtros en las fotograf\u00edas que nos realizamos a nosotros mismos distorsionan la percepci\u00f3n que tenemos sobre la belleza y en algunos casos podr\u00eda provocar Trastorno Dism\u00f3rfico Corporal, pues no solo estamos comparando nuestra imagen con la de otras personas, como artistas o <em>influencers<\/em>, sino que nos comparamos con una versi\u00f3n \u201cmejorada\u201d de nosotros mismos.<\/p>\n\n\n\n<p class=\"has-text-align-center wp-block-paragraph\"><strong>*<\/strong><\/p>\n\n\n\n<p class=\"wp-block-paragraph\">A veces, cuando Osiris se ve\u00eda al espejo a\u00fan reconoc\u00eda a aquella adolescente que sent\u00eda una total repulsi\u00f3n por su cuerpo; la imagen ante ella se ve\u00eda con una claridad dolorosa y ese dolor la hab\u00eda llevado a desear con todas sus fuerzas el cambiar lo que cre\u00eda ver.<\/p>\n\n\n\n<p class=\"wp-block-paragraph\">Durante muchos a\u00f1os Osiris carg\u00f3 con la idea de que aquello que consum\u00eda en sus redes, aquellas mujeres extremadamente delgadas como mu\u00f1ecas, con piel suave y cabello sedoso eran lo que deber\u00eda aspirar a ser.<\/p>\n\n\n\n<p class=\"wp-block-paragraph\">Todo comenz\u00f3 con Tumblr, aquella red social que cumpl\u00eda las funciones de un blog, donde Osiris ve\u00eda el reflejo del premio dorado que aspiraba a ser, y s\u00f3lo as\u00ed, s\u00f3lo si estaba m\u00e1s delgada, si ten\u00eda mejor piel, cabello y ojos, s\u00f3lo as\u00ed podr\u00eda ser digna de alcanzar la felicidad.<\/p>\n\n\n\n<p class=\"has-text-align-center wp-block-paragraph\"><strong>*<\/strong><\/p>\n\n\n\n<p class=\"wp-block-paragraph\">El Trastorno Dism\u00f3rfico Corporal es un trastorno de salud mental en donde la persona se encuentra siempre preocupada por los defectos f\u00edsicos que percibe en su persona; y centra gran parte de su tiempo en su apariencia f\u00edsica y en aquello que les gustar\u00eda cambiar de la misma.<\/p>\n\n\n\n<p class=\"wp-block-paragraph\">El estudio realizado por las doctoras. McLean, Paxton, Werthmein y Masters en 2015 nombr\u00f3 a este tipo de dismorfia relacionada con las redes sociales y las herramientas empleadas para transformar la imagen corporal como <em>Dismorfia Snapchat; <\/em>donde los resultados demostraron que las j\u00f3venes que manipulaban sus fotograf\u00edas para subirlas a redes sociales ten\u00edan un nivel de preocupaci\u00f3n mayor por sus cuerpos, as\u00ed como el uso de las mismas para validar su atractivo social.<\/p>\n\n\n\n<p class=\"wp-block-paragraph\">El estudio tambi\u00e9n se\u00f1alaba que exist\u00eda una relaci\u00f3n entre el uso de estas herramientas y las cirug\u00edas pl\u00e1sticas, donde los doctores reciben solicitudes de las pacientes para que su rostro se asemejara al de sus fotograf\u00edas con filtros.<\/p>\n\n\n\n<p class=\"wp-block-paragraph\">En el caso particular de <a href=\"https:\/\/ilifebelt.com\/redes-sociales-mas-utilizadas-en-mexico-en-2021\/2020\/11\/\">M\u00e9xico<\/a> que cuenta con un total de 78.80 millones de usuarios y usuarios en Facebook y 24 millones en Instagram, no es de extra\u00f1arse que durante el 2018 ocupara el tercer lugar en procedimientos cosm\u00e9ticos, adelantado \u00fanicamente por Brasil y Estados Unidos, siendo las mujeres el 87.4 por ciento de la clientela, de acuerdo con datos de <em>La Sociedad Internacional de Cirug\u00eda Pl\u00e1stica Est\u00e9tica.<\/em><\/p>\n\n\n\n<p class=\"has-text-align-center wp-block-paragraph\"><strong>*<\/strong><\/p>\n\n\n\n<p class=\"wp-block-paragraph\"><em>\u201cT\u00fa me vas a ver de cierta manera, no s\u00e9, con cachetitos, mis clav\u00edculas, el pelo despeinado, pero yo me voy a ver como lo peor del mundo, no voy ni siquiera a querer ver mi imagen, me va a dar asco, me va a dar repulsi\u00f3n, porque yo estoy asimilando otro cuerpo, otra piel\u2026\u201d&nbsp; <\/em>as\u00ed es como Osiris recuerda que su psic\u00f3loga le explic\u00f3 que era lo que ella observaba en el espejo.<\/p>\n\n\n\n<p class=\"wp-block-paragraph\">A partir de aquellas sesiones, Osiris pudo comenzar a dar sentido a lo que hab\u00eda vivido desde aquel primer contacto con la imagen de otras mujeres en sus redes o incluso de sus propias amigas, aquella ansiedad que la hab\u00eda llevado a generar bulimina nerviosa durante casi una d\u00e9cada con algunas secuelas hoy en d\u00eda y que a veces la persegu\u00eda cuando se observaba en una fotograf\u00eda.&nbsp;<\/p>\n\n\n\n<p class=\"has-text-align-center wp-block-paragraph\">*<\/p>\n\n\n\n<p class=\"wp-block-paragraph\">La dismorfia corporal se caracteriza por comportamientos como: la creencia de que otros te perciben de manera negativa o deforme, buscar la perfecci\u00f3n en la apariencia, compararse con otros, anhelar una intervenci\u00f3n est\u00e9tica de manera quir\u00fargica, exceso de cuidado f\u00edsico que se puede traducir en un exceso de ejercicio y una obsesi\u00f3n constante con m\u00ednimos defectos en la piel o el cuerpo.<\/p>\n\n\n\n<p class=\"wp-block-paragraph\">En su tesis <em>Real Me vs. Social Me<\/em> (Mi yo real contra mi yo digital) Janella Eshiet expone que el autoestima de una persona puede estar ligada a el n\u00famero de likes o me gusta que recibe en una fotograf\u00eda, pues estos son vistos como un reflejo de la opini\u00f3n colectiva que las y los dem\u00e1s tienen sobre la persona de la imagen, as\u00ed como el reconocimiento o no de su atractivo f\u00edsico.<\/p>\n\n\n\n<p class=\"wp-block-paragraph\">En un sondeo realizado por Testigo P\u00farpura a 50 mujeres, el 74 por ciento de ellas manifest\u00f3 el uso de filtros a sus selfies para subirlas a sus redes sociales, entre las razones m\u00e1s comunes para esta actividad se encuentran el deseo de verse mejor y de borrar o de disimular las imperfecciones en la piel. El 70 por ciento de las encuestadas ha considerado realizarse una intervenci\u00f3n est\u00e9tica.<\/p>\n\n\n\n<p class=\"wp-block-paragraph\">De acuerdo con Perkins, el Trastorno Dism\u00f3rfico Corporal puede tardar 10 a\u00f1os en diagnosticarse porque usualmente los pacientes se sienten avergonzados o prefieren no discutir las imperfecciones que perciben en sus cuerpos, pero es sumamente importante comenzar con el tratamiento una vez que se identifica; donde el paciente tiene que aprender a reemplazar los pensamientos negativos que tiene sobre su imagen por pensamientos positivos, como una manera de repensarse.<\/p>\n\n\n\n<p class=\"has-text-align-center wp-block-paragraph\">*<\/p>\n\n\n\n<p class=\"wp-block-paragraph\">\u201cTodav\u00eda estoy entendiendo lo que hay detr\u00e1s del espejo y lo que no\u201d dice Osiris a media sonrisa; hoy en d\u00eda Osiris trata de ya no estar pendiente de otros cuerpos excepto el suyo, y mostrarse amor a trav\u00e9s de su cuidado.<\/p>\n\n\n\n<p class=\"wp-block-paragraph\">Algunos d\u00edas son m\u00e1s dif\u00edciles que otros, pero la fortaleza de su propia persona la ha sacado adelante, poco a poco, un d\u00eda a la vez.<\/p>\n","protected":false},"excerpt":{"rendered":"<p>Una pr\u00e1ctica tan usual, e incluso autom\u00e1tica como la de autorretratarse o tomarse una selfie, podr\u00eda resultar insignificante hasta el punto de ser considerado un h\u00e1bito<\/p>\n","protected":false},"author":3,"featured_media":33990,"comment_status":"open","ping_status":"open","sticky":false,"template":"","format":"standard","meta":{"_monsterinsights_skip_tracking":false,"footnotes":""},"categories":[692,54],"tags":[],"class_list":["post-33989","post","type-post","status-publish","format-standard","has-post-thumbnail","category-692","category-mujeres"],"_links":{"self":[{"href":"https:\/\/redsemlac.com\/semmexico\/wp-json\/wp\/v2\/posts\/33989","targetHints":{"allow":["GET"]}}],"collection":[{"href":"https:\/\/redsemlac.com\/semmexico\/wp-json\/wp\/v2\/posts"}],"about":[{"href":"https:\/\/redsemlac.com\/semmexico\/wp-json\/wp\/v2\/types\/post"}],"author":[{"embeddable":true,"href":"https:\/\/redsemlac.com\/semmexico\/wp-json\/wp\/v2\/users\/3"}],"replies":[{"embeddable":true,"href":"https:\/\/redsemlac.com\/semmexico\/wp-json\/wp\/v2\/comments?post=33989"}],"version-history":[{"count":0,"href":"https:\/\/redsemlac.com\/semmexico\/wp-json\/wp\/v2\/posts\/33989\/revisions"}],"wp:featuredmedia":[{"embeddable":true,"href":"https:\/\/redsemlac.com\/semmexico\/wp-json\/wp\/v2\/media\/33990"}],"wp:attachment":[{"href":"https:\/\/redsemlac.com\/semmexico\/wp-json\/wp\/v2\/media?parent=33989"}],"wp:term":[{"taxonomy":"category","embeddable":true,"href":"https:\/\/redsemlac.com\/semmexico\/wp-json\/wp\/v2\/categories?post=33989"},{"taxonomy":"post_tag","embeddable":true,"href":"https:\/\/redsemlac.com\/semmexico\/wp-json\/wp\/v2\/tags?post=33989"}],"curies":[{"name":"wp","href":"https:\/\/api.w.org\/{rel}","templated":true}]}}