{"id":33986,"date":"2021-04-05T10:53:16","date_gmt":"2021-04-05T16:53:16","guid":{"rendered":"https:\/\/redsemlac.com\/semmexico\/?p=33986"},"modified":"2023-07-21T16:57:11","modified_gmt":"2023-07-21T21:57:11","slug":"candidato-que-mienta-sobre-sus-antecedentes-violentos-vera-cancelado-su-registro","status":"publish","type":"post","link":"https:\/\/redsemlac.com\/semmexico\/candidato-que-mienta-sobre-sus-antecedentes-violentos-vera-cancelado-su-registro\/","title":{"rendered":"Candidato que mienta sobre sus antecedentes violentos, ver\u00e1 cancelado su registro"},"content":{"rendered":"\n<ul class=\"wp-block-list\"><li><strong>Aprueba el INE \u201ccandado\u201d en la unidad de Igualdad de G\u00e9nero y no Discriminaci\u00f3n<\/strong><\/li><li><strong>Un grupo especial vigilar\u00e1 que digan la verdad y ser\u00e1 en todas las entidades<\/strong><\/li><\/ul>\n\n\n\n<p class=\"wp-block-paragraph\"><strong>Josefina Aguilar Pastor&nbsp;&nbsp;&nbsp;&nbsp;&nbsp;&nbsp;&nbsp;<\/strong><strong><\/strong><\/p>\n\n\n\n<p class=\"wp-block-paragraph\">Chilpancingo, Guerrero, 5 de abril de 2021.- El Instituto Nacional Electoral (INE), aprob\u00f3 un candado m\u00e1s para que candidatos&nbsp;y candidatas que mientan en su declaraci\u00f3n 3 de 3 y proporcionen informaci\u00f3n falsa, les sea cancelado su registro.&nbsp;<\/p>\n\n\n\n<p class=\"wp-block-paragraph\">Este mi\u00e9rcoles, las consejeras y consejeros de las comisiones unidas de Igualdad de G\u00e9nero y no Discriminaci\u00f3n y de Prerrogativas y Partidos Pol\u00edticos del INE, aprobaron por unanimidad de votos, conformar un grupo interdisciplinario, que entre sus funciones tendr\u00e1, el&nbsp;de corroborar y verificar la informaci\u00f3n que aspirantes firmen como cierta en su declaraci\u00f3n 3 de 3 contra la violencia, y en caso de ser falsa, proceder\u00e1n a cancelar su registro.&nbsp;<\/p>\n\n\n\n<p class=\"wp-block-paragraph\">El grupo interdisciplinario estar\u00e1 encabezado por la Secretaria Ejecutiva e&nbsp;integrado por la direcci\u00f3n ejecutiva de prerrogativas y partidos pol\u00edticos, la unidad t\u00e9cnica de igualdad de g\u00e9nero y no discriminaci\u00f3n, la unidad t\u00e9cnica de lo contencioso electoral y la direcci\u00f3n jur\u00eddica con el apoyo de las juntas locales y distritales.&nbsp;<\/p>\n\n\n\n<p class=\"wp-block-paragraph\">Entre sus atribuciones podr\u00e1n requerir a las autoridades penitenciarias, judiciales o de procuraci\u00f3n de justicia de las 32 entidades federativas y del gobierno federal, los antecedentes por resoluci\u00f3n firme, relacionados con delitos de violencia familiar o dom\u00e9stica, cual cualquier agresi\u00f3n de g\u00e9nero y delitos contra la libertad sexual o la intimidad corporal.&nbsp;<\/p>\n\n\n\n<p class=\"wp-block-paragraph\">Tambi\u00e9n podr\u00e1n solicitar informaci\u00f3n sobre la calidad de la persona deudora alimentaria determinada por resoluci\u00f3n firme en los registros estatales de las entidades federativas o en&nbsp;su caso, a los tribunales de justicia de cada entidad.&nbsp;<\/p>\n\n\n\n<p class=\"wp-block-paragraph\">La consejera Carla Humphrey Jord\u00e1n,&nbsp;&nbsp;expuso que esta iniciativa busca implementar un proceso que les permitir\u00e1 lograr que se cumpla lo solicitado en favor de la erradicaci\u00f3n de la violencia de g\u00e9nero.&nbsp;<\/p>\n\n\n\n<p class=\"wp-block-paragraph\">Mencion\u00f3 que los partidos pol\u00edticos tendr\u00e1n tres d\u00edas para sustituir las candidaturas a las que se les haya negado el registro, teniendo plazos legales para hacerlo.&nbsp;<\/p>\n\n\n\n<p class=\"wp-block-paragraph\">Lament\u00f3 que en muchos casos de violencia de g\u00e9nero, no se cuenten con sentencias, por lo que la intenci\u00f3n de esta iniciativa, es acudir directamente a las instancias competentes, para ello, buscar\u00e1n firmar convenios para contar con la informaci\u00f3n necesaria para aplicar la ley.&nbsp;<\/p>\n","protected":false},"excerpt":{"rendered":"<p>Aprueba el INE \u201ccandado\u201d en la unidad de Igualdad de G\u00e9nero y no Discriminaci\u00f3n<\/p>\n","protected":false},"author":3,"featured_media":33987,"comment_status":"open","ping_status":"open","sticky":false,"template":"","format":"standard","meta":{"_monsterinsights_skip_tracking":false,"footnotes":""},"categories":[692,141],"tags":[],"class_list":["post-33986","post","type-post","status-publish","format-standard","has-post-thumbnail","category-692","category-elecciones-2020-2021"],"_links":{"self":[{"href":"https:\/\/redsemlac.com\/semmexico\/wp-json\/wp\/v2\/posts\/33986","targetHints":{"allow":["GET"]}}],"collection":[{"href":"https:\/\/redsemlac.com\/semmexico\/wp-json\/wp\/v2\/posts"}],"about":[{"href":"https:\/\/redsemlac.com\/semmexico\/wp-json\/wp\/v2\/types\/post"}],"author":[{"embeddable":true,"href":"https:\/\/redsemlac.com\/semmexico\/wp-json\/wp\/v2\/users\/3"}],"replies":[{"embeddable":true,"href":"https:\/\/redsemlac.com\/semmexico\/wp-json\/wp\/v2\/comments?post=33986"}],"version-history":[{"count":0,"href":"https:\/\/redsemlac.com\/semmexico\/wp-json\/wp\/v2\/posts\/33986\/revisions"}],"wp:featuredmedia":[{"embeddable":true,"href":"https:\/\/redsemlac.com\/semmexico\/wp-json\/wp\/v2\/media\/33987"}],"wp:attachment":[{"href":"https:\/\/redsemlac.com\/semmexico\/wp-json\/wp\/v2\/media?parent=33986"}],"wp:term":[{"taxonomy":"category","embeddable":true,"href":"https:\/\/redsemlac.com\/semmexico\/wp-json\/wp\/v2\/categories?post=33986"},{"taxonomy":"post_tag","embeddable":true,"href":"https:\/\/redsemlac.com\/semmexico\/wp-json\/wp\/v2\/tags?post=33986"}],"curies":[{"name":"wp","href":"https:\/\/api.w.org\/{rel}","templated":true}]}}