{"id":33983,"date":"2021-04-05T10:48:32","date_gmt":"2021-04-05T16:48:32","guid":{"rendered":"https:\/\/redsemlac.com\/semmexico\/?p=33983"},"modified":"2023-07-21T16:57:11","modified_gmt":"2023-07-21T21:57:11","slug":"felicitas-martinez-solano","status":"publish","type":"post","link":"https:\/\/redsemlac.com\/semmexico\/felicitas-martinez-solano\/","title":{"rendered":"Felicitas Mart\u00ednez Solano tras impugnar, ir\u00e1 a la lista plurinominal de Guerrero"},"content":{"rendered":"\n<ul class=\"wp-block-list\"><li><strong>Quien fue la primera coordinadora de Polic\u00edas Comunitarias es tambi\u00e9n dirigente ind\u00edgena e hizo posible el cumplimiento de la ley<\/strong><\/li><\/ul>\n\n\n\n<ul class=\"wp-block-list\"><li><strong>Apenas a principios de marzo dijo que estaba decepcionada de Morena<\/strong><\/li><\/ul>\n\n\n\n<p class=\"wp-block-paragraph\"><strong>Josefina Aguilar Pastor&nbsp;&nbsp;&nbsp;&nbsp;&nbsp;&nbsp;<\/strong><strong>&nbsp;<\/strong><\/p>\n\n\n\n<p class=\"wp-block-paragraph\">Chilpancingo, Guerrero, 5 de abril de 2021.-&nbsp;La Comisi\u00f3n Nacional de Honestidad y Justicia (CNHJ) del partido Morena, resolvi\u00f3 a favor de Felicitas Mart\u00ednez Solano, y ordena a la Comisi\u00f3n Nacional de Elecciones, la incluya en la lista de candidatas y candidatos a diputadas locales por el principio de representaci\u00f3n proporcional, como parte de las acciones afirmativas con perspectiva intercultural.&nbsp;<\/p>\n\n\n\n<p class=\"wp-block-paragraph\">Felicitas Mart\u00ednez Solano, ofreci\u00f3 este jueves una conferencia de prensa, para dar a conocer la resoluci\u00f3n que este mi\u00e9rcoles, le fue notificada por parte de la CNHJ de Morena, respecto a la impugnaci\u00f3n interpuesta, por haber sido excluida de la lista de diputaciones locales, por el principio de representaci\u00f3n proporcional.&nbsp;<\/p>\n\n\n\n<p class=\"wp-block-paragraph\">Mart\u00ednez Solano, interpuso un juicio electoral ciudadano, ante el Tribunal Electoral del Estado (TEEGRO), en contra de la CNHJ, luego de que a pesar de haberse registrado como aspirante a la candidatura a la diputaci\u00f3n local por el distrito 15, y proporcional aludiendo a la acci\u00f3n afirmativa ind\u00edgena, no fue considerada en la lista registrada por Morena ante el Instituto Electoral y de Participaci\u00f3n Ciudadana (IEPC).&nbsp;<\/p>\n\n\n\n<p class=\"wp-block-paragraph\">En la resoluci\u00f3n emitida el pasado 29 de marzo, por la magistrada del TEEGRO, Alma Delia Eugenio Alcaraz, mandato a la CNHJ, dar respuesta a la impugnaci\u00f3n en un plazo de 24 horas.&nbsp;<\/p>\n\n\n\n<p class=\"wp-block-paragraph\">En dicha resoluci\u00f3n, tras el an\u00e1lisis de la queja, con dos votos razonados en contra, los integrantes de la CNHJ, aprobaron fundados los agravios denunciados por Felicitas Mart\u00ednez, e instruye a la Comisi\u00f3n Nacional de Elecciones, dar cumplimiento a la sentencia, as\u00ed como notificar a quien corresponda, en este caso, la dirigencia estatal de Morena, para los fines legales que haya lugar.&nbsp;<\/p>\n\n\n\n<h2 class=\"wp-block-heading\"><strong>UN HECHO SIN PRECEDENTE&nbsp;<\/strong><strong><\/strong><\/h2>\n\n\n\n<p class=\"wp-block-paragraph\">Felicitas Mart\u00ednez Solano, ind\u00edgena me\u00b4phaa, originaria de la comunidad de Potrerillo Cuapinole, perteneciente al municipio de San Luis Acatl\u00e1n, calific\u00f3 esta resoluci\u00f3n como hist\u00f3rica para la poblaci\u00f3n ind\u00edgena, que sienta un precedente, para las mujeres ind\u00edgenas.&nbsp;<\/p>\n\n\n\n<p class=\"wp-block-paragraph\">\u201cEs un precedente que estamos dejando, no solo para las mujeres, sino para los pueblos ind\u00edgenas en general, porque es muy dif\u00edcil que podamos llegar a esos espacios por la v\u00eda plurinominal, y que se respeten nuestros derechos y garant\u00edas constitucionales que tenemos como mujeres y como ciudadanas\u201d, expuso Mart\u00ednez Solano.&nbsp;<\/p>\n\n\n\n<p class=\"wp-block-paragraph\">Agreg\u00f3 que de acuerdo a la resoluci\u00f3n tendr\u00eda que ser incluida en la lista de plurinominales, de la primera a la cuarta posici\u00f3n, con lo que se convertir\u00eda en la primera mujer ind\u00edgena en&nbsp;&nbsp;lograr que una queja se resolviera.<\/p>\n\n\n\n<p class=\"wp-block-paragraph\">Las mujeres ind\u00edgenas siempre tenemos que acudir a los tribunales para que se nos haga efectivo nuestro derecho\u201d, acus\u00f3 Mart\u00ednez Solano, y record\u00f3 los casos de In\u00e9s Fern\u00e1ndez Ortega y Valentina Rosendo&nbsp;Cant\u00fa.&nbsp;<\/p>\n\n\n\n<p class=\"wp-block-paragraph\">Felicitas Mart\u00ednez Solano, fue la primera coordinadora de la Coordinadora regional de Autoridades Comunitarias Polic\u00eda- Comunitaria (CRAC-PC), de la casa de justicia de San Luis Acatl\u00e1n, uno de los cargos m\u00e1s importantes dentro del sistema comunitario. Actualmente es suplente de la senadora, Nestora Salgado Garc\u00eda.&nbsp;<\/p>\n","protected":false},"excerpt":{"rendered":"<p>Quien fue la primera coordinadora de Polic\u00edas Comunitarias es tambi\u00e9n dirigente ind\u00edgena e hizo posible el cumplimiento de la ley<\/p>\n","protected":false},"author":3,"featured_media":33984,"comment_status":"open","ping_status":"open","sticky":false,"template":"","format":"standard","meta":{"_monsterinsights_skip_tracking":false,"footnotes":""},"categories":[692,141],"tags":[],"class_list":["post-33983","post","type-post","status-publish","format-standard","has-post-thumbnail","category-692","category-elecciones-2020-2021"],"_links":{"self":[{"href":"https:\/\/redsemlac.com\/semmexico\/wp-json\/wp\/v2\/posts\/33983","targetHints":{"allow":["GET"]}}],"collection":[{"href":"https:\/\/redsemlac.com\/semmexico\/wp-json\/wp\/v2\/posts"}],"about":[{"href":"https:\/\/redsemlac.com\/semmexico\/wp-json\/wp\/v2\/types\/post"}],"author":[{"embeddable":true,"href":"https:\/\/redsemlac.com\/semmexico\/wp-json\/wp\/v2\/users\/3"}],"replies":[{"embeddable":true,"href":"https:\/\/redsemlac.com\/semmexico\/wp-json\/wp\/v2\/comments?post=33983"}],"version-history":[{"count":0,"href":"https:\/\/redsemlac.com\/semmexico\/wp-json\/wp\/v2\/posts\/33983\/revisions"}],"wp:featuredmedia":[{"embeddable":true,"href":"https:\/\/redsemlac.com\/semmexico\/wp-json\/wp\/v2\/media\/33984"}],"wp:attachment":[{"href":"https:\/\/redsemlac.com\/semmexico\/wp-json\/wp\/v2\/media?parent=33983"}],"wp:term":[{"taxonomy":"category","embeddable":true,"href":"https:\/\/redsemlac.com\/semmexico\/wp-json\/wp\/v2\/categories?post=33983"},{"taxonomy":"post_tag","embeddable":true,"href":"https:\/\/redsemlac.com\/semmexico\/wp-json\/wp\/v2\/tags?post=33983"}],"curies":[{"name":"wp","href":"https:\/\/api.w.org\/{rel}","templated":true}]}}