{"id":33981,"date":"2021-04-05T10:44:10","date_gmt":"2021-04-05T16:44:10","guid":{"rendered":"https:\/\/redsemlac.com\/semmexico\/?p=33981"},"modified":"2023-07-21T16:57:11","modified_gmt":"2023-07-21T21:57:11","slug":"temporada-de-cinicos","status":"publish","type":"post","link":"https:\/\/redsemlac.com\/semmexico\/temporada-de-cinicos\/","title":{"rendered":"Temporada de c\u00ednicos"},"content":{"rendered":"\n<h2 class=\"wp-block-heading\"><strong>ENTRESEMANA<\/strong><\/h2>\n\n\n\n<p class=\"wp-block-paragraph\"><strong>Mois\u00e9s S\u00e1nchez Lim\u00f3n<\/strong><\/p>\n\n\n\n<p class=\"wp-block-paragraph\">SemM\u00e9xico, Cd. de M\u00e9xico, 5 de abril, 2021.- \u00bfQu\u00e9 le debe Andr\u00e9s Manuel a Sanjuana Mart\u00ednez? Dice el licenciado presidente que la actual es temporada de zopilotes porque sus adversarios andan zopiloteando.<\/p>\n\n\n\n<p class=\"wp-block-paragraph\">Y es que al inquilino de Palacio le incomoda sobremanera que se publique el n\u00famero de muertos por el Covid-19 y que en el extranjero se denuncien inmorales conductas de \u00e9l y su gobierno frente a conflictos como la huelga que ha cumplido un a\u00f1o (21 de febrero) en Notimex, la Agencia Informativa del Estado Mexicano \u2013del Estado, no del gobierno\u2014.<\/p>\n\n\n\n<p class=\"wp-block-paragraph\">Esta postura del licenciado L\u00f3pez Obrador me recuerda a aquella utilizada, guardada la distancia, por el poder p\u00fablico para solucionar cr\u00edmenes, mediante c\u00ednicas complicidades que permitieron la fabricaci\u00f3n de pruebas y testigos.<\/p>\n\n\n\n<p class=\"wp-block-paragraph\">A Oth\u00f3n Cort\u00e9s V\u00e1zquez \u2013fallecido el 14 de abril del a\u00f1o pasado&#8211;, la servil, oficiosa y protagonista alianza entre el entonces procurador General de la Rep\u00fablica, Fernando Antonio Lozano Gracia, y su subprocurador especial Pablo Chapa Bezanilla, en funci\u00f3n de fiscal para los casos Posadas Ocampo, Colosio y Ruiz Massieu, le destrozaron la vida cuando lo acusaron de ser el segundo tirador en el asesinato de Luis Donaldo Colosio Murrieta.<\/p>\n\n\n\n<p class=\"wp-block-paragraph\">Y, en ese tr\u00e1nsito del cobro de facturas pol\u00edticas, en obediencia a la instrucci\u00f3n del entonces presidente Ernesto Zedillo, el d\u00fao din\u00e1mico Lozano Gracia-Chapa Bezanilla someti\u00f3 a proceso a Ra\u00fal Salinas de Gortari bajo el cargo de autor intelectual del asesinato del entonces secretario general del PRI, Jos\u00e9 Francisco Ruiz Massieu, am\u00e9n de incriminarlo de la autor\u00eda material de la muerte de Manuel Mu\u00f1oz Rocha, diputado federal en esos d\u00edas de septiembre de 1994 que se esfum\u00f3, s\u00ed, se esfum\u00f3.<\/p>\n\n\n\n<p class=\"wp-block-paragraph\">En esos d\u00edas \u2013disculpe lo cuente en primera persona&#8211;, como reportero de La Cr\u00f3nica de Hoy, escrib\u00ed un amplio art\u00edculo en el que demostr\u00e9 con documentos, incluso copias de recibos de dineros obtenidos en calidad de apoyo a tareas del licenciado Lozano Gracia, dizque como pr\u00e9stamo de la Direcci\u00f3n General de Bienes Asegurados, dependiente de la entonces PGR, il\u00edcitos cometidos por don Fernando Antonio y que deb\u00edan ser sancionados no s\u00f3lo por la Secretar\u00eda de la Contralor\u00eda y Desarrollo Administrativo tambi\u00e9n por la PGR.<\/p>\n\n\n\n<p class=\"wp-block-paragraph\">Un furibundo Lozano Gracia me envi\u00f3 una carta-desmentido, en la que entre otras cosas puntualiz\u00f3 que la Secodam y otras instancias lo hab\u00edan investigado y nadie le hab\u00eda encontrado delito alguno.<\/p>\n\n\n\n<p class=\"wp-block-paragraph\">Mi respuesta fue simple, palabras m\u00e1s palabras menos:<\/p>\n\n\n\n<p class=\"wp-block-paragraph\">\u201cAbogado Fernando Antonio Lozano Gracia, como reportero en poder de documentos que prueban la comisi\u00f3n de delitos, mi obligaci\u00f3n es denunciarlo, hacerlo p\u00fablico porque de otra manera, ocultarlo me convierte en c\u00f3mplice. D\u00edgame, abogado Lozano Gracia, \u00bfde qu\u00e9 lado de la ley me pongo?\u201d<\/p>\n\n\n\n<p class=\"wp-block-paragraph\">Ya no hubo respuesta. Lo que hay es un trabajo en curso, de m\u00e1s de 20 a\u00f1os, en los que esa complicidad en el poder, entre los due\u00f1os, del poder, desgraci\u00f3 la vida a un inocente, Oth\u00f3n Cortez V\u00e1zquez, quien muri\u00f3 sin que se le hiciera justicia.<\/p>\n\n\n\n<p class=\"wp-block-paragraph\">\u201cNos vamos a divertir\u201d, dijo sonriente y c\u00ednico Lozano Gracia cuando, libre, Oth\u00f3n anunci\u00f3 que lo demandar\u00eda penalmente.<\/p>\n\n\n\n<p class=\"wp-block-paragraph\">&nbsp;As\u00ed que en estos d\u00edas podr\u00e1 ser temporada de lo que se le pegue la gana al licenciado Andr\u00e9s Manuel, quien por cierto pierde la paciencia con una facilidad bastante cre\u00edble, tom\u00e1ndose en cuenta que se le agota el bono democr\u00e1tico y su equipo vale para dos cosas: para nada y para pura chingada.<\/p>\n\n\n\n<p class=\"wp-block-paragraph\">No, no, se incomode; la palabra est\u00e1 bien utilizada porque no hay \u2013ni una sola, ni un solo-&nbsp; integrante del gabinete que proceda motu propio y ofrezca resultados de su trabajo, de lo hecho m\u00e1s all\u00e1 de la obra que pretende ser fara\u00f3nica como el aeropuerto Felipe \u00c1ngeles, que ya hasta provoc\u00f3 el cambio del sistema de uso del espacio a\u00e9reo en el Valla de M\u00e9xico.<\/p>\n\n\n\n<p class=\"wp-block-paragraph\">Entonces, usted me conceder\u00e1 la raz\u00f3n, s\u00ed, usted que ha valorado lo ocurrido en 28 meses de la administraci\u00f3n de la 4T, no los cr\u00edticos oficiosos y aquellos que buscan en cada l\u00ednea que cuestiona a la gesti\u00f3n del licenciado presidente, un motivo para soltar a la jaur\u00eda y asegurar que hay vastos recursos para subsidiar a periodistas. \u00a1Sopas!<\/p>\n\n\n\n<p class=\"wp-block-paragraph\">En ese tenor, reitero la pregunta: \u00bfqu\u00e9 le debe Andr\u00e9s Manuel a Sanjuana Mart\u00ednez? Porque la se\u00f1ora encaja \u2013como anillo al dedo, L\u00f3pez Obrador dixit\u2014en la m\u00e1xima de que un buen reportero no es garant\u00eda de buen director. Tal cual es el caso.<\/p>\n\n\n\n<p class=\"wp-block-paragraph\">Y mire usted, una muestra m\u00e1s de esa c\u00ednica complicidad en la que se ha utilizado al poder para pasar por encima de los derechos laborales de trabajadores de la agencia Notimex, entre administrativos, operativos y reporteros que hacen guardia en el acceso principal donde est\u00e1n las oficinas de la agencia.<\/p>\n\n\n\n<p class=\"wp-block-paragraph\">Las secretarias de Gobernaci\u00f3n y del Trabajo y Previsi\u00f3n Social, Olga S\u00e1nchez Cordero y Luisa Mar\u00eda Alcalde Luj\u00e1n, incluso el vocero, escritor y periodista Jes\u00fas Ram\u00edrez, han sido parte del desprecio con el que Sanjuana Mart\u00ednez ha tratado el caso de la huelga.<\/p>\n\n\n\n<p class=\"wp-block-paragraph\">\u00bfImpunidad? \u00bfComplicidad? Por supuesto.<\/p>\n\n\n\n<p class=\"wp-block-paragraph\">Mire usted, apenas poco despu\u00e9s de que el caso de la se\u00f1ora periodista galardonada Sanjuana Mart\u00ednez fuera aireado en la ma\u00f1anera de este mi\u00e9rcoles, la Secretar\u00eda de la Funci\u00f3n P\u00fablica, a cargo de la doctora Irma Er\u00e9ndira Sandoval Ballesteros, notific\u00f3 haber archivado, por falta de elementos, una denuncia interpuesta contra la directora de Notimex, por presuntas faltas administrativas.<\/p>\n\n\n\n<p class=\"wp-block-paragraph\">\u00bfY qu\u00e9 dijo por la ma\u00f1ana el licenciado L\u00f3pez Obrador?, antes de irse de asueto a \u201cLa Chingada\u201d. Su rancho en Palenque, Chiapas.<\/p>\n\n\n\n<p class=\"wp-block-paragraph\">Reyna Hayde\u00e9 Ram\u00edrez, que se identific\u00f3 como representante de&nbsp;<em>Pie de P\u00e1gina<\/em>, de radio y reportera independiente, fue franca y le expuso:<\/p>\n\n\n\n<p class=\"wp-block-paragraph\">\u00abPresidente, pues tengo que ser breve porque usted se tiene que ir, pero pues no podemos dejar pasar lo que acaba decir sobre Art\u00edculo 19 y sobre el caso de&nbsp;<em>Notimex<\/em>.<\/p>\n\n\n\n<p class=\"wp-block-paragraph\">\u201cPresidente, usted tiene derecho a defender a sus funcionarios y por supuesto de hablar sobre la relaci\u00f3n con Estados Unidos y lo que puede o no debe hacer un pa\u00eds, pero en el caso particular hay denuncias espec\u00edficas, concretas, sobre los abusos que se han cometido en&nbsp;<em>Notimex<\/em>&nbsp;e independientemente de que tambi\u00e9n se est\u00e1 investigando al l\u00edder sindical de ese lugar, que hasta ahorita pues no ha habido avances sobre eso, pero hay denuncias, presidente, de lo que ha hecho ah\u00ed.<\/p>\n\n\n\n<p class=\"wp-block-paragraph\">\u201cYo no podr\u00eda decir\u2026 Particularmente conozco una, conozco los agravios que ha cometido porque, despu\u00e9s de que yo trat\u00e9 el tema aqu\u00ed, me fue a mi muy mal con los troles de&nbsp;<em>Notimex<\/em>, bueno, de la se\u00f1ora, pero eso es punto y aparte.<\/p>\n\n\n\n<p class=\"wp-block-paragraph\">\u201cPero yo creo que Art\u00edculo 19 se ha caracterizado por la defensa de los periodistas, independientemente de muchas otras cosas que usted o pruebas que usted pueda tener. Entonces, nada m\u00e1s puntualizarle ese caso.<\/p>\n\n\n\n<p class=\"wp-block-paragraph\">\u201cY s\u00ed, en el caso de&nbsp;<em>Notimex<\/em>&nbsp;reciente, usted la puso ah\u00ed, usted tendr\u00eda que resolver esta huelga, los abusos que se han cometido y pues ya va m\u00e1s de un a\u00f1o y no se ha hecho\u201d.<\/p>\n\n\n\n<p class=\"wp-block-paragraph\">Bueno, el se\u00f1or presidente se pepen\u00f3 el tema de las vacunas y se quej\u00f3 del maltrato que le damos los inc\u00f3modos y conservadores periodistas, para luego abordar f\u00e9rrea defensa de do\u00f1a Sanjuana. Lea usted, por favor:<\/p>\n\n\n\n<p class=\"wp-block-paragraph\">\u201c\u00bfA qui\u00e9n creen que acusa el gobierno de Estados Unidos, entre otros?<\/p>\n\n\n\n<p class=\"wp-block-paragraph\">\u201cA Sanjuana, a Sanjuana, que es la directora de&nbsp;<em>Notimex<\/em>, una periodista consecuente, porque se enfrent\u00f3 a grupos de intereses creados. Y resulta que esa asociaci\u00f3n que se llama Art\u00edculo 19 est\u00e1 financiada por empresas extranjeras, hasta por el Departamento de Estado.<\/p>\n\n\n\n<p class=\"wp-block-paragraph\">\u201cPara empezar, nosotros no nos metemos a opinar sobre violaciones de derechos humanos en Estados Unidos, somos respetuosos, no podemos opinar sobre lo que sucede en otro pa\u00eds, entonces \u00bfpor qu\u00e9 el gobierno de Estados Unidos opina sobre cuestiones que s\u00f3lo competen a los mexicanos?<\/p>\n\n\n\n<p class=\"wp-block-paragraph\">\u201c\u00bfPor qu\u00e9 se lanzan en contra de Sanjuana?, que ya la volvieron famosa, adem\u00e1s, es una mujer que tiene todo nuestro respeto, una buena periodista.<\/p>\n\n\n\n<p class=\"wp-block-paragraph\">\u201cY ese organismo, 19, Art\u00edculo 19, est\u00e1 apoyado por el extranjero; pero adem\u00e1s, toda la gente que tiene que ver con Art\u00edculo 19 pertenece al movimiento conservador que est\u00e1 en contra nuestra, te lo puedo probar, todo lo que les estoy diciendo\u201d.<\/p>\n\n\n\n<p class=\"wp-block-paragraph\">\u00a1Aleluya! \u00a1Aleluya! Sanjuana puede continuar desmadrando a Notimex y jodiendo la vida a los trabajadores en huelga, incluso sacando de sus casillas a do\u00f1a Olga y a Luisa Mar\u00eda. Total, tiene la complicidad y el encubrimiento del mero-mero de Palacio, el machuch\u00f3n que estrena trajes de color y corbatas de marca y ya se bolea los zapatos y cuida que el cuello de la camisa no se salga por encima de la solapa del saco. Bueno.<\/p>\n\n\n\n<p class=\"wp-block-paragraph\">\u00a1Ah! Y si alguna duda hay de c\u00f3mo se maneja esta maquinaria propagand\u00edstica, echada a andar para descalificar al opositor, al inc\u00f3modo cr\u00edtico, don Chucho Ram\u00edrez, como no queriendo public\u00f3 datos del financiamiento que recibe Art\u00edculo 19 y de pasadita a su ex director durante 10 a\u00f1os, Dar\u00edo Ram\u00edrez, lo ubic\u00f3 en la vocer\u00eda de la organizaci\u00f3n Mexicanos Contra la Corrupci\u00f3n. O sea.<\/p>\n\n\n\n<p class=\"wp-block-paragraph\">Visto en este escenario del uso del poder en la falaz declaraci\u00f3n matutina, la c\u00ednica y perversa complicidad y encubrimiento de funcionarios corruptos de la 4T, vale preguntar al licenciado L\u00f3pez Obrador \u00bfde qu\u00e9 lado nos ponemos? \u00bfEncubrimos a Sanjuana y Manuel Bartlett y et al? \u00bfLe aplaudimos sus disertaciones y divagaciones ma\u00f1aneras? \u00bfO nos mantenemos en este lado del periodismo que hemos ejercido durante m\u00e1s de cuatro d\u00e9cadas y que a usted no le gusta? Digo.<\/p>\n\n\n\n<p class=\"wp-block-paragraph\"><a href=\"mailto:sanchezlimon@gmail.com\" target=\"_blank\" rel=\"noreferrer noopener\">sanchezlimon@gmail.com<\/a><\/p>\n\n\n\n<p class=\"wp-block-paragraph\"><a href=\"http:\/\/www.entresemana.mx\/\" target=\"_blank\" rel=\"noreferrer noopener\">www.entresemana.mx<\/a><\/p>\n\n\n\n<p class=\"wp-block-paragraph\"><strong>@msanchezlimon @msanchezlimon1<\/strong><\/p>\n","protected":false},"excerpt":{"rendered":"<p> \u00bfQu\u00e9 le debe Andr\u00e9s Manuel a Sanjuana Mart\u00ednez? Dice el licenciado presidente que la actual es temporada de zopilotes porque sus adversarios andan zopiloteando.<\/p>\n","protected":false},"author":3,"featured_media":15805,"comment_status":"open","ping_status":"open","sticky":false,"template":"","format":"standard","meta":{"_monsterinsights_skip_tracking":false,"footnotes":""},"categories":[692,105,83,35],"tags":[],"class_list":["post-33981","post","type-post","status-publish","format-standard","has-post-thumbnail","category-692","category-entresemana","category-moises-sanchez-limon","category-opinion"],"_links":{"self":[{"href":"https:\/\/redsemlac.com\/semmexico\/wp-json\/wp\/v2\/posts\/33981","targetHints":{"allow":["GET"]}}],"collection":[{"href":"https:\/\/redsemlac.com\/semmexico\/wp-json\/wp\/v2\/posts"}],"about":[{"href":"https:\/\/redsemlac.com\/semmexico\/wp-json\/wp\/v2\/types\/post"}],"author":[{"embeddable":true,"href":"https:\/\/redsemlac.com\/semmexico\/wp-json\/wp\/v2\/users\/3"}],"replies":[{"embeddable":true,"href":"https:\/\/redsemlac.com\/semmexico\/wp-json\/wp\/v2\/comments?post=33981"}],"version-history":[{"count":0,"href":"https:\/\/redsemlac.com\/semmexico\/wp-json\/wp\/v2\/posts\/33981\/revisions"}],"wp:featuredmedia":[{"embeddable":true,"href":"https:\/\/redsemlac.com\/semmexico\/wp-json\/wp\/v2\/media\/15805"}],"wp:attachment":[{"href":"https:\/\/redsemlac.com\/semmexico\/wp-json\/wp\/v2\/media?parent=33981"}],"wp:term":[{"taxonomy":"category","embeddable":true,"href":"https:\/\/redsemlac.com\/semmexico\/wp-json\/wp\/v2\/categories?post=33981"},{"taxonomy":"post_tag","embeddable":true,"href":"https:\/\/redsemlac.com\/semmexico\/wp-json\/wp\/v2\/tags?post=33981"}],"curies":[{"name":"wp","href":"https:\/\/api.w.org\/{rel}","templated":true}]}}