{"id":33973,"date":"2021-04-05T09:25:35","date_gmt":"2021-04-05T15:25:35","guid":{"rendered":"https:\/\/redsemlac.com\/semmexico\/?p=33973"},"modified":"2023-07-21T16:57:11","modified_gmt":"2023-07-21T21:57:11","slug":"es-hora-que-en-el-palacio-de-la-corregidora-llegue-una-gobernadora-celia-maya-garcia","status":"publish","type":"post","link":"https:\/\/redsemlac.com\/semmexico\/es-hora-que-en-el-palacio-de-la-corregidora-llegue-una-gobernadora-celia-maya-garcia\/","title":{"rendered":"\u201cEs hora que en el Palacio de la Corregidora llegue una gobernadora\u201d, Celia Maya Garc\u00eda"},"content":{"rendered":"\n<ul class=\"wp-block-list\"><li><strong>La candidata al gobierno de Quer\u00e9taro inici\u00f3 su campa\u00f1a en la Plaza de Armas<\/strong><\/li><li><strong>Al menos 70 mil mujeres en la contienda<\/strong><\/li><\/ul>\n\n\n\n<p class=\"wp-block-paragraph\"><strong>Por: Lizbeth \u00c1lvarez Mart\u00ednez.<\/strong><\/p>\n\n\n\n<p class=\"wp-block-paragraph\">SemM\u00e9xico. Cd. de M\u00e9xico. 05 de abril&nbsp; 2021.- En esta contienda electoral que inicio las primeras horas de este 4 de abril, destaca la participaci\u00f3n de muchas &nbsp;mujeres, el 50 por ciento de las listas, ya que las autoridades electorales vigilan que se cumpla con la &nbsp;paridad de g\u00e9nero en las postulaciones como lo establece la Constituci\u00f3n.<\/p>\n\n\n\n<p class=\"wp-block-paragraph\">Por el partido Movimiento de Regeneraci\u00f3n Nacional (Morena),&nbsp; Celia Maya Garc\u00eda, es candidata al gobierno de Quer\u00e9taro, una de 7 en distintas entidades del pa\u00eds, por el partido oficial.<\/p>\n\n\n\n<p class=\"wp-block-paragraph\">Maya Garc\u00eda, &nbsp;licenciada en Derecho por la Universidad Aut\u00f3noma de Quer\u00e9taro y maestra en Derecho Fiscal por la misma universidad, donde concluy\u00f3 el grado de &nbsp;doctorado en Derecho.<\/p>\n\n\n\n<p class=\"wp-block-paragraph\">Tiene adem\u00e1s otra maestr\u00eda en Impuestos en la Facultad de Contabilidad y Administraci\u00f3n de la Universidad Aut\u00f3noma de Quer\u00e9taro, lugar donde tuvo el t\u00edtulo como contadora p\u00fablica. Adem\u00e1s de una tercera maestr\u00eda en Derecho Procesal Penal por el Centro de Estudios de Postgrado en Puebla.<\/p>\n\n\n\n<p class=\"wp-block-paragraph\">Al iniciar su campa\u00f1a en la Plaza de Armas de la entidad, entre los aplausos y m\u00fasica de banda, destac\u00f3 la participaci\u00f3n de las mujeres como candidatas a los diversos cargos de elecci\u00f3n popular.<\/p>\n\n\n\n<p class=\"wp-block-paragraph\">\u201cM\u00e1s mujeres se suman a la participaci\u00f3n pol\u00edtica como candidatas a los diversos cargos de elecci\u00f3n popular. Llego la hora de que al Palacio de la Corregidora llegue una mujer como gobernadora\u201d, as\u00ed fue su discurso al dar inicio a su campa\u00f1a para conseguir la gubernatura del estado.<\/p>\n\n\n\n<p class=\"wp-block-paragraph\">Adem\u00e1s dijo tener los reconocimientos,&nbsp; trayectoria y&nbsp; visi\u00f3n para ser la pr\u00f3xima gobernadora de Quer\u00e9taro a sus 71 a\u00f1os de edad.<\/p>\n\n\n\n<p class=\"wp-block-paragraph\">Tambi\u00e9n expres\u00f3 durante su discurso que ser\u00e1 una campa\u00f1a positiva, abierta, dialogante e inclusiva que busca generar la esperanza de transformaci\u00f3n que necesita el Estado.<\/p>\n\n\n\n<p class=\"wp-block-paragraph\">Como en 9 entidades del pa\u00eds, ayer se iniciaron las campa\u00f1as que terminar\u00e1n el 2 de junio pr\u00f3ximo. La elecci\u00f3n es el 6 de ese mes. M\u00e1s de 70 mil mujeres participar\u00e1n en busca de alg\u00fan lugar entre los m\u00e1s de 20 mil puestos que estar\u00e1n en juego, por eso &nbsp;as\u00ed&nbsp; inici\u00f3 la candidata de Morena su campa\u00f1a electoral rumbo a la gubernatura, en una entidad de muy dif\u00edcil competencia para su partido.<\/p>\n\n\n\n<p class=\"wp-block-paragraph\">Cabe destacar que La Casa de la Corregidora es un edificio y Monumento hist\u00f3rico del centro de Santiago de Quer\u00e9taro construido en el siglo XVIII, que se utiliz\u00f3 como Casa Real y C\u00e1rcel. Desde 1981 es el Palacio de Gobierno de Quer\u00e9taro, sede del Poder Ejecutivo del Estado.<\/p>\n","protected":false},"excerpt":{"rendered":"<p>Al iniciar su campa\u00f1a en la Plaza de Armas de la entidad, entre los aplausos y m\u00fasica de banda, destac\u00f3 la participaci\u00f3n de las mujeres como candidatas a los diversos cargos de elecci\u00f3n popular.<\/p>\n","protected":false},"author":3,"featured_media":33974,"comment_status":"open","ping_status":"open","sticky":false,"template":"","format":"standard","meta":{"_monsterinsights_skip_tracking":false,"footnotes":""},"categories":[692,141],"tags":[],"class_list":["post-33973","post","type-post","status-publish","format-standard","has-post-thumbnail","category-692","category-elecciones-2020-2021"],"_links":{"self":[{"href":"https:\/\/redsemlac.com\/semmexico\/wp-json\/wp\/v2\/posts\/33973","targetHints":{"allow":["GET"]}}],"collection":[{"href":"https:\/\/redsemlac.com\/semmexico\/wp-json\/wp\/v2\/posts"}],"about":[{"href":"https:\/\/redsemlac.com\/semmexico\/wp-json\/wp\/v2\/types\/post"}],"author":[{"embeddable":true,"href":"https:\/\/redsemlac.com\/semmexico\/wp-json\/wp\/v2\/users\/3"}],"replies":[{"embeddable":true,"href":"https:\/\/redsemlac.com\/semmexico\/wp-json\/wp\/v2\/comments?post=33973"}],"version-history":[{"count":0,"href":"https:\/\/redsemlac.com\/semmexico\/wp-json\/wp\/v2\/posts\/33973\/revisions"}],"wp:featuredmedia":[{"embeddable":true,"href":"https:\/\/redsemlac.com\/semmexico\/wp-json\/wp\/v2\/media\/33974"}],"wp:attachment":[{"href":"https:\/\/redsemlac.com\/semmexico\/wp-json\/wp\/v2\/media?parent=33973"}],"wp:term":[{"taxonomy":"category","embeddable":true,"href":"https:\/\/redsemlac.com\/semmexico\/wp-json\/wp\/v2\/categories?post=33973"},{"taxonomy":"post_tag","embeddable":true,"href":"https:\/\/redsemlac.com\/semmexico\/wp-json\/wp\/v2\/tags?post=33973"}],"curies":[{"name":"wp","href":"https:\/\/api.w.org\/{rel}","templated":true}]}}