{"id":33968,"date":"2021-04-05T09:18:14","date_gmt":"2021-04-05T15:18:14","guid":{"rendered":"https:\/\/redsemlac.com\/semmexico\/?p=33968"},"modified":"2023-07-21T16:57:11","modified_gmt":"2023-07-21T21:57:11","slug":"ahora-dos-adolescentes-se-escapan-de-casa-dif-de-morelos","status":"publish","type":"post","link":"https:\/\/redsemlac.com\/semmexico\/ahora-dos-adolescentes-se-escapan-de-casa-dif-de-morelos\/","title":{"rendered":"Ahora dos adolescentes se escapan de CASA DIF de Morelos"},"content":{"rendered":"\n<ul class=\"wp-block-list\"><li><strong>Est\u00e1n desaparecidas&nbsp;y contin\u00faan las irregularidades investigadas por la Fiscal\u00eda Anticorrupci\u00f3n<\/strong><\/li><li><strong>Se queja la madre de una de las desaparecidas<\/strong><\/li><\/ul>\n\n\n\n<p class=\"wp-block-paragraph\"><strong>Estrella Pedroza&nbsp;<\/strong><\/p>\n\n\n\n<p class=\"wp-block-paragraph\">SemM\u00e9xico, Cuernavaca, Morelos, 5 de abril 2021.- Al menos dos &nbsp;menores de edad, bajo custodia del&nbsp;Sistema DIF Morelos &nbsp;que preside Natalia Rezende Moreira, esposa del gobernador &nbsp;Cuauht\u00e9moc Blanco Bravo, se escaparon&nbsp;Centro de Asistencia Social para los Adolescentes (CASA) y hasta el momento permanecen desaparecidas.&nbsp;<\/p>\n\n\n\n<p class=\"wp-block-paragraph\">Lo anterior, &nbsp;ocurre &nbsp;en medio de investigaciones &nbsp;por tortura y violaciones a derechos de adolescentes, &nbsp;hombres y mujeres, &nbsp;por parte de polic\u00edas al interior del CEDIF en septiembre del 2020; y diversas omisiones.&nbsp;<\/p>\n\n\n\n<p class=\"wp-block-paragraph\">El escape de las menores ocurri\u00f3 la noche del s\u00e1bado, 3 de abril, &nbsp;cuando lograron romper&nbsp;&nbsp;una malla de protecci\u00f3n que resguarda al centro (CASA), logrando salir de las instalaciones.&nbsp;<\/p>\n\n\n\n<p class=\"wp-block-paragraph\">Seg\u00fan informes de&nbsp;la&nbsp;Fiscal\u00eda Anticorrupci\u00f3n, &nbsp;las autoridades de dicho centro guardaron silencio y no avisaron a la familia de una de ellas.&nbsp;<\/p>\n\n\n\n<p class=\"wp-block-paragraph\">As\u00ed consta en la indagatoria que se inici\u00f3 &nbsp;contra el Sistema DIF Morelos por la presunta omisi\u00f3n en el cuidado de dos menores.&nbsp;<\/p>\n\n\n\n<p class=\"wp-block-paragraph\">\u00abLa noche de este s\u00e1bado, la Fiscal\u00eda Anticorrupci\u00f3n recibi\u00f3 la denuncia de la madre de una menor, quien se\u00f1al\u00f3 que otra mujer le avis\u00f3 que su hija y la hija de ella, escaparon del CASA, sin embargo, ella no recibi\u00f3 el aviso por parte del DIF Morelos\u00bb, informaron autoridades mediante un comunicado &nbsp;oficial.&nbsp;<\/p>\n\n\n\n<p class=\"wp-block-paragraph\">Agregan:<\/p>\n\n\n\n<p class=\"wp-block-paragraph\">\u00abLa madre de la menor intent\u00f3 comunicarse con el personal del Centro y despu\u00e9s de varios intentos, la responsable en turno le contest\u00f3 y confirm\u00f3 que las menores llevaban desaparecidas alrededor de cinco horas\u00bb.<\/p>\n\n\n\n<p class=\"wp-block-paragraph\">La madre de la menor denunci\u00f3 que personal del DIF Morelos presuntamente intent\u00f3 justificar la omisi\u00f3n en el cuidado de los menores internos en el CASA, al decirle &nbsp;que \u00bb los adolescentes investigan cada rinc\u00f3n del albergue y as\u00ed se escapan, adem\u00e1s que la responsabilidad de saber d\u00f3nde est\u00e1n sus hijos, es de los padres\u00bb.&nbsp;<\/p>\n\n\n\n<p class=\"wp-block-paragraph\">Hasta el cierre de esta edici\u00f3n se desconoce del paradero de las menores.&nbsp;<\/p>\n\n\n\n<p class=\"wp-block-paragraph\">La &nbsp;Fiscal\u00eda Anticorrupci\u00f3n &nbsp;consider\u00f3 que \u00bb el hecho deriva en desaparici\u00f3n forzada\u00bb y &nbsp; se canaliz\u00f3 a la madre de la menor &nbsp;a la Fiscal\u00eda Especializada en Desaparici\u00f3n Forzada de Personas para que realice los protocolos pertinentes.<\/p>\n\n\n\n<p class=\"wp-block-paragraph\">Esta denuncia, &nbsp;se suma a las investigaciones que ya realiza la Fiscal\u00eda Anticorrupci\u00f3n por distintas irregularidades ocurridas en el albergue de menores, ya que como dimos cuenta en este espacio, en d\u00edas pasados se advirti\u00f3 de la presunta desaparici\u00f3n de 14 adolescentes que estaban ingresados en el CASA.<\/p>\n\n\n\n<p class=\"wp-block-paragraph\">Aunado a los hechos ocurridos el primero de septiembre del 2020, cuando personal del Sistema DIF Morelos y de la Comisi\u00f3n Estatal de Seguridad (CES) presuntamente torturaron a los menores internos en el albergue, oblig\u00e1ndolos a hincarse frente a una pared, los desnudaron y los maniataron; y por ello las Comisiones Nacional y Estatal de los Derechos Humanos, han intervenido en el caso.&nbsp;<\/p>\n\n\n\n<p class=\"wp-block-paragraph\">En tanto la Organizaci\u00f3n de las Naciones Unidas (ONU) ha hecho un llamado al Gobierno de Morelos a garantizar los derechos de los menores, y diputados y senadores han pedido una explicaci\u00f3n de lo ocurrido.<\/p>\n\n\n\n<p class=\"wp-block-paragraph\">Versi\u00f3n oficial<\/p>\n\n\n\n<p class=\"wp-block-paragraph\">Una vez que trascendi\u00f3 el tema, el Sistema DIF Morelos confirm\u00f3 &#8211; mediante un comunicado de prensa- que dos usuarias del CASA salieron de las instalaciones y permanecen desaparecidas.&nbsp;<\/p>\n\n\n\n<p class=\"wp-block-paragraph\">\u00abSe emiti\u00f3 la Alerta Amber para su pronta localizaci\u00f3n\u00bb, se lee en la misiva.&nbsp;<\/p>\n\n\n\n<p class=\"wp-block-paragraph\">Y pese a que &nbsp;la madre de la una de las adolescentes denunci\u00f3 que no fue avisada por las autoridades.&nbsp;<\/p>\n\n\n\n<p class=\"wp-block-paragraph\">El DIF Morelos, &nbsp;asegura lo siguiente:&nbsp;<\/p>\n\n\n\n<p class=\"wp-block-paragraph\">\u00abAl percatarse, los colaboradores del Centro actuaron de manera inmediata, ejecutando el protocolo de b\u00fasqueda en las inmediaciones y en el municipio, al mismo tiempo que avisaron a sus familiares, al C5 Morelos y a la Fiscal\u00eda General del Estado\u00bb.&nbsp;<\/p>\n\n\n\n<p class=\"wp-block-paragraph\">No obstante, informa que ya se implementaron las acciones necesarias para verificar lo sucedido y as\u00ed delimitar la probable responsabilidad y, en su caso, realizar las denuncias correspondientes.<\/p>\n","protected":false},"excerpt":{"rendered":"<p>Est\u00e1n desaparecidas y contin\u00faan las irregularidades investigadas por la Fiscal\u00eda Anticorrupci\u00f3n<\/p>\n","protected":false},"author":3,"featured_media":33969,"comment_status":"open","ping_status":"open","sticky":false,"template":"","format":"standard","meta":{"_monsterinsights_skip_tracking":false,"footnotes":""},"categories":[692,54],"tags":[],"class_list":["post-33968","post","type-post","status-publish","format-standard","has-post-thumbnail","category-692","category-mujeres"],"_links":{"self":[{"href":"https:\/\/redsemlac.com\/semmexico\/wp-json\/wp\/v2\/posts\/33968","targetHints":{"allow":["GET"]}}],"collection":[{"href":"https:\/\/redsemlac.com\/semmexico\/wp-json\/wp\/v2\/posts"}],"about":[{"href":"https:\/\/redsemlac.com\/semmexico\/wp-json\/wp\/v2\/types\/post"}],"author":[{"embeddable":true,"href":"https:\/\/redsemlac.com\/semmexico\/wp-json\/wp\/v2\/users\/3"}],"replies":[{"embeddable":true,"href":"https:\/\/redsemlac.com\/semmexico\/wp-json\/wp\/v2\/comments?post=33968"}],"version-history":[{"count":0,"href":"https:\/\/redsemlac.com\/semmexico\/wp-json\/wp\/v2\/posts\/33968\/revisions"}],"wp:featuredmedia":[{"embeddable":true,"href":"https:\/\/redsemlac.com\/semmexico\/wp-json\/wp\/v2\/media\/33969"}],"wp:attachment":[{"href":"https:\/\/redsemlac.com\/semmexico\/wp-json\/wp\/v2\/media?parent=33968"}],"wp:term":[{"taxonomy":"category","embeddable":true,"href":"https:\/\/redsemlac.com\/semmexico\/wp-json\/wp\/v2\/categories?post=33968"},{"taxonomy":"post_tag","embeddable":true,"href":"https:\/\/redsemlac.com\/semmexico\/wp-json\/wp\/v2\/tags?post=33968"}],"curies":[{"name":"wp","href":"https:\/\/api.w.org\/{rel}","templated":true}]}}